{"id":9958,"date":"2013-11-22T18:12:27","date_gmt":"2013-11-22T17:12:27","guid":{"rendered":"http:\/\/ritmy.fr\/essais\/?p=9958"},"modified":"2013-11-28T15:07:33","modified_gmt":"2013-11-28T14:07:33","slug":"lalbum-photos-du-concert-musique-oblique-du-17-novembre-a-mere","status":"publish","type":"post","link":"https:\/\/ritmy.fr\/essais\/lalbum-photos-du-concert-musique-oblique-du-17-novembre-a-mere\/","title":{"rendered":"L&rsquo;album photos du concert &lsquo;Musique Oblique&rsquo; du 17 novembre \u00e0 M\u00e9r\u00e9"},"content":{"rendered":"<h1><span style=\"color: #333399;\"><strong>Voici quelques moments privil\u00e9gi\u00e9s du concert, et de l&rsquo;avant concert&#8230;\u00a0<\/strong><\/span><\/h1>\n<h3><strong>Dans l&rsquo;apr\u00e8s-midi, <strong>r\u00e9p\u00e9tition&#8230;\u00a0<\/strong>dans la bonne humeur<\/strong><\/h3>\n<div id=\"attachment_9979\" style=\"width: 396px\" class=\"wp-caption aligncenter\"><a href=\"https:\/\/ritmy.fr\/essais\/wp-content\/uploads\/2013\/11\/Photos-concerts-RITMY-08.jpg\"><img loading=\"lazy\" decoding=\"async\" aria-describedby=\"caption-attachment-9979\" class=\"wp-image-9979 \" alt=\"Photos concerts RITMY - 08\" src=\"https:\/\/ritmy.fr\/essais\/wp-content\/uploads\/2013\/11\/Photos-concerts-RITMY-08.jpg\" width=\"396\" height=\"250\" srcset=\"https:\/\/ritmy.fr\/essais\/wp-content\/uploads\/2013\/11\/Photos-concerts-RITMY-08.jpg 500w, https:\/\/ritmy.fr\/essais\/wp-content\/uploads\/2013\/11\/Photos-concerts-RITMY-08-300x189.jpg 300w\" sizes=\"auto, (max-width: 396px) 100vw, 396px\" \/><\/a><p id=\"caption-attachment-9979\" class=\"wp-caption-text\">Musique Oblique en r\u00e9p\u00e9tition<\/p><\/div>\n<div id=\"attachment_9980\" style=\"width: 360px\" class=\"wp-caption aligncenter\"><a href=\"https:\/\/ritmy.fr\/essais\/wp-content\/uploads\/2013\/11\/Photos-concerts-RITMY-09.jpg\"><img loading=\"lazy\" decoding=\"async\" aria-describedby=\"caption-attachment-9980\" class=\"wp-image-9980  \" alt=\"Photos concerts RITMY - 09\" src=\"https:\/\/ritmy.fr\/essais\/wp-content\/uploads\/2013\/11\/Photos-concerts-RITMY-09.jpg\" width=\"360\" height=\"241\" srcset=\"https:\/\/ritmy.fr\/essais\/wp-content\/uploads\/2013\/11\/Photos-concerts-RITMY-09.jpg 500w, https:\/\/ritmy.fr\/essais\/wp-content\/uploads\/2013\/11\/Photos-concerts-RITMY-09-300x201.jpg 300w\" sizes=\"auto, (max-width: 360px) 100vw, 360px\" \/><\/a><p id=\"caption-attachment-9980\" class=\"wp-caption-text\">Fr\u00e9d\u00e9ric Laroque (violon) et Daniel Vagner (alto)<\/p><\/div>\n<p>&nbsp;<\/p>\n<h3><strong>et l&rsquo;heure du concert approche&#8230;<\/strong><\/h3>\n<div id=\"attachment_9993\" style=\"width: 299px\" class=\"wp-caption alignleft\"><a href=\"https:\/\/ritmy.fr\/essais\/wp-content\/uploads\/2013\/11\/DSC_1327_CNX2_red-2.jpg\"><img loading=\"lazy\" decoding=\"async\" aria-describedby=\"caption-attachment-9993\" class=\"wp-image-9993   \" alt=\"Concert Ensemble Musique Oblique \u00e0 l'\u00e9glise de M\u00e9r\u00e9 le 17 novembre 2013\" src=\"https:\/\/ritmy.fr\/essais\/wp-content\/uploads\/2013\/11\/DSC_1327_CNX2_red-2.jpg\" width=\"299\" height=\"201\" \/><\/a><p id=\"caption-attachment-9993\" class=\"wp-caption-text\">Les premiers fans&#8230; dans la belle \u00e9glise Saint Denis<\/p><\/div>\n<div id=\"attachment_9973\" style=\"width: 288px\" class=\"wp-caption alignright\"><a href=\"https:\/\/ritmy.fr\/essais\/wp-content\/uploads\/2013\/11\/DSC_1333_CNX2_red.jpg\"><img loading=\"lazy\" decoding=\"async\" aria-describedby=\"caption-attachment-9973\" class=\"wp-image-9973  \" alt=\"Concert Ensemble Musique Oblique \u00e0 l'\u00e9glise de M\u00e9r\u00e9 le 17 novembre 2013\" src=\"https:\/\/ritmy.fr\/essais\/wp-content\/uploads\/2013\/11\/DSC_1333_CNX2_red.jpg\" width=\"288\" height=\"193\" srcset=\"https:\/\/ritmy.fr\/essais\/wp-content\/uploads\/2013\/11\/DSC_1333_CNX2_red.jpg 500w, https:\/\/ritmy.fr\/essais\/wp-content\/uploads\/2013\/11\/DSC_1333_CNX2_red-300x200.jpg 300w\" sizes=\"auto, (max-width: 288px) 100vw, 288px\" \/><\/a><p id=\"caption-attachment-9973\" class=\"wp-caption-text\">Roland CAMPO pr\u00e9sente le concert<\/p><\/div>\n<p>&nbsp;<\/p>\n<p>&nbsp;<\/p>\n<p>&nbsp;<\/p>\n<p>&nbsp;<\/p>\n<p>&nbsp;<\/p>\n<p>&nbsp;<\/p>\n<p>&nbsp;<\/p>\n<p>&nbsp;<\/p>\n<p>&nbsp;<\/p>\n<h3><strong>1\u00e8re partie : le <em>romantique<\/em> Quintette pour clarinette et quatuor \u00e0 cordes op.115 de Johannes BRAHMS<\/strong><\/h3>\n<div id=\"attachment_9974\" style=\"width: 400px\" class=\"wp-caption aligncenter\"><a href=\"https:\/\/ritmy.fr\/essais\/wp-content\/uploads\/2013\/11\/DSC_1334_CNX2_red.jpg\"><img loading=\"lazy\" decoding=\"async\" aria-describedby=\"caption-attachment-9974\" class=\" wp-image-9974  \" alt=\"Concert Ensemble Musique Oblique \u00e0 l'\u00e9glise de M\u00e9r\u00e9 le 17 novembre 2013\" src=\"https:\/\/ritmy.fr\/essais\/wp-content\/uploads\/2013\/11\/DSC_1334_CNX2_red.jpg\" width=\"400\" height=\"267\" srcset=\"https:\/\/ritmy.fr\/essais\/wp-content\/uploads\/2013\/11\/DSC_1334_CNX2_red.jpg 500w, https:\/\/ritmy.fr\/essais\/wp-content\/uploads\/2013\/11\/DSC_1334_CNX2_red-300x200.jpg 300w\" sizes=\"auto, (max-width: 400px) 100vw, 400px\" \/><\/a><p id=\"caption-attachment-9974\" class=\"wp-caption-text\">Diana Ligeti pr\u00e9sente la premi\u00e8re oeuvre : le quintette avec clarinette op.115 de J.BRAHMS<\/p><\/div>\n<p><strong>\u00a0<\/strong><\/p>\n<div id=\"attachment_9981\" style=\"width: 270px\" class=\"wp-caption alignleft\"><a href=\"https:\/\/ritmy.fr\/essais\/wp-content\/uploads\/2013\/11\/Concert-RITMY-M\u00e9r\u00e9-17-11-13-0122.jpg\"><img loading=\"lazy\" decoding=\"async\" aria-describedby=\"caption-attachment-9981\" class=\" wp-image-9981 \" alt=\"Concert-RITMY-M\u00e9r\u00e9-17-11-13-0122\" src=\"https:\/\/ritmy.fr\/essais\/wp-content\/uploads\/2013\/11\/Concert-RITMY-M\u00e9r\u00e9-17-11-13-0122.jpg\" width=\"270\" height=\"203\" \/><\/a><p id=\"caption-attachment-9981\" class=\"wp-caption-text\">La clarinette virtuose de R\u00e9mi Lerner<\/p><\/div>\n<div id=\"attachment_9897\" style=\"width: 360px\" class=\"wp-caption alignright\"><a href=\"https:\/\/ritmy.fr\/essais\/wp-content\/uploads\/2013\/11\/Concert-RITMY-M\u00e9r\u00e9-17-11-13-016-e1385067143700.jpg\"><img loading=\"lazy\" decoding=\"async\" aria-describedby=\"caption-attachment-9897\" class=\"wp-image-9897 \" alt=\"Le quatuor \u00e0 cordes et la clarinette virtuose de R\u00e9mi LERNER...\" src=\"https:\/\/ritmy.fr\/essais\/wp-content\/uploads\/2013\/11\/Concert-RITMY-M\u00e9r\u00e9-17-11-13-016-e1385067143700.jpg\" width=\"360\" height=\"270\" \/><\/a><p id=\"caption-attachment-9897\" class=\"wp-caption-text\">Le quatuor \u00e0 cordes et la clarinette de R\u00e9mi LERNER&#8230;<\/p><\/div>\n<p>&nbsp;<\/p>\n<p>&nbsp;<\/p>\n<p>&nbsp;<\/p>\n<p>&nbsp;<\/p>\n<p>&nbsp;<\/p>\n<p>&nbsp;<\/p>\n<p>&nbsp;<\/p>\n<p>&nbsp;<\/p>\n<p>&nbsp;<\/p>\n<p>&nbsp;<\/p>\n<p>&nbsp;<\/p>\n<p>&nbsp;<\/p>\n<h3><strong>2i\u00e8me partie : le <em>dynamique<\/em> Quatuor \u00e0 cordes et piano en la majeur op.81 d&rsquo;Anton DVORAK<\/strong><\/h3>\n<p><a style=\"color: #074d7c; cursor: pointer;\" href=\"https:\/\/ritmy.fr\/essais\/wp-content\/uploads\/2013\/11\/DSC_1336_CNX2_red.jpg\"><img loading=\"lazy\" decoding=\"async\" class=\"wp-image-9975 alignleft\" alt=\"Concert Ensemble Musique Oblique \u00e0 l'\u00e9glise de M\u00e9r\u00e9 le 17 novembre 2013\" src=\"https:\/\/ritmy.fr\/essais\/wp-content\/uploads\/2013\/11\/DSC_1336_CNX2_red.jpg\" width=\"320\" height=\"214\" srcset=\"https:\/\/ritmy.fr\/essais\/wp-content\/uploads\/2013\/11\/DSC_1336_CNX2_red.jpg 500w, https:\/\/ritmy.fr\/essais\/wp-content\/uploads\/2013\/11\/DSC_1336_CNX2_red-300x200.jpg 300w\" sizes=\"auto, (max-width: 320px) 100vw, 320px\" \/><\/a><\/p>\n<p><img loading=\"lazy\" decoding=\"async\" class=\" wp-image-9977 alignright\" alt=\"Concert Ensemble Musique Oblique \u00e0 l'\u00e9glise de M\u00e9r\u00e9 le 17 novembre 2013\" src=\"https:\/\/ritmy.fr\/essais\/wp-content\/uploads\/2013\/11\/DSC_1341_CNX2_red.jpg\" width=\"315\" height=\"211\" srcset=\"https:\/\/ritmy.fr\/essais\/wp-content\/uploads\/2013\/11\/DSC_1341_CNX2_red.jpg 500w, https:\/\/ritmy.fr\/essais\/wp-content\/uploads\/2013\/11\/DSC_1341_CNX2_red-300x200.jpg 300w\" sizes=\"auto, (max-width: 315px) 100vw, 315px\" \/><\/p>\n<p>&nbsp;<\/p>\n<p>&nbsp;<\/p>\n<p>&nbsp;<\/p>\n<p>&nbsp;<\/p>\n<p>&nbsp;<\/p>\n<p>&nbsp;<\/p>\n<p>&nbsp;<\/p>\n<p>&nbsp;<\/p>\n<p>&nbsp;<\/p>\n<div id=\"attachment_9976\" style=\"width: 500px\" class=\"wp-caption aligncenter\"><a href=\"https:\/\/ritmy.fr\/essais\/wp-content\/uploads\/2013\/11\/DSC_1339_CNX2_red.jpg\"><img loading=\"lazy\" decoding=\"async\" aria-describedby=\"caption-attachment-9976\" class=\" wp-image-9976  \" alt=\"Concert Ensemble Musique Oblique \u00e0 l'\u00e9glise de M\u00e9r\u00e9 le 17 novembre 2013\" src=\"https:\/\/ritmy.fr\/essais\/wp-content\/uploads\/2013\/11\/DSC_1339_CNX2_red.jpg\" width=\"500\" height=\"334\" srcset=\"https:\/\/ritmy.fr\/essais\/wp-content\/uploads\/2013\/11\/DSC_1339_CNX2_red.jpg 500w, https:\/\/ritmy.fr\/essais\/wp-content\/uploads\/2013\/11\/DSC_1339_CNX2_red-300x200.jpg 300w\" sizes=\"auto, (max-width: 500px) 100vw, 500px\" \/><\/a><p id=\"caption-attachment-9976\" class=\"wp-caption-text\">Ovation pour la magnifique interpr\u00e9tation de ce quatuor \u00e0 cordes et piano de Dvorak !<\/p><\/div>\n<h3>\u00a0<strong>C\u00e0 m\u00e9rite au moins un rappel !<\/strong><\/h3>\n<div id=\"attachment_9978\" style=\"width: 500px\" class=\"wp-caption aligncenter\"><a href=\"https:\/\/ritmy.fr\/essais\/wp-content\/uploads\/2013\/11\/DSC_1343_CNX2_red.jpg\"><img loading=\"lazy\" decoding=\"async\" aria-describedby=\"caption-attachment-9978\" class=\"size-full wp-image-9978\" alt=\"Concert Ensemble Musique Oblique \u00e0 l'\u00e9glise de M\u00e9r\u00e9 le 17 novembre 2013\" src=\"https:\/\/ritmy.fr\/essais\/wp-content\/uploads\/2013\/11\/DSC_1343_CNX2_red.jpg\" width=\"500\" height=\"334\" srcset=\"https:\/\/ritmy.fr\/essais\/wp-content\/uploads\/2013\/11\/DSC_1343_CNX2_red.jpg 500w, https:\/\/ritmy.fr\/essais\/wp-content\/uploads\/2013\/11\/DSC_1343_CNX2_red-300x200.jpg 300w\" sizes=\"auto, (max-width: 500px) 100vw, 500px\" \/><\/a><p id=\"caption-attachment-9978\" class=\"wp-caption-text\">L&rsquo;ensemble Musique Oblique au complet salue le public&#8230;<\/p><\/div>\n<p>&nbsp;<\/p>\n<h3 style=\"text-align: justify;\"><span style=\"color: #333399;\"><strong>Des oeuvres remarquables de 2 compositeurs majeurs de la musique du 19i\u00e8me, magnifiquement interpr\u00e9t\u00e9es par l&rsquo;Ensemble MUSIQUE OBLIQUE\u00a0! \u00a0Un bien beau moment qui se termine&#8230;<\/strong><\/span><\/h3>\n<p style=\"text-align: center;\"><strong>\u00a0<\/strong><\/p>\n<h3><span style=\"color: #ff0000;\"><strong>Ne manquez pas nos prochains concerts Ritmy, que vous pouvez d\u00e9couvrir dans la rubrique <span style=\"text-decoration: underline;\"><em><a title=\"TOUT SUR LES 24i\u00e8mes SAISONS \u2026\" href=\"https:\/\/ritmy.fr\/essais\/concerts-2\/tout-sur-les-24iemes-saisons\/\" target=\"_blank\">&lsquo;Vos concerts&rsquo;<\/a><\/em><\/span>.<\/strong><\/span><\/h3>\n<p style=\"text-align: center;\"><strong>********<\/strong><\/p>\n<p>Si vous voulez r\u00e9agir, nous proposer ou nous demander une \u0153uvre, commenter ou signaler un \u00e9v\u00e9nement dans les Yvelines \u2026 l&rsquo;adresse courriel de\u00a0<strong>RITMY<\/strong>\u00a0est faite pour vous !<\/p>\n<p style=\"text-align: center;\"><a href=\"mailto:contact.ritmy@gmail.com\"><strong>contact.ritmy@gmail.com<\/strong><\/a><\/p>\n<p>&nbsp;<\/p>\n","protected":false},"excerpt":{"rendered":"<p>Voici quelques moments privil\u00e9gi\u00e9s du concert, et de l&rsquo;avant concert&#8230;\u00a0 Dans l&rsquo;apr\u00e8s-midi, r\u00e9p\u00e9tition&#8230;\u00a0dans la bonne humeur &nbsp; et l&rsquo;heure du concert approche&#8230; &nbsp; &nbsp; &nbsp; &nbsp; &nbsp; &nbsp; &nbsp; &nbsp; &nbsp; 1\u00e8re partie : le romantique Quintette pour clarinette et quatuor \u00e0 cordes op.115 de Johannes BRAHMS \u00a0 &nbsp; &nbsp; &nbsp; &nbsp; &nbsp; &nbsp; &nbsp; &hellip; <\/p>\n<p><a class=\"more-link btn\" href=\"https:\/\/ritmy.fr\/essais\/lalbum-photos-du-concert-musique-oblique-du-17-novembre-a-mere\/\">Lire la suite<\/a><\/p>\n","protected":false},"author":3,"featured_media":0,"comment_status":"closed","ping_status":"closed","sticky":false,"template":"","format":"standard","meta":{"footnotes":""},"categories":[3,4,6,1],"tags":[68,25,56,69],"class_list":["post-9958","post","type-post","status-publish","format-standard","hentry","category-les-oeuvres","category-concerts","category-les-musiciens","category-ritmy","tag-brahms","tag-dvorak","tag-mere","tag-musique-oblique","nodate","item-wrap"],"_links":{"self":[{"href":"https:\/\/ritmy.fr\/essais\/wp-json\/wp\/v2\/posts\/9958","targetHints":{"allow":["GET"]}}],"collection":[{"href":"https:\/\/ritmy.fr\/essais\/wp-json\/wp\/v2\/posts"}],"about":[{"href":"https:\/\/ritmy.fr\/essais\/wp-json\/wp\/v2\/types\/post"}],"author":[{"embeddable":true,"href":"https:\/\/ritmy.fr\/essais\/wp-json\/wp\/v2\/users\/3"}],"replies":[{"embeddable":true,"href":"https:\/\/ritmy.fr\/essais\/wp-json\/wp\/v2\/comments?post=9958"}],"version-history":[{"count":35,"href":"https:\/\/ritmy.fr\/essais\/wp-json\/wp\/v2\/posts\/9958\/revisions"}],"predecessor-version":[{"id":10022,"href":"https:\/\/ritmy.fr\/essais\/wp-json\/wp\/v2\/posts\/9958\/revisions\/10022"}],"wp:attachment":[{"href":"https:\/\/ritmy.fr\/essais\/wp-json\/wp\/v2\/media?parent=9958"}],"wp:term":[{"taxonomy":"category","embeddable":true,"href":"https:\/\/ritmy.fr\/essais\/wp-json\/wp\/v2\/categories?post=9958"},{"taxonomy":"post_tag","embeddable":true,"href":"https:\/\/ritmy.fr\/essais\/wp-json\/wp\/v2\/tags?post=9958"}],"curies":[{"name":"wp","href":"https:\/\/api.w.org\/{rel}","templated":true}]}}