{"id":9895,"date":"2013-11-18T12:10:28","date_gmt":"2013-11-18T11:10:28","guid":{"rendered":"http:\/\/ritmy.fr\/essais\/?p=9895"},"modified":"2013-12-10T12:36:10","modified_gmt":"2013-12-10T11:36:10","slug":"musique-oblique-a-mere","status":"publish","type":"post","link":"https:\/\/ritmy.fr\/essais\/musique-oblique-a-mere\/","title":{"rendered":"\u00ab\u00a0Musique Oblique\u00a0\u00bb \u00e0 M\u00e9r\u00e9&#8230; droit au succ\u00e8s !"},"content":{"rendered":"<h3><span style=\"color: #333399;\"><strong>M\u00e9lomanes, fid\u00e8les de RITMY, ou tout nouveaux spectateurs, tous\u00a0ont r\u00e9serv\u00e9 un franc succ\u00e8s \u00e0 l&rsquo;ensemble \u00ab\u00a0MUSIQUE OBLIQUE\u00a0\u00bb.<\/strong><\/span><\/h3>\n<h2><strong style=\"text-align: justify; color: #2c2b2b; font-size: 12px; line-height: 18px;\">Eglise Saint Denis presque comble ce dimanche 17 novembre \u00e0 M\u00e9r\u00e9, pour un concert Brahms et Dvorak.<\/strong><\/h2>\n<p>&nbsp;<\/p>\n<div id=\"attachment_9933\" style=\"width: 400px\" class=\"wp-caption aligncenter\"><a href=\"https:\/\/ritmy.fr\/essais\/wp-content\/uploads\/2013\/11\/Concert-RITMY-M\u00e9r\u00e9-17-11-13-020-300x2251.jpg\"><img loading=\"lazy\" decoding=\"async\" aria-describedby=\"caption-attachment-9933\" class=\"size-full wp-image-9933\" alt=\"Concert-RITMY-M\u00e9r\u00e9-17-11-13-020-300x225\" src=\"https:\/\/ritmy.fr\/essais\/wp-content\/uploads\/2013\/11\/Concert-RITMY-M\u00e9r\u00e9-17-11-13-020-300x2251.jpg\" width=\"400\" height=\"300\" srcset=\"https:\/\/ritmy.fr\/essais\/wp-content\/uploads\/2013\/11\/Concert-RITMY-M\u00e9r\u00e9-17-11-13-020-300x2251.jpg 400w, https:\/\/ritmy.fr\/essais\/wp-content\/uploads\/2013\/11\/Concert-RITMY-M\u00e9r\u00e9-17-11-13-020-300x2251-300x225.jpg 300w\" sizes=\"auto, (max-width: 400px) 100vw, 400px\" \/><\/a><p id=\"caption-attachment-9933\" class=\"wp-caption-text\">Belle affluence en l&rsquo;\u00e9glise St Denis de M\u00e9r\u00e9&#8230;<\/p><\/div>\n<p>Le programme avait de quoi satisfaire les plus exigeants: le merveilleux Quintette avec clarinette et quatuor \u00e0 cordes (opus 115) de Johannes BRAHMS, ainsi que le Quintette en la majeur (opus 81), quatuor \u00e0 cordes et piano d&rsquo;Anton DVORAK ont soulev\u00e9 un r\u00e9el enthousiasme.<\/p>\n<p>Fr\u00e9d\u00e9ric LAROQUE, Martial GAUTHIER, Daniel WAGNER (violons) et Diana LIGETI (violoncelle)\u00a0ont\u00a0magistralement mis en valeur la clarinette de R\u00e9mi LERNER, puis le piano de Maria BELOOUSSOVA.<\/p>\n<p>&nbsp;<\/p>\n<div id=\"attachment_9897\" style=\"width: 300px\" class=\"wp-caption alignleft\"><a href=\"https:\/\/ritmy.fr\/essais\/wp-content\/uploads\/2013\/11\/Concert-RITMY-M\u00e9r\u00e9-17-11-13-016.jpg\"><img loading=\"lazy\" decoding=\"async\" aria-describedby=\"caption-attachment-9897\" class=\"size-medium wp-image-9897\" alt=\"Le quatuor \u00e0 cordes et la clarinette virtuose de R\u00e9mi LERNER...\" src=\"https:\/\/ritmy.fr\/essais\/wp-content\/uploads\/2013\/11\/Concert-RITMY-M\u00e9r\u00e9-17-11-13-016-300x225.jpg\" width=\"300\" height=\"225\" \/><\/a><p id=\"caption-attachment-9897\" class=\"wp-caption-text\">Le quatuor \u00e0 cordes et la clarinette virtuose de R\u00e9mi LERNER&#8230;<\/p><\/div>\n<p>&nbsp;<\/p>\n<p>&nbsp;<\/p>\n<div id=\"attachment_9908\" style=\"width: 300px\" class=\"wp-caption alignright\"><a href=\"https:\/\/ritmy.fr\/essais\/wp-content\/uploads\/2013\/11\/Concert-RITMY-M\u00e9r\u00e9-17-11-13-031.jpg\"><img loading=\"lazy\" decoding=\"async\" aria-describedby=\"caption-attachment-9908\" class=\"size-medium wp-image-9908\" alt=\"Quatuor \u00e0 cordes et piano... Accord parfait !\" src=\"https:\/\/ritmy.fr\/essais\/wp-content\/uploads\/2013\/11\/Concert-RITMY-M\u00e9r\u00e9-17-11-13-031-300x225.jpg\" width=\"300\" height=\"225\" srcset=\"https:\/\/ritmy.fr\/essais\/wp-content\/uploads\/2013\/11\/Concert-RITMY-M\u00e9r\u00e9-17-11-13-031-300x225.jpg 300w, https:\/\/ritmy.fr\/essais\/wp-content\/uploads\/2013\/11\/Concert-RITMY-M\u00e9r\u00e9-17-11-13-031-1024x768.jpg 1024w\" sizes=\"auto, (max-width: 300px) 100vw, 300px\" \/><\/a><p id=\"caption-attachment-9908\" class=\"wp-caption-text\">Quatuor \u00e0 cordes et piano&#8230; Accord parfait !<\/p><\/div>\n<p>&nbsp;<\/p>\n<p>&nbsp;<\/p>\n<p>&nbsp;<\/p>\n<p>&nbsp;<\/p>\n<p>&nbsp;<\/p>\n<p>&nbsp;<\/p>\n<p>&nbsp;<\/p>\n<p>&nbsp;<\/p>\n<p>&nbsp;<\/p>\n<p>&nbsp;<\/p>\n<p>&nbsp;<\/p>\n<p>Est-il besoin de rappeler que R\u00e9mi LERNER (membre fondateur de l&rsquo;ensemble \u00a0\u00ab\u00a0Musique Oblique\u00a0\u00bb)\u00a0est, depuis 1999, le directeur artistique des \u00ab\u00a0Journ\u00e9es RAVEL\u00a0\u00bb \u00e0 MONTFORT L&rsquo;AMAURY ? &#8230;<\/p>\n<p>&#8230;Et que Maria BELOOUSSOVA se produit sur les plus grandes sc\u00e8nes internationales (entre autres, le Carnegie Hall ou le Concertgebouw) ?<\/p>\n<p>&nbsp;<\/p>\n<div id=\"attachment_9923\" style=\"width: 270px\" class=\"wp-caption alignleft\"><a href=\"https:\/\/ritmy.fr\/essais\/wp-content\/uploads\/2013\/11\/Concert-RITMY-M\u00e9r\u00e9-17-11-13-0122-300x2251.jpg\"><img loading=\"lazy\" decoding=\"async\" aria-describedby=\"caption-attachment-9923\" class=\" wp-image-9923  \" alt=\"Concert-RITMY-M\u00e9r\u00e9-17-11-13-0122-300x225\" src=\"https:\/\/ritmy.fr\/essais\/wp-content\/uploads\/2013\/11\/Concert-RITMY-M\u00e9r\u00e9-17-11-13-0122-300x2251.jpg\" width=\"270\" height=\"203\" \/><\/a><p id=\"caption-attachment-9923\" class=\"wp-caption-text\">R\u00e9mi LERNER&#8230; Clarinette&#8230;<\/p><\/div>\n<div id=\"attachment_9924\" style=\"width: 259px\" class=\"wp-caption alignright\"><a href=\"https:\/\/ritmy.fr\/essais\/wp-content\/uploads\/2013\/11\/Concert-RITMY-M\u00e9r\u00e9-17-11-13-0341-300x2251.jpg\"><img loading=\"lazy\" decoding=\"async\" aria-describedby=\"caption-attachment-9924\" class=\"size-full wp-image-9924 \" alt=\"Concert-RITMY-M\u00e9r\u00e9-17-11-13-0341-300x225\" src=\"https:\/\/ritmy.fr\/essais\/wp-content\/uploads\/2013\/11\/Concert-RITMY-M\u00e9r\u00e9-17-11-13-0341-300x2251.jpg\" width=\"259\" height=\"220\" \/><\/a><p id=\"caption-attachment-9924\" class=\"wp-caption-text\">Maria BELOOUSSOVA&#8230; Piano&#8230;<\/p><\/div>\n<p>&nbsp;<\/p>\n<p>&nbsp;<\/p>\n<p>&nbsp;<\/p>\n<p>&nbsp;<\/p>\n<p>&nbsp;<\/p>\n<p>&nbsp;<\/p>\n<p>&nbsp;<\/p>\n<p>&nbsp;<\/p>\n<p>&nbsp;<\/p>\n<p>&nbsp;<\/p>\n<p>&nbsp;<\/p>\n<p><strong>&#8230;Vous n&rsquo;avez pu \u00eatre pr\u00e9sent \u00e0 M\u00e9r\u00e9 en ce 17 novembre ? &#8230; Pensez donc \u00e0 r\u00e9server\u00a0les prochains rendez-vous musicaux que RITMY vous propose :<\/strong><\/p>\n<ul>\n<li><strong style=\"color: #333333; font-family: arial; font-size: 13px;\">le dimanche 8 d\u00e9cembre (17h), un duo \u00ab\u00a0de choc\u00a0\u00bb : marimba (Vassilena SERAFIMOVA) et piano (Thomas ENHCO), salle Edith Piaf \u00e0 RICHEBOURG.<\/strong><\/li>\n<li><strong style=\"color: #333333; font-family: arial; font-size: 13px;\">le dimanche 19 janvier (17h), le \u00ab\u00a0quatuor CALIENTE\u00a0\u00bb (au c\u0153ur du tango nuevo!), salle des f\u00eates de MAREIL SUR MAULDRE.<\/strong><\/li>\n<\/ul>\n<h5><strong style=\"color: #333399; font-size: 14px;\">Et pensez \u00e0 offrir \u00e0 vos enfants ce spectacle fabuleux qui leur sera particuli\u00e8rement r\u00e9serv\u00e9 le dimanche 1er d\u00e9cembre : \u00ab\u00a0L&rsquo;envers des cordes\u00a0\u00bb par le quatuor \u00ab\u00a0EQUINOXE\u00a0\u00bb, 16h, salle du Pr\u00e9 Romain \u00e0 ORGERUS&#8230;<\/strong><\/h5>\n<h4><\/h4>\n<h4><strong><span style=\"color: #ff0000;\">Vous pouvez r\u00e9server vos places pour tous ces concerts dans ce site, en cliquant <span style=\"color: #3366ff;\"><em><span style=\"text-decoration: underline;\"><a title=\"VOS BILLETS (24\u00b0 Saisons)\" href=\"https:\/\/ritmy.fr\/essais\/reserver\/vos-billets\/\" target=\"_blank\"><span style=\"color: #3366ff; text-decoration: underline;\">ICI<\/span><\/a><\/span><\/em><\/span><\/span><\/strong><\/h4>\n<p>&nbsp;<\/p>\n<p style=\"text-align: center;\"><strong>***********<\/strong><\/p>\n<p><span style=\"text-align: justify;\">Si vous voulez r\u00e9agir, nous proposer ou nous demander une \u0153uvre, commenter ou signaler un \u00e9v\u00e9nement dans les Yvelines \u2026 l&rsquo;adresse courriel de\u00a0<\/span><strong style=\"text-align: justify;\">RITMY<\/strong><span style=\"text-align: justify;\">\u00a0est faite pour vous !<\/span><\/p>\n<p style=\"text-align: center;\"><strong><a href=\"mailto:contact.ritmy@gmail.com\">contact.ritmy@gmail.com<\/a><\/strong><\/p>\n<p>&nbsp;<\/p>\n","protected":false},"excerpt":{"rendered":"<p>M\u00e9lomanes, fid\u00e8les de RITMY, ou tout nouveaux spectateurs, tous\u00a0ont r\u00e9serv\u00e9 un franc succ\u00e8s \u00e0 l&rsquo;ensemble \u00ab\u00a0MUSIQUE OBLIQUE\u00a0\u00bb. Eglise Saint Denis presque comble ce dimanche 17 novembre \u00e0 M\u00e9r\u00e9, pour un concert Brahms et Dvorak. &nbsp; Le programme avait de quoi satisfaire les plus exigeants: le merveilleux Quintette avec clarinette et quatuor \u00e0 cordes (opus 115) &hellip; <\/p>\n<p><a class=\"more-link btn\" href=\"https:\/\/ritmy.fr\/essais\/musique-oblique-a-mere\/\">Lire la suite<\/a><\/p>\n","protected":false},"author":4,"featured_media":0,"comment_status":"closed","ping_status":"closed","sticky":false,"template":"","format":"standard","meta":{"footnotes":""},"categories":[3,4,6,1],"tags":[68,86,25,56,69,70],"class_list":["post-9895","post","type-post","status-publish","format-standard","hentry","category-les-oeuvres","category-concerts","category-les-musiciens","category-ritmy","tag-brahms","tag-clarinette","tag-dvorak","tag-mere","tag-musique-oblique","tag-quintette","nodate","item-wrap"],"_links":{"self":[{"href":"https:\/\/ritmy.fr\/essais\/wp-json\/wp\/v2\/posts\/9895","targetHints":{"allow":["GET"]}}],"collection":[{"href":"https:\/\/ritmy.fr\/essais\/wp-json\/wp\/v2\/posts"}],"about":[{"href":"https:\/\/ritmy.fr\/essais\/wp-json\/wp\/v2\/types\/post"}],"author":[{"embeddable":true,"href":"https:\/\/ritmy.fr\/essais\/wp-json\/wp\/v2\/users\/4"}],"replies":[{"embeddable":true,"href":"https:\/\/ritmy.fr\/essais\/wp-json\/wp\/v2\/comments?post=9895"}],"version-history":[{"count":24,"href":"https:\/\/ritmy.fr\/essais\/wp-json\/wp\/v2\/posts\/9895\/revisions"}],"predecessor-version":[{"id":10067,"href":"https:\/\/ritmy.fr\/essais\/wp-json\/wp\/v2\/posts\/9895\/revisions\/10067"}],"wp:attachment":[{"href":"https:\/\/ritmy.fr\/essais\/wp-json\/wp\/v2\/media?parent=9895"}],"wp:term":[{"taxonomy":"category","embeddable":true,"href":"https:\/\/ritmy.fr\/essais\/wp-json\/wp\/v2\/categories?post=9895"},{"taxonomy":"post_tag","embeddable":true,"href":"https:\/\/ritmy.fr\/essais\/wp-json\/wp\/v2\/tags?post=9895"}],"curies":[{"name":"wp","href":"https:\/\/api.w.org\/{rel}","templated":true}]}}