{"id":9877,"date":"2013-11-16T12:53:15","date_gmt":"2013-11-16T11:53:15","guid":{"rendered":"http:\/\/ritmy.fr\/essais\/?p=9877"},"modified":"2013-11-18T19:25:14","modified_gmt":"2013-11-18T18:25:14","slug":"mieux-faire-connaissance","status":"publish","type":"post","link":"https:\/\/ritmy.fr\/essais\/mieux-faire-connaissance\/","title":{"rendered":"Mieux faire connaissance&#8230;"},"content":{"rendered":"<h1>&#8230;Avec la musique contemporaine?&#8230;<\/h1>\n<p>Quoi de plus facile et surtout agr\u00e9able, quand on a en face deux talentueux passionn\u00e9s!<\/p>\n<p><strong><span style=\"color: #ff0000;\">Diana LIGETI et Philippe HATTAT<\/span> <\/strong>ont tenu en haleine, et pendant plus de deux heures,\u00a0plus d&rsquo;une quarantaine de curieux, n\u00e9ophytes ou d\u00e9j\u00e0 avertis, avec ce <strong>caf\u00e9-d\u00e9bat<\/strong> tr\u00e8s document\u00e9 sur un th\u00e8me qu&rsquo;en g\u00e9n\u00e9ral l&rsquo;on n&rsquo;aborde pas si facilement.<\/p>\n<div id=\"attachment_9880\" style=\"width: 546px\" class=\"wp-caption aligncenter\"><a href=\"https:\/\/ritmy.fr\/essais\/wp-content\/uploads\/2013\/11\/M\u00e9r\u00e9-Caf\u00e9-d\u00e9bat-musique-contemporaine-15-11-13-0501.jpg\"><img loading=\"lazy\" decoding=\"async\" aria-describedby=\"caption-attachment-9880\" class=\" wp-image-9880 \" alt=\"Diana LIGETI et Philippe HATTAT\" src=\"https:\/\/ritmy.fr\/essais\/wp-content\/uploads\/2013\/11\/M\u00e9r\u00e9-Caf\u00e9-d\u00e9bat-musique-contemporaine-15-11-13-0501-1024x768.jpg\" width=\"546\" height=\"409\" srcset=\"https:\/\/ritmy.fr\/essais\/wp-content\/uploads\/2013\/11\/M\u00e9r\u00e9-Caf\u00e9-d\u00e9bat-musique-contemporaine-15-11-13-0501-1024x768.jpg 1024w, https:\/\/ritmy.fr\/essais\/wp-content\/uploads\/2013\/11\/M\u00e9r\u00e9-Caf\u00e9-d\u00e9bat-musique-contemporaine-15-11-13-0501-300x225.jpg 300w\" sizes=\"auto, (max-width: 546px) 100vw, 546px\" \/><\/a><p id=\"caption-attachment-9880\" class=\"wp-caption-text\">Diana LIGETI et Philippe HATTAT<\/p><\/div>\n<p>&nbsp;<\/p>\n<p><strong>RITMY et l&rsquo;association \u00ab\u00a0ASPIRINE\u00a0\u00bb de M\u00e9r\u00e9 s&rsquo;\u00e9taient associ\u00e9s pour cette soir\u00e9e exceptionnelle de vendredi\u00a015 novembre.<\/strong><\/p>\n<p>En effet, si Olivier MESSIAN, Pierre HENRY, Iannis XENAKIS\u00a0ou Pierre BOULEZ sont connus du grand public, il est d\u00e9j\u00e0 plus rare de rencontrer les noms de Herbert EIMER, Josef KOFFLER ou peut-\u00eatre m\u00eame John CAGE&#8230;<\/p>\n<p>Et comment s&rsquo;y retrouver, quand on est un peu \u00ab\u00a0novice\u00a0\u00bb, entre <span style=\"color: #0000ff;\">musique s\u00e9rielle<\/span> (STOCKHAUSEN, BOULEZ&#8230;), <span style=\"color: #0000ff;\">musique<\/span> <span style=\"color: #0000ff;\">\u00e9lectroacoustique<\/span> ((EIMER, SCHAEFFER&#8230;), <span style=\"color: #0000ff;\">musique al\u00e9atoire<\/span> (CAGE, BROWN, XENAKIS&#8230;) ou <span style=\"color: #0000ff;\">musique spectrale<\/span> (VARESE, MESSIAN, LIGETI&#8230;) ?&#8230;<\/p>\n<p>Ces diff\u00e9rents courants novateurs, largement d\u00e9velopp\u00e9s surtout apr\u00e8s la deuxi\u00e8me guerre mondiale,\u00a0se d\u00e9finissent tous par une <strong><span style=\"color: #ff9900;\">rupture volontaire avec la musique tonale<\/span> <\/strong>(solidement \u00e9tablie depuis 1600), tout en gardant le principe d&rsquo;une musique pens\u00e9e et \u00e9crite, se distinguant en cela de toute musique improvis\u00e9e (comme le free-jazz, par exemple).<\/p>\n<p>Tour \u00e0 tour, <strong>Diana LIGETI au violoncelle et Philippe HATTAT au piano<\/strong> nous ont donn\u00e9 \u00e0 entendre des illustrations tr\u00e8s caract\u00e9ristiques\u00a0de ces diff\u00e9rents courants musicaux.<\/p>\n<div id=\"attachment_9883\" style=\"width: 300px\" class=\"wp-caption alignright\"><a href=\"https:\/\/ritmy.fr\/essais\/wp-content\/uploads\/2013\/11\/M\u00e9r\u00e9-Caf\u00e9-d\u00e9bat-musique-contemporaine-15-11-13-043.jpg\"><img loading=\"lazy\" decoding=\"async\" aria-describedby=\"caption-attachment-9883\" class=\"size-medium wp-image-9883\" alt=\"...et Philippe HATTAT, entre piano et explications...\" src=\"https:\/\/ritmy.fr\/essais\/wp-content\/uploads\/2013\/11\/M\u00e9r\u00e9-Caf\u00e9-d\u00e9bat-musique-contemporaine-15-11-13-043-300x225.jpg\" width=\"300\" height=\"225\" srcset=\"https:\/\/ritmy.fr\/essais\/wp-content\/uploads\/2013\/11\/M\u00e9r\u00e9-Caf\u00e9-d\u00e9bat-musique-contemporaine-15-11-13-043-300x225.jpg 300w, https:\/\/ritmy.fr\/essais\/wp-content\/uploads\/2013\/11\/M\u00e9r\u00e9-Caf\u00e9-d\u00e9bat-musique-contemporaine-15-11-13-043-1024x768.jpg 1024w\" sizes=\"auto, (max-width: 300px) 100vw, 300px\" \/><\/a><p id=\"caption-attachment-9883\" class=\"wp-caption-text\">&#8230;et Philippe HATTAT, entre piano et explications&#8230;<\/p><\/div>\n<div id=\"attachment_9882\" style=\"width: 300px\" class=\"wp-caption alignleft\"><a href=\"https:\/\/ritmy.fr\/essais\/wp-content\/uploads\/2013\/11\/M\u00e9r\u00e9-Caf\u00e9-d\u00e9bat-musique-contemporaine-15-11-13-019.jpg\"><img loading=\"lazy\" decoding=\"async\" aria-describedby=\"caption-attachment-9882\" class=\"size-medium wp-image-9882\" alt=\"Diana LIGETI au violoncelle...\" src=\"https:\/\/ritmy.fr\/essais\/wp-content\/uploads\/2013\/11\/M\u00e9r\u00e9-Caf\u00e9-d\u00e9bat-musique-contemporaine-15-11-13-019-300x225.jpg\" width=\"300\" height=\"225\" srcset=\"https:\/\/ritmy.fr\/essais\/wp-content\/uploads\/2013\/11\/M\u00e9r\u00e9-Caf\u00e9-d\u00e9bat-musique-contemporaine-15-11-13-019-300x225.jpg 300w, https:\/\/ritmy.fr\/essais\/wp-content\/uploads\/2013\/11\/M\u00e9r\u00e9-Caf\u00e9-d\u00e9bat-musique-contemporaine-15-11-13-019-1024x768.jpg 1024w\" sizes=\"auto, (max-width: 300px) 100vw, 300px\" \/><\/a><p id=\"caption-attachment-9882\" class=\"wp-caption-text\">Diana LIGETI au violoncelle&#8230;<\/p><\/div>\n<p>&nbsp;<\/p>\n<p>&nbsp;<\/p>\n<p>&nbsp;<\/p>\n<p>&nbsp;<\/p>\n<p>&nbsp;<\/p>\n<p>&nbsp;<\/p>\n<p>&nbsp;<\/p>\n<p>&nbsp;<\/p>\n<p>&nbsp;<\/p>\n<p>&nbsp;<\/p>\n<h4 style=\"text-align: justify;\">Vous avez encore la possibilit\u00e9 de <span style=\"color: #ff0000;\"><strong>retrouver Diana d\u00e8s ce dimanche 17 novembre, en l&rsquo;\u00e9glise St Denis de M\u00e9r\u00e9, \u00e0 17h<\/strong><\/span>, cette fois dans un programme tr\u00e8s \u00ab\u00a0classique\u00a0\u00bb : <span style=\"color: #ff0000;\"><strong>l&rsquo;ensemble \u00ab\u00a0Musique Oblique\u00a0\u00bb<\/strong><\/span> vous propose en effet le merveilleux quintette avec clarinette de <span style=\"color: #ff0000;\"><strong>BRAHMS<\/strong><\/span>, ainsi que le quintette avec piano de <span style=\"color: #ff0000;\"><strong>DVORAK<\/strong><\/span>&#8230;<strong> Il reste des places!!!\u00a0\u00a0<\/strong><\/h4>\n<p>&nbsp;<\/p>\n","protected":false},"excerpt":{"rendered":"<p>&#8230;Avec la musique contemporaine?&#8230; Quoi de plus facile et surtout agr\u00e9able, quand on a en face deux talentueux passionn\u00e9s! Diana LIGETI et Philippe HATTAT ont tenu en haleine, et pendant plus de deux heures,\u00a0plus d&rsquo;une quarantaine de curieux, n\u00e9ophytes ou d\u00e9j\u00e0 avertis, avec ce caf\u00e9-d\u00e9bat tr\u00e8s document\u00e9 sur un th\u00e8me qu&rsquo;en g\u00e9n\u00e9ral l&rsquo;on n&rsquo;aborde pas &hellip; <\/p>\n<p><a class=\"more-link btn\" href=\"https:\/\/ritmy.fr\/essais\/mieux-faire-connaissance\/\">Lire la suite<\/a><\/p>\n","protected":false},"author":4,"featured_media":0,"comment_status":"closed","ping_status":"closed","sticky":false,"template":"","format":"standard","meta":{"footnotes":""},"categories":[3,1],"tags":[84,85,56,69],"class_list":["post-9877","post","type-post","status-publish","format-standard","hentry","category-les-oeuvres","category-ritmy","tag-contemporaine","tag-ligeti","tag-mere","tag-musique-oblique","nodate","item-wrap"],"_links":{"self":[{"href":"https:\/\/ritmy.fr\/essais\/wp-json\/wp\/v2\/posts\/9877","targetHints":{"allow":["GET"]}}],"collection":[{"href":"https:\/\/ritmy.fr\/essais\/wp-json\/wp\/v2\/posts"}],"about":[{"href":"https:\/\/ritmy.fr\/essais\/wp-json\/wp\/v2\/types\/post"}],"author":[{"embeddable":true,"href":"https:\/\/ritmy.fr\/essais\/wp-json\/wp\/v2\/users\/4"}],"replies":[{"embeddable":true,"href":"https:\/\/ritmy.fr\/essais\/wp-json\/wp\/v2\/comments?post=9877"}],"version-history":[{"count":9,"href":"https:\/\/ritmy.fr\/essais\/wp-json\/wp\/v2\/posts\/9877\/revisions"}],"predecessor-version":[{"id":9942,"href":"https:\/\/ritmy.fr\/essais\/wp-json\/wp\/v2\/posts\/9877\/revisions\/9942"}],"wp:attachment":[{"href":"https:\/\/ritmy.fr\/essais\/wp-json\/wp\/v2\/media?parent=9877"}],"wp:term":[{"taxonomy":"category","embeddable":true,"href":"https:\/\/ritmy.fr\/essais\/wp-json\/wp\/v2\/categories?post=9877"},{"taxonomy":"post_tag","embeddable":true,"href":"https:\/\/ritmy.fr\/essais\/wp-json\/wp\/v2\/tags?post=9877"}],"curies":[{"name":"wp","href":"https:\/\/api.w.org\/{rel}","templated":true}]}}