{"id":9586,"date":"2013-11-16T14:30:17","date_gmt":"2013-11-16T13:30:17","guid":{"rendered":"http:\/\/ritmy.fr\/essais\/?p=9586"},"modified":"2013-11-18T13:31:58","modified_gmt":"2013-11-18T12:31:58","slug":"prochain-concert-lensemble-musique-oblique-a-mere-le-17-novembre","status":"publish","type":"post","link":"https:\/\/ritmy.fr\/essais\/prochain-concert-lensemble-musique-oblique-a-mere-le-17-novembre\/","title":{"rendered":"L&rsquo;Ensemble MUSIQUE OBLIQUE \u00e0 M\u00e9r\u00e9 le 17 novembre&#8230;"},"content":{"rendered":"<h2 style=\"text-align: center;\">\u00a0 \u00a0<span style=\"color: #3366ff;\"><strong>pour un concert BRAHMS et DVORAK,<\/strong><\/span><\/h2>\n<h2 style=\"text-align: center;\"><span style=\"color: #3366ff;\">\u00e0 17h. \u00e0 l&rsquo;\u00e9glise Saint-Denis<\/span><\/h2>\n<p>&nbsp;<\/p>\n<h4 style=\"text-align: justify;\"><strong>Pour le 2\u00e8me concert des 24\u00e8mes Saisons Musicales RITMY, nous aurons la chance d&rsquo;accueillir une nouvelle fois le magnifique\u00a0Ensemble MUSIQUE OBLIQUE, qui, vous vous en souvenez peut-\u00eatre, nous a d\u00e9j\u00e0 offert, \u00e0 plusieurs reprises,\u00a0de tr\u00e8s beaux moments. La plus r\u00e9cente \u00e9tant lors de nos 20\u00e8mes Saisons.<\/strong><\/h4>\n<div id=\"attachment_9293\" style=\"width: 450px\" class=\"wp-caption aligncenter\"><a href=\"https:\/\/ritmy.fr\/essais\/wp-content\/uploads\/2013\/10\/MusiqueOblique01-e1381606088566.jpg\"><img loading=\"lazy\" decoding=\"async\" aria-describedby=\"caption-attachment-9293\" class=\" wp-image-9293\" alt=\"MusiqueOblique01\" src=\"https:\/\/ritmy.fr\/essais\/wp-content\/uploads\/2013\/10\/MusiqueOblique01-e1381606088566.jpg\" width=\"450\" height=\"299\" \/><\/a><p id=\"caption-attachment-9293\" class=\"wp-caption-text\">L&rsquo;Ensemble MUSIQUE OBLIQUE<\/p><\/div>\n<p>&nbsp;<\/p>\n<p>Fort de sa passion pour le r\u00e9pertoire romantique et post-romantique, l\u2019<strong>Ensemble MUSIQUE OBLIQUE<\/strong>\u00a0se joue depuis sa cr\u00e9ation des cadres et des \u00e9poques, pour susciter des rapprochements inusit\u00e9s entre des \u0153uvres \u2013 les faisant ainsi entendre d\u2019une toute autre oreille. Similitudes d\u2019inspirations ou affinit\u00e9s th\u00e9matiques sont pr\u00e9textes pour se faire rencontrer Brahms et des m\u00e9lodies tziganes, Prokofiev et la musique h\u00e9bra\u00efque, Claude Debussy et Guillaume Lekeu &#8230;<\/p>\n<p>Formation modulable en qu\u00eate permanente, avide de situations nouvelles,\u00a0<strong>Musique Oblique<\/strong>\u00a0se veut un pr\u00e9cieux (re)d\u00e9couvreur de perles rares, en t\u00e9moigne sa discographie audacieuse. De tr\u00e8s nombreux artistes invit\u00e9s ont accompagn\u00e9 l\u2019ensemble dans sa qu\u00eate artistique, avec par exemple Philippe Herreweghe, Hans-Peter Blochwitz, Sandrine Piau, Charlotte Rampling, Lambert Wilson\u2026<\/p>\n<p>En France, \u00e0 l&rsquo;\u00e9tranger,\u00a0<strong>Musique Oblique<\/strong>\u00a0est un partenaire r\u00e9gulier des salles de concerts et des festivals les plus prestigieux (Mozarteum de Salzbourg, Palais des Beaux-Arts de Bruxelles, Capella de Saint-P\u00e9tersbourg, Th\u00e9\u00e2tre et la Com\u00e9die des Champs-\u00c9lys\u00e9es \u00e0 Paris, les Semaines musicales de Quimper, le Festival de Laon, l\u2019Automne musical de N\u00eemes ou la Folle Journ\u00e9e de Nantes\u2026).<\/p>\n<p>&nbsp;<\/p>\n<div id=\"attachment_9309\" style=\"width: 320px\" class=\"wp-caption alignleft\"><a href=\"https:\/\/ritmy.fr\/essais\/wp-content\/uploads\/2013\/10\/Musique-Oblique-2.jpg\"><img loading=\"lazy\" decoding=\"async\" aria-describedby=\"caption-attachment-9309\" class=\" wp-image-9309  \" alt=\"Musique Oblique 2\" src=\"https:\/\/ritmy.fr\/essais\/wp-content\/uploads\/2013\/10\/Musique-Oblique-2.jpg\" width=\"320\" height=\"240\" srcset=\"https:\/\/ritmy.fr\/essais\/wp-content\/uploads\/2013\/10\/Musique-Oblique-2.jpg 500w, https:\/\/ritmy.fr\/essais\/wp-content\/uploads\/2013\/10\/Musique-Oblique-2-300x225.jpg 300w\" sizes=\"auto, (max-width: 320px) 100vw, 320px\" \/><\/a><p id=\"caption-attachment-9309\" class=\"wp-caption-text\">L&rsquo;Ensemble MUSIQUE OBLIQUE<\/p><\/div>\n<p>&nbsp;<\/p>\n<p>L&rsquo;Ensemble est compos\u00e9 de musiciens r\u00e9put\u00e9s, ayant des parcours artistiques impressionnants, et ayant jou\u00e9 avec de grandes formations en France et \u00e0 l&rsquo;\u00e9tranger :<\/p>\n<p><strong>\u00a0 \u00a0Fr\u00e9d\u00e9ric Laroque<\/strong>\u00a0 et\u00a0<strong>Martial Gauthier<\/strong>\u00a0au violon<\/p>\n<p><strong>\u00a0 \u00a0Daniel Vagner<\/strong>\u00a0\u00e0 l&rsquo;alto<\/p>\n<p><strong>\u00a0 \u00a0Diana Ligeti<\/strong>\u00a0au violoncelle<\/p>\n<p><strong>\u00a0 \u00a0Maria Belooussova<\/strong>\u00a0au piano<\/p>\n<p><strong>\u00a0 \u00a0R\u00e9mi Lerner<\/strong>\u00a0\u00e0 la clarinette<\/p>\n<p>&nbsp;<\/p>\n<p>&nbsp;<\/p>\n<p>Pour ce concert,\u00a0<strong>MUSIQUE OBLIQUE<\/strong>\u00a0proposera un programme tr\u00e8s\u00a0romantique, enti\u00e8rement consacr\u00e9 \u00e0\u00a0<strong>Brahms<\/strong>\u00a0et\u00a0<strong>Dvorak<\/strong>.<\/p>\n<p>En 1874,\u00a0<strong>DVORAK<\/strong>\u00a0rencontre Brahms qui le mettra en contact avec l\u2019\u00e9diteur Simrock et le chef d\u2019orchestre Hans von B\u00fclow ; depuis ce moment sa renomm\u00e9e de compositeur ne cessera de s\u2019\u00e9tendre.<br \/>\nA\u00een\u00e9 de 8 ans de Dvor\u00e1k,\u00a0<strong>BRAHMS<\/strong>\u00a0sera pour le compositeur tch\u00e8que une sorte de grand fr\u00e8re. \u00c0 la fois guide, protecteur, promoteur pour Dvor\u00e1k, Brahms, conscient d\u2019une certaine sup\u00e9riorit\u00e9 dans la ma\u00eetrise du langage musical, gardera toute sa vie un puissant ascendant sur son cadet.<\/p>\n<p>L\u2019un comme l\u2019autre, ils ont donn\u00e9 le meilleur d\u2019eux-m\u00eames \u00e0 la musique de chambre.<\/p>\n<h4><strong><span style=\"color: #3366ff;\">Le programme : \u00ab\u00a0Brahms &#8211; Dvorak, une fraternit\u00e9\u00a0\u00bb<\/span><\/strong><\/h4>\n<ul>\n<li><strong>BRAHMS : Quintette pour clarinette et quatuor \u00e0 cordes op.115 \u00a0(<\/strong><strong><em>compos\u00e9 en 1891)<\/em><\/strong><\/li>\n<\/ul>\n<p style=\"padding-left: 30px;\">Allegro (B minor), Adagio (B major), Andantino (D major), Con moto (B minor)<\/p>\n<ul>\n<li><strong>DVORAK : \u00a0Quatuor \u00e0 cordes et piano en la majeur op. 81\u00a0<em>(compos\u00e9 en 1887)<\/em><\/strong><\/li>\n<\/ul>\n<p><em>\u00a0 \u00a0 \u00a0 \u00a0 \u00a0<\/em>Allegro ma non tanto,\u00a0Dumka &#8211; Andante con moto,\u00a0Scherzo (Furiant) &#8211; Molto vivace,\u00a0Finale &#8211; Allegro<\/p>\n<p>&nbsp;<\/p>\n<p>Ce concert sera donn\u00e9 dans la belle\u00a0<strong>\u00e9glise Saint-Denis de M\u00e9r\u00e9<\/strong>, r\u00e9cemment restaur\u00e9e, appr\u00e9ci\u00e9e pour son originalit\u00e9 et son acoustique, et qui a accueilli de magnifiques artistes ces derni\u00e8res ann\u00e9es, parmi lesquels les pianistes renomm\u00e9s Kotaro Fukuma, Shani Diluka et Abdel Rahman El Bacha.<\/p>\n<p>&nbsp;<\/p>\n<p><em>Pour vous mettre en app\u00e9tit, voici quelques moments de ce programme, qui sera interpr\u00e9t\u00e9 le 17 novembre \u00e0 M\u00e9r\u00e9 :<\/em><\/p>\n<p><em><\/em><br \/>\n<iframe loading=\"lazy\" src=\"\/\/www.youtube.com\/embed\/fQjqVzj5LTI?rel=0\" height=\"315\" width=\"560\" frameborder=\"0\"><\/iframe><\/p>\n<h4><\/h4>\n<h4><strong>Ne manquez surtout pas ce moment de pur bonheur, avec des artistes virtuoses dans un programme plein de romantisme !<\/strong><\/h4>\n<h3><span style=\"color: #ff0000;\"><strong>R\u00e9servez\u00a0vos places d\u00e8s maintenant\u00a0:\u00a0<\/strong><\/span><strong><span style=\"color: #ff0000;\">directement dans ce site, en cliquant<\/span>\u00a0<em><a title=\"VOS BILLETS (24\u00b0 Saisons)\" href=\"https:\/\/ritmy.fr\/essais\/reserver\/vos-billets\/\" target=\"_blank\">ICI<\/a><\/em><\/strong><\/h3>\n<h3><em><strong><\/strong><\/em><span style=\"color: #ff0000;\"><strong>ou en t\u00e9l\u00e9phonant au\u00a0<em>01-34-86-10-94<\/em><\/strong><\/span><\/h3>\n<p>&nbsp;<\/p>\n<p style=\"text-align: center;\"><strong>*********<\/strong><\/p>\n<p style=\"text-align: justify;\">Si vous voulez r\u00e9agir, nous proposer ou nous demander une \u0153uvre, commenter ou signaler un \u00e9v\u00e9nement dans les Yvelines \u2026 l&rsquo;adresse courriel de\u00a0<strong>RITMY<\/strong>\u00a0est faite pour vous !<\/p>\n<p style=\"text-align: center;\"><strong><a href=\"mailto:contact.ritmy@gmail.com\">contact.ritmy@gmail.com<\/a><\/strong><\/p>\n","protected":false},"excerpt":{"rendered":"<p>\u00a0 \u00a0pour un concert BRAHMS et DVORAK, \u00e0 17h. \u00e0 l&rsquo;\u00e9glise Saint-Denis &nbsp; Pour le 2\u00e8me concert des 24\u00e8mes Saisons Musicales RITMY, nous aurons la chance d&rsquo;accueillir une nouvelle fois le magnifique\u00a0Ensemble MUSIQUE OBLIQUE, qui, vous vous en souvenez peut-\u00eatre, nous a d\u00e9j\u00e0 offert, \u00e0 plusieurs reprises,\u00a0de tr\u00e8s beaux moments. La plus r\u00e9cente \u00e9tant lors &hellip; <\/p>\n<p><a class=\"more-link btn\" href=\"https:\/\/ritmy.fr\/essais\/prochain-concert-lensemble-musique-oblique-a-mere-le-17-novembre\/\">Lire la suite<\/a><\/p>\n","protected":false},"author":3,"featured_media":0,"comment_status":"closed","ping_status":"closed","sticky":false,"template":"","format":"standard","meta":{"footnotes":""},"categories":[3,4,6,1],"tags":[68,25,56,69,70],"class_list":["post-9586","post","type-post","status-publish","format-standard","hentry","category-les-oeuvres","category-concerts","category-les-musiciens","category-ritmy","tag-brahms","tag-dvorak","tag-mere","tag-musique-oblique","tag-quintette","nodate","item-wrap"],"_links":{"self":[{"href":"https:\/\/ritmy.fr\/essais\/wp-json\/wp\/v2\/posts\/9586","targetHints":{"allow":["GET"]}}],"collection":[{"href":"https:\/\/ritmy.fr\/essais\/wp-json\/wp\/v2\/posts"}],"about":[{"href":"https:\/\/ritmy.fr\/essais\/wp-json\/wp\/v2\/types\/post"}],"author":[{"embeddable":true,"href":"https:\/\/ritmy.fr\/essais\/wp-json\/wp\/v2\/users\/3"}],"replies":[{"embeddable":true,"href":"https:\/\/ritmy.fr\/essais\/wp-json\/wp\/v2\/comments?post=9586"}],"version-history":[{"count":15,"href":"https:\/\/ritmy.fr\/essais\/wp-json\/wp\/v2\/posts\/9586\/revisions"}],"predecessor-version":[{"id":10618,"href":"https:\/\/ritmy.fr\/essais\/wp-json\/wp\/v2\/posts\/9586\/revisions\/10618"}],"wp:attachment":[{"href":"https:\/\/ritmy.fr\/essais\/wp-json\/wp\/v2\/media?parent=9586"}],"wp:term":[{"taxonomy":"category","embeddable":true,"href":"https:\/\/ritmy.fr\/essais\/wp-json\/wp\/v2\/categories?post=9586"},{"taxonomy":"post_tag","embeddable":true,"href":"https:\/\/ritmy.fr\/essais\/wp-json\/wp\/v2\/tags?post=9586"}],"curies":[{"name":"wp","href":"https:\/\/api.w.org\/{rel}","templated":true}]}}