{"id":9337,"date":"2013-10-29T22:28:52","date_gmt":"2013-10-29T21:28:52","guid":{"rendered":"http:\/\/ritmy.fr\/essais\/?p=9337"},"modified":"2013-11-17T15:23:21","modified_gmt":"2013-11-17T14:23:21","slug":"cafe-debat-a-mere-le-15-novembre","status":"publish","type":"post","link":"https:\/\/ritmy.fr\/essais\/cafe-debat-a-mere-le-15-novembre\/","title":{"rendered":"Caf\u00e9 d\u00e9bat \u00e0 M\u00e9r\u00e9, le 15 Novembre &#8230;"},"content":{"rendered":"<h2 align=\"center\"><span style=\"color: #333399;\"><b><i>Autour de la venue de MUSIQUE OBLIQUE \u00e0 M\u00e9r\u00e9,<\/i><\/b><\/span><\/h2>\n<h3 style=\"text-align: center;\"><span style=\"color: #333399;\">un Caf\u00e9 d\u00e9bat original le 15 novembre \u00e0 20h30\u00a0<\/span><\/h3>\n<p align=\"center\"><span style=\"color: #333399;\"><b><i>\u00a0<\/i><\/b><b><i>En partenariat avec l\u2019association Aspirine<\/i><\/b><\/span><\/p>\n<p>&nbsp;<\/p>\n<h4 style=\"text-align: justify;\">Deux jours avant le concert, la <span style=\"color: #333399;\">violoncelliste de <strong>MUSIQUE\u00a0OBLIQUE<\/strong><\/span>,\u00a0<span style=\"color: #333399;\"><strong><i>Diana Ligeti<\/i><\/strong>,<\/span> animera (et, l\u2019ayant d\u00e9j\u00e0 vue \u00e0 l\u2019\u0153uvre il y a quelques ann\u00e9es dans le m\u00eame cadre, nous savons que le mot \u00ab\u00a0animer\u00a0\u00bb est particuli\u00e8rement pertinent\u00a0!) un d\u00e9bat sur le th\u00e8me de<b><i>\u00a0<span style=\"text-decoration: underline;\">\u00ab La musique contemporaine sans peine\u00a0\u00bb<\/span><\/i><\/b>\u00a0\u2026<\/h4>\n<p>&nbsp;<\/p>\n<div id=\"attachment_9495\" style=\"width: 390px\" class=\"wp-caption aligncenter\"><a href=\"https:\/\/ritmy.fr\/essais\/wp-content\/uploads\/2013\/10\/Flyer-Cafe-Debat_SITE.jpg\"><img loading=\"lazy\" decoding=\"async\" aria-describedby=\"caption-attachment-9495\" class=\" wp-image-9495  \" alt=\"Caf\u00e9-d\u00e9bat \u00e0 M\u00e9r\u00e9 avec \" src=\"https:\/\/ritmy.fr\/essais\/wp-content\/uploads\/2013\/10\/Flyer-Cafe-Debat_SITE.jpg\" width=\"390\" height=\"586\" srcset=\"https:\/\/ritmy.fr\/essais\/wp-content\/uploads\/2013\/10\/Flyer-Cafe-Debat_SITE.jpg 650w, https:\/\/ritmy.fr\/essais\/wp-content\/uploads\/2013\/10\/Flyer-Cafe-Debat_SITE-199x300.jpg 199w\" sizes=\"auto, (max-width: 390px) 100vw, 390px\" \/><\/a><p id=\"caption-attachment-9495\" class=\"wp-caption-text\">Caf\u00e9-d\u00e9bat \u00e0 M\u00e9r\u00e9 avec Diana LIGETI<\/p><\/div>\n<p>&nbsp;<\/p>\n<p>&nbsp;<\/p>\n<p>Elle aborde ainsi un th\u00e8me sans rapport avec le programme du <strong>concert du 17 novembre<\/strong>\u2026mais quel th\u00e8me\u00a0!<\/p>\n<p>Avouons-le\u00a0: la musique contemporaine fait peur \u00e0 beaucoup d\u2019entre nous. Il faut toute la conviction, l\u2019\u00e9nergie et la sensibilit\u00e9 de <strong>Diana Ligeti<\/strong> pour s\u2019attaquer de front \u00e0 ce qui reste pour certains un sommet redoutable d\u2019\u00e9tranget\u00e9 \u2026mais pr\u00e9cis\u00e9ment, \u00a0peut-\u00eatre quelques cl\u00e9s de compr\u00e9hension permettront-elles d\u2019apprivoiser ces sons qui semblent hostiles \u00e0 certaines oreilles de m\u00e9lomanes\u00a0?<\/p>\n<h5 style=\"text-align: justify;\"><span style=\"color: #333399;\">Pr\u00e9sentation, explication, musique en direct (un pianiste accompagnera Diana Ligeti, qui sera munie de son violoncelle) ou enregistr\u00e9e,\u00a0 mais aussi discussion, constituent le menu de la soir\u00e9e\u2026<\/span><\/h5>\n<p><strong>Participation\u00a0: 3 \u20ac (\u00e0 r\u00e9gler \u00e0 l\u2019entr\u00e9e)<\/strong><\/p>\n<p><strong>Le caf\u00e9 d\u00e9bat se\u00a0tiendra \u00e0 20h30 \u00e0 la <span style=\"text-decoration: underline;\">Mairie de M\u00e9r\u00e9<\/span>, places limit\u00e9es<\/strong><\/p>\n<p><strong>R<\/strong><strong>\u00e9servation par courriel\u00a0: <a href=\"mailto:aspirine78490@gmail.com\" target=\"_blank\">aspirine78490@gmail.com<\/a><\/strong><\/p>\n<p>&nbsp;<\/p>\n<h4><span style=\"color: #ff0000;\"><strong>Et n&rsquo;oubliez pas notre concert RITMY du 17 novembre avec l&rsquo;Ensemble MUSIQUE OBLIQUE, \u00e0 17h. \u00e0 l&rsquo;\u00e9glise Saint-Denis de MERE.<\/strong><\/span><\/h4>\n<h4><strong><span style=\"color: #ff0000;\">Pour en savoir plus, cliquer<\/span><\/strong> <span style=\"text-decoration: underline;\"><a title=\"PROCHAIN CONCERT : l\u2019Ensemble MUSIQUE OBLIQUE \u00e0 M\u00e9r\u00e9 le 17 novembre\u2026\" href=\"https:\/\/ritmy.fr\/essais\/2013\/11\/16\/prochain-concert-lensemble-musique-oblique-a-mere-le-17-novembre\/\" target=\"_blank\"><span style=\"color: #3366ff; text-decoration: underline;\"><em><strong>ICI<\/strong><\/em><\/span><\/a><\/span><\/h4>\n<p>&nbsp;<\/p>\n<p style=\"text-align: center;\"><strong>**********<\/strong><\/p>\n<p>Si vous voulez r\u00e9agir, nous proposer ou nous demander une \u0153uvre, commenter ou signaler un \u00e9v\u00e9nement dans les Yvelines \u2026 l&rsquo;adresse courriel de\u00a0<strong>RITMY<\/strong>\u00a0est faite pour vous !<\/p>\n<p style=\"text-align: center;\"><strong><a href=\"mailto:contact.ritmy@gmail.com\">contact.ritmy@gmail.com<\/a><\/strong><\/p>\n","protected":false},"excerpt":{"rendered":"<p>Autour de la venue de MUSIQUE OBLIQUE \u00e0 M\u00e9r\u00e9, un Caf\u00e9 d\u00e9bat original le 15 novembre \u00e0 20h30\u00a0 \u00a0En partenariat avec l\u2019association Aspirine &nbsp; Deux jours avant le concert, la violoncelliste de MUSIQUE\u00a0OBLIQUE,\u00a0Diana Ligeti, animera (et, l\u2019ayant d\u00e9j\u00e0 vue \u00e0 l\u2019\u0153uvre il y a quelques ann\u00e9es dans le m\u00eame cadre, nous savons que le mot &hellip; <\/p>\n<p><a class=\"more-link btn\" href=\"https:\/\/ritmy.fr\/essais\/cafe-debat-a-mere-le-15-novembre\/\">Lire la suite<\/a><\/p>\n","protected":false},"author":3,"featured_media":0,"comment_status":"closed","ping_status":"closed","sticky":false,"template":"","format":"standard","meta":{"footnotes":""},"categories":[3,6,1],"tags":[56,69],"class_list":["post-9337","post","type-post","status-publish","format-standard","hentry","category-les-oeuvres","category-les-musiciens","category-ritmy","tag-mere","tag-musique-oblique","nodate","item-wrap"],"_links":{"self":[{"href":"https:\/\/ritmy.fr\/essais\/wp-json\/wp\/v2\/posts\/9337","targetHints":{"allow":["GET"]}}],"collection":[{"href":"https:\/\/ritmy.fr\/essais\/wp-json\/wp\/v2\/posts"}],"about":[{"href":"https:\/\/ritmy.fr\/essais\/wp-json\/wp\/v2\/types\/post"}],"author":[{"embeddable":true,"href":"https:\/\/ritmy.fr\/essais\/wp-json\/wp\/v2\/users\/3"}],"replies":[{"embeddable":true,"href":"https:\/\/ritmy.fr\/essais\/wp-json\/wp\/v2\/comments?post=9337"}],"version-history":[{"count":23,"href":"https:\/\/ritmy.fr\/essais\/wp-json\/wp\/v2\/posts\/9337\/revisions"}],"predecessor-version":[{"id":9894,"href":"https:\/\/ritmy.fr\/essais\/wp-json\/wp\/v2\/posts\/9337\/revisions\/9894"}],"wp:attachment":[{"href":"https:\/\/ritmy.fr\/essais\/wp-json\/wp\/v2\/media?parent=9337"}],"wp:term":[{"taxonomy":"category","embeddable":true,"href":"https:\/\/ritmy.fr\/essais\/wp-json\/wp\/v2\/categories?post=9337"},{"taxonomy":"post_tag","embeddable":true,"href":"https:\/\/ritmy.fr\/essais\/wp-json\/wp\/v2\/tags?post=9337"}],"curies":[{"name":"wp","href":"https:\/\/api.w.org\/{rel}","templated":true}]}}