{"id":8909,"date":"2013-05-27T15:28:40","date_gmt":"2013-05-27T14:28:40","guid":{"rendered":"http:\/\/ritmy.fr\/essais\/?p=8909"},"modified":"2013-08-05T13:48:57","modified_gmt":"2013-08-05T12:48:57","slug":"delices-et-orgues-cest-de-saison","status":"publish","type":"post","link":"https:\/\/ritmy.fr\/essais\/delices-et-orgues-cest-de-saison\/","title":{"rendered":"D\u00e9lices et ORGUES&#8230; C&rsquo;est de saison !"},"content":{"rendered":"<h1><span style=\"color: #ff0000;\">Les orgues sont \u00e0 l&rsquo;honneur&#8230;<\/span><\/h1>\n<p>En mai et juin, les amateurs d&rsquo;orgues sont servis!<\/p>\n<p><span style=\"color: #ff6600;\">Nouvel instrument en la<strong> coll\u00e9giale de MANTES LA JOLIE !<\/strong>\u00a0(l&rsquo;inauguration vient d&rsquo;avoir lieu)&#8230;\u00a0<\/span>R\u00e9cente<strong> \u00ab\u00a0route des orgues\u00a0\u00bb<\/strong> de l&rsquo;association EOL, samedi dernier en haute vall\u00e9e de Chevreuse !&#8230;<span style=\"color: #339966;\"> Pr\u00e9sence,<\/span> <strong><span style=\"color: #339966;\">samedi 1er juin, \u00e0 21h, en l&rsquo;\u00e9glise de LEVIS SAINT NOM, de l&rsquo;illustre organiste Jean GUILLOU, pour un concert exceptionnel !<\/span><\/strong>&#8230; <span style=\"color: #ff6600;\">Et les fid\u00e8les de RITMY auront <strong>d\u00e8s le tout premier concert des \u00ab\u00a024\u00e8mes Saisons\u00a0\u00bb, \u00e0 NEAUPHLE LE CHATEAU, une surprise de taille<\/strong> (information vous en sera\u00a0donn\u00e9e d\u00e8s l&rsquo;assembl\u00e9e g\u00e9n\u00e9rale du 11 juin prochain) !&#8230;<\/span><\/p>\n<p>Mais revenons un instant sur cette d\u00e9sormais attendue \u00ab\u00a0route des orgues\u00a0\u00bb, que<span style=\"color: #ff0000;\"><strong> Francis VIDIL<\/strong> <\/span>(professeur au conservatoire de Versailles) et sa fid\u00e8le\u00a0\u00e9quipe pr\u00e9parent chaque ann\u00e9e \u00e0 trois reprises -une \u00ab\u00a0automnale\u00a0\u00bb, une \u00ab\u00a0hivernale\u00a0\u00bb, et la \u00ab\u00a0printani\u00e8re\u00a0\u00bb-, cette derni\u00e8re ayant permis samedi 25 mai\u00a0\u00e0 un bon nombre de randonneurs m\u00e9lomanes de d\u00e9couvrir des lieux au charme fou en Haute vall\u00e9e de Chevreuse.<\/p>\n<p style=\"text-align: center;\"><a href=\"https:\/\/ritmy.fr\/essais\/wp-content\/uploads\/2013\/05\/Route-des-orgues-25-05-13-049.jpg\"><img loading=\"lazy\" decoding=\"async\" class=\"wp-image-8912 aligncenter\" title=\"Route des orgues 25-05-13 049\" src=\"https:\/\/ritmy.fr\/essais\/wp-content\/uploads\/2013\/05\/Route-des-orgues-25-05-13-049-1024x768.jpg\" alt=\"\" width=\"391\" height=\"293\" srcset=\"https:\/\/ritmy.fr\/essais\/wp-content\/uploads\/2013\/05\/Route-des-orgues-25-05-13-049-1024x768.jpg 1024w, https:\/\/ritmy.fr\/essais\/wp-content\/uploads\/2013\/05\/Route-des-orgues-25-05-13-049-300x225.jpg 300w\" sizes=\"auto, (max-width: 391px) 100vw, 391px\" \/><\/a><\/p>\n<p><span style=\"color: #ff6600;\">Un habile parcours <strong>entre SAINT REMY et LEVIS SAINT NOM, le long de l&rsquo;YVETTE<\/strong><\/span>, en empruntant par moment le GR 11, a procur\u00e9 aux participants quelques sensations fortes et des <strong>d\u00e9couvertes de sites remarquables<\/strong>. Citons, entre autres lieux, outre le ch\u00e2teau de CHEVREUSE,<span style=\"color: #ff6600;\"> les <strong>anciens lavoirs<\/strong> le long du canal de l&rsquo;Yvette<\/span> et <span style=\"color: #ff6600;\">le magnifique <\/span><strong><span style=\"color: #ff6600;\">ancien s\u00e9choir \u00e0<\/span> <span style=\"color: #ff6600;\">peaux<\/span><\/strong>,<span style=\"color: #808000;\">\u00a0la toute charmante<strong>\u00a0chapelle St Gilles<\/strong> <\/span>(pause pique-nique),\u00a0construite au XVI\u00e8me si\u00e8cle sur le site de l&rsquo;\u00e9glise St Ferr\u00e9ol, implant\u00e9e au XII\u00e8me (peintures murales remarquables, r\u00e9cemment d\u00e9couvertes),<span style=\"color: #ff6600;\"> le<strong> lavoir de la source aux f\u00e9es<\/strong><\/span>, en pleine nature, et, bien s\u00fbr,<strong> l&rsquo;\u00e9glise de LEVIS St NOM<\/strong>, avec cet orgue extraordinaire que l&rsquo;association EOL enrichit un peu plus ann\u00e9e apr\u00e8s ann\u00e9e (cloches, carillons, gongs, tuyaux de basses&#8230; un instrument \u00e0 tous points de vue hors du commun !).<\/p>\n<div id=\"attachment_8926\" style=\"width: 300px\" class=\"wp-caption alignleft\"><a href=\"https:\/\/ritmy.fr\/essais\/wp-content\/uploads\/2013\/05\/Route-des-orgues-25-05-13-0203.jpg\"><img loading=\"lazy\" decoding=\"async\" aria-describedby=\"caption-attachment-8926\" class=\"size-medium wp-image-8926\" title=\"Route des orgues 25-05-13 020\" src=\"https:\/\/ritmy.fr\/essais\/wp-content\/uploads\/2013\/05\/Route-des-orgues-25-05-13-0203-300x225.jpg\" alt=\"\" width=\"300\" height=\"225\" srcset=\"https:\/\/ritmy.fr\/essais\/wp-content\/uploads\/2013\/05\/Route-des-orgues-25-05-13-0203-300x225.jpg 300w, https:\/\/ritmy.fr\/essais\/wp-content\/uploads\/2013\/05\/Route-des-orgues-25-05-13-0203-1024x768.jpg 1024w\" sizes=\"auto, (max-width: 300px) 100vw, 300px\" \/><\/a><p id=\"caption-attachment-8926\" class=\"wp-caption-text\">Chevreuse: anciens lavoirs sur le canal de l&rsquo;Yvette&#8230;<\/p><\/div>\n<p>&nbsp;<\/p>\n<p>&nbsp;<\/p>\n<div id=\"attachment_8922\" style=\"width: 300px\" class=\"wp-caption alignright\"><a href=\"https:\/\/ritmy.fr\/essais\/wp-content\/uploads\/2013\/05\/Route-des-orgues-25-05-13-0102.jpg\"><img loading=\"lazy\" decoding=\"async\" aria-describedby=\"caption-attachment-8922\" class=\"size-medium wp-image-8922\" title=\"Route des orgues 25-05-13 010\" src=\"https:\/\/ritmy.fr\/essais\/wp-content\/uploads\/2013\/05\/Route-des-orgues-25-05-13-0102-300x225.jpg\" alt=\"\" width=\"300\" height=\"225\" srcset=\"https:\/\/ritmy.fr\/essais\/wp-content\/uploads\/2013\/05\/Route-des-orgues-25-05-13-0102-300x225.jpg 300w, https:\/\/ritmy.fr\/essais\/wp-content\/uploads\/2013\/05\/Route-des-orgues-25-05-13-0102-1024x768.jpg 1024w\" sizes=\"auto, (max-width: 300px) 100vw, 300px\" \/><\/a><p id=\"caption-attachment-8922\" class=\"wp-caption-text\">&#8230;et le superbe ancien \u00ab\u00a0s\u00e9choir \u00e0 peaux\u00a0\u00bb&#8230;<\/p><\/div>\n<p>&nbsp;<\/p>\n<p>&nbsp;<\/p>\n<p>&nbsp;<\/p>\n<p>&nbsp;<\/p>\n<p>&nbsp;<\/p>\n<p>&nbsp;<\/p>\n<p>&nbsp;<\/p>\n<p>&nbsp;<\/p>\n<p>&nbsp;<\/p>\n<div id=\"attachment_8917\" style=\"width: 446px\" class=\"wp-caption aligncenter\"><a href=\"https:\/\/ritmy.fr\/essais\/wp-content\/uploads\/2013\/05\/Route-des-orgues-25-05-13-035.jpg\"><img loading=\"lazy\" decoding=\"async\" aria-describedby=\"caption-attachment-8917\" class=\" wp-image-8917  \" title=\"Route des orgues 25-05-13 035\" src=\"https:\/\/ritmy.fr\/essais\/wp-content\/uploads\/2013\/05\/Route-des-orgues-25-05-13-035-1024x768.jpg\" alt=\"\" width=\"446\" height=\"335\" srcset=\"https:\/\/ritmy.fr\/essais\/wp-content\/uploads\/2013\/05\/Route-des-orgues-25-05-13-035-1024x768.jpg 1024w, https:\/\/ritmy.fr\/essais\/wp-content\/uploads\/2013\/05\/Route-des-orgues-25-05-13-035-300x225.jpg 300w\" sizes=\"auto, (max-width: 446px) 100vw, 446px\" \/><\/a><p id=\"caption-attachment-8917\" class=\"wp-caption-text\">Chapelle Saint Gilles, \u00e0 St FORGET<\/p><\/div>\n<p>Tous ces sites ont \u00e9t\u00e9 le lieu de<strong> rendez-vous musicaux intimistes<\/strong>, comme il est de coutume \u00e0 chaque \u00e9tape de cette \u00ab\u00a0route des orgues\u00a0\u00bb que nous vous invitons \u00e0 rejoindre, si vous ne l&rsquo;avez jamais fait, d\u00e8s la prochaine \u00e9dition \u00e0 l&rsquo;automne 2013&#8230;<\/p>\n<p>&nbsp;<\/p>\n<div id=\"attachment_8918\" style=\"width: 300px\" class=\"wp-caption alignleft\"><a href=\"https:\/\/ritmy.fr\/essais\/wp-content\/uploads\/2013\/05\/Route-des-orgues-25-05-13-057.jpg\"><img loading=\"lazy\" decoding=\"async\" aria-describedby=\"caption-attachment-8918\" class=\"size-medium wp-image-8918\" title=\"Route des orgues 25-05-13 057\" src=\"https:\/\/ritmy.fr\/essais\/wp-content\/uploads\/2013\/05\/Route-des-orgues-25-05-13-057-300x225.jpg\" alt=\"\" width=\"300\" height=\"225\" srcset=\"https:\/\/ritmy.fr\/essais\/wp-content\/uploads\/2013\/05\/Route-des-orgues-25-05-13-057-300x225.jpg 300w, https:\/\/ritmy.fr\/essais\/wp-content\/uploads\/2013\/05\/Route-des-orgues-25-05-13-057-1024x768.jpg 1024w\" sizes=\"auto, (max-width: 300px) 100vw, 300px\" \/><\/a><p id=\"caption-attachment-8918\" class=\"wp-caption-text\">Olivier HERBAY, sur le site du lavoir de la source aux f\u00e9es&#8230;<\/p><\/div>\n<div id=\"attachment_8919\" style=\"width: 300px\" class=\"wp-caption alignright\"><a href=\"https:\/\/ritmy.fr\/essais\/wp-content\/uploads\/2013\/05\/Route-des-orgues-25-05-13-067.jpg\"><img loading=\"lazy\" decoding=\"async\" aria-describedby=\"caption-attachment-8919\" class=\"size-medium wp-image-8919\" title=\"Route des orgues 25-05-13 067\" src=\"https:\/\/ritmy.fr\/essais\/wp-content\/uploads\/2013\/05\/Route-des-orgues-25-05-13-067-300x225.jpg\" alt=\"\" width=\"300\" height=\"225\" srcset=\"https:\/\/ritmy.fr\/essais\/wp-content\/uploads\/2013\/05\/Route-des-orgues-25-05-13-067-300x225.jpg 300w, https:\/\/ritmy.fr\/essais\/wp-content\/uploads\/2013\/05\/Route-des-orgues-25-05-13-067-1024x768.jpg 1024w\" sizes=\"auto, (max-width: 300px) 100vw, 300px\" \/><\/a><p id=\"caption-attachment-8919\" class=\"wp-caption-text\">Francis VIDIL devant l&rsquo;orgue de LEVIS SAINT NOM&#8230;<\/p><\/div>\n<p>&nbsp;<\/p>\n<p>&nbsp;<\/p>\n<p>&nbsp;<\/p>\n<p>&nbsp;<\/p>\n<p>&nbsp;<\/p>\n<p>&nbsp;<\/p>\n<p>&nbsp;<\/p>\n<p>&nbsp;<\/p>\n<p>&nbsp;<\/p>\n<p>&nbsp;<\/p>\n<p>Francis VIDIL \u00e0 l&rsquo;orgue et au piano, bien s\u00fbr, mais \u00e9galement <strong>Olivier HERBAY, talentueux guitariste<\/strong>, qui a ravi les participants au cours de deux r\u00e9citals o\u00f9 Bach fut \u00e0 l&rsquo;honneur, l&rsquo;un en\u00a0la chapelle St Gilles, l&rsquo;autre au lavoir de la source aux f\u00e9es.<\/p>\n<p>Retenez si vous \u00eates libres le<span style=\"color: #ff0000;\"> rendez-vous avec Jean GUILLOU !<\/span><\/p>\n<p>Et surveillez notre site RITMY pour la pr\u00e9sentation des 24\u00e8mes Saisons&#8230;<\/p>\n<p>&nbsp;<\/p>\n","protected":false},"excerpt":{"rendered":"<p>Les orgues sont \u00e0 l&rsquo;honneur&#8230; En mai et juin, les amateurs d&rsquo;orgues sont servis! Nouvel instrument en la coll\u00e9giale de MANTES LA JOLIE !\u00a0(l&rsquo;inauguration vient d&rsquo;avoir lieu)&#8230;\u00a0R\u00e9cente \u00ab\u00a0route des orgues\u00a0\u00bb de l&rsquo;association EOL, samedi dernier en haute vall\u00e9e de Chevreuse !&#8230; Pr\u00e9sence, samedi 1er juin, \u00e0 21h, en l&rsquo;\u00e9glise de LEVIS SAINT NOM, de l&rsquo;illustre &hellip; <\/p>\n<p><a class=\"more-link btn\" href=\"https:\/\/ritmy.fr\/essais\/delices-et-orgues-cest-de-saison\/\">Lire la suite<\/a><\/p>\n","protected":false},"author":4,"featured_media":0,"comment_status":"closed","ping_status":"closed","sticky":false,"template":"","format":"standard","meta":{"footnotes":""},"categories":[1],"tags":[],"class_list":["post-8909","post","type-post","status-publish","format-standard","hentry","category-ritmy","nodate","item-wrap"],"_links":{"self":[{"href":"https:\/\/ritmy.fr\/essais\/wp-json\/wp\/v2\/posts\/8909","targetHints":{"allow":["GET"]}}],"collection":[{"href":"https:\/\/ritmy.fr\/essais\/wp-json\/wp\/v2\/posts"}],"about":[{"href":"https:\/\/ritmy.fr\/essais\/wp-json\/wp\/v2\/types\/post"}],"author":[{"embeddable":true,"href":"https:\/\/ritmy.fr\/essais\/wp-json\/wp\/v2\/users\/4"}],"replies":[{"embeddable":true,"href":"https:\/\/ritmy.fr\/essais\/wp-json\/wp\/v2\/comments?post=8909"}],"version-history":[{"count":12,"href":"https:\/\/ritmy.fr\/essais\/wp-json\/wp\/v2\/posts\/8909\/revisions"}],"predecessor-version":[{"id":9213,"href":"https:\/\/ritmy.fr\/essais\/wp-json\/wp\/v2\/posts\/8909\/revisions\/9213"}],"wp:attachment":[{"href":"https:\/\/ritmy.fr\/essais\/wp-json\/wp\/v2\/media?parent=8909"}],"wp:term":[{"taxonomy":"category","embeddable":true,"href":"https:\/\/ritmy.fr\/essais\/wp-json\/wp\/v2\/categories?post=8909"},{"taxonomy":"post_tag","embeddable":true,"href":"https:\/\/ritmy.fr\/essais\/wp-json\/wp\/v2\/tags?post=8909"}],"curies":[{"name":"wp","href":"https:\/\/api.w.org\/{rel}","templated":true}]}}