{"id":8806,"date":"2013-04-14T21:55:47","date_gmt":"2013-04-14T20:55:47","guid":{"rendered":"http:\/\/ritmy.fr\/essais\/?p=8806"},"modified":"2013-08-05T13:50:21","modified_gmt":"2013-08-05T12:50:21","slug":"gouter-concert-intimiste-a-mareil","status":"publish","type":"post","link":"https:\/\/ritmy.fr\/essais\/gouter-concert-intimiste-a-mareil\/","title":{"rendered":"\u00ab\u00a0Go\u00fbter &#8211; concert\u00a0\u00bb intimiste \u00e0 MAREIL&#8230;"},"content":{"rendered":"<h1>Tout en douceur!&#8230;<\/h1>\n<p>&#8230;Oui, Il fallait bien toute la douceur des m\u00e9lodies ib\u00e9riques, m\u00eal\u00e9es \u00e0 quelques envol\u00e9es passionn\u00e9es, pour que la guitare magique de Caroline CARTIER fasse oublier, dans la salle des f\u00eates de MAREIL SUR MAULDRE, ce samedi 13 avril, le temps d&rsquo;une fin d&rsquo;apr\u00e8s-midi, la m\u00e9t\u00e9o encore maussade de ce d\u00e9but de printemps!<\/p>\n<div id=\"attachment_8807\" style=\"width: 425px\" class=\"wp-caption aligncenter\"><a href=\"https:\/\/ritmy.fr\/essais\/wp-content\/uploads\/2013\/04\/RITMY-MAREIL-13-04-13-003.jpg\"><img loading=\"lazy\" decoding=\"async\" aria-describedby=\"caption-attachment-8807\" class=\" wp-image-8807  \" title=\"RITMY - MAREIL 13-04-13 003\" src=\"https:\/\/ritmy.fr\/essais\/wp-content\/uploads\/2013\/04\/RITMY-MAREIL-13-04-13-003-1024x535.jpg\" alt=\"\" width=\"425\" height=\"222\" srcset=\"https:\/\/ritmy.fr\/essais\/wp-content\/uploads\/2013\/04\/RITMY-MAREIL-13-04-13-003-1024x535.jpg 1024w, https:\/\/ritmy.fr\/essais\/wp-content\/uploads\/2013\/04\/RITMY-MAREIL-13-04-13-003-300x156.jpg 300w, https:\/\/ritmy.fr\/essais\/wp-content\/uploads\/2013\/04\/RITMY-MAREIL-13-04-13-003.jpg 1977w\" sizes=\"auto, (max-width: 425px) 100vw, 425px\" \/><\/a><p id=\"caption-attachment-8807\" class=\"wp-caption-text\">Caroline CARTIER, seule en sc\u00e8ne&#8230;<\/p><\/div>\n<p>Les \u00ab\u00a0Amis et amies\u00a0\u00bb de RITMY qui, pour cet \u00e9v\u00e8nement, avaient \u00e9t\u00e9 convi\u00e9s gratuitement, et qui avaient brav\u00e9 les intemp\u00e9ries n&rsquo;ont pas \u00e9t\u00e9 d\u00e9\u00e7us, bien au contraire&#8230; Une simple et conviviale pause musicale autour d&rsquo;un th\u00e9, d&rsquo;un caf\u00e9 et de quelques g\u00e2teaux, et les sonorit\u00e9s de la guitare solo. Un seul regret: que trop peu aient pu r\u00e9pondre \u00e0 cette sympathique invitation&#8230;.<\/p>\n<p>Seule en sc\u00e8ne, Caroline a su tirer de son instrument toute la nostalgie, toute la magie, toute la fougue parfois de ces\u00a0musiques qui, depuis l&rsquo;Espagne, ont largement essaim\u00e9 jusqu&rsquo;en Am\u00e9rique latine&#8230;<\/p>\n<div id=\"attachment_8808\" style=\"width: 413px\" class=\"wp-caption aligncenter\"><a href=\"https:\/\/ritmy.fr\/essais\/wp-content\/uploads\/2013\/04\/RITMY-MAREIL-13-04-13-010.jpg\"><img loading=\"lazy\" decoding=\"async\" aria-describedby=\"caption-attachment-8808\" class=\" wp-image-8808 \" title=\"RITMY - MAREIL 13-04-13 010\" src=\"https:\/\/ritmy.fr\/essais\/wp-content\/uploads\/2013\/04\/RITMY-MAREIL-13-04-13-010-1024x768.jpg\" alt=\"\" width=\"413\" height=\"309\" srcset=\"https:\/\/ritmy.fr\/essais\/wp-content\/uploads\/2013\/04\/RITMY-MAREIL-13-04-13-010-1024x768.jpg 1024w, https:\/\/ritmy.fr\/essais\/wp-content\/uploads\/2013\/04\/RITMY-MAREIL-13-04-13-010-300x225.jpg 300w\" sizes=\"auto, (max-width: 413px) 100vw, 413px\" \/><\/a><p id=\"caption-attachment-8808\" class=\"wp-caption-text\">&#8230;Une grande virtuosit\u00e9, et un \u00ab\u00a0toucher\u00a0\u00bb d\u00e9licat !<\/p><\/div>\n<p>De Francisco TARREGA \u00e0 Joaquin TURINA, en passant par DE FALLA, ou en d\u00e9couvrant des compositeurs moins m\u00e9diatis\u00e9s comme Fabrice PIERRAT ou Amos COULANGES, ce programme tr\u00e8s vari\u00e9 a permis \u00e0 l&rsquo;assistance de d\u00e9couvrir toutes les ressources de ce prodigieux instrument.<\/p>\n<p>Caroline CARTIER se produit assez r\u00e9guli\u00e8rement en r\u00e9gion parisienne: pour tous ceux qui voudraient la retrouver, comme pour ceux qui n&rsquo;ont pu profiter de ce concert ce samedi, nous vous informerons de ses prochaines prestations ici et l\u00e0&#8230;.<\/p>\n<p>D&rsquo;ici l\u00e0, vous pouvez la d\u00e9couvrir dans son interpr\u00e9tation de &lsquo;Nan Fon Bwa&rsquo; (dans le fond du bois) d&rsquo;Amos Coulanges, guitariste et compositeur ha\u00eftien, qui faisait partie de son programme de ce samedi 13 avril :<br \/>\n<iframe loading=\"lazy\" src=\"http:\/\/www.youtube.com\/embed\/um-q7skCrxo?rel=0\" frameborder=\"0\" width=\"420\" height=\"315\"><\/iframe><\/p>\n<p style=\"text-align: center;\">*******************<\/p>\n<p>Si vous voulez r\u00e9agir, nous proposer ou nous demander une \u0153uvre, commenter ou signaler un \u00e9v\u00e9nement dans les Yvelines \u2026 l&rsquo;adresse courriel de\u00a0<strong>RITMY<\/strong>\u00a0est faite pour vous !<\/p>\n<p style=\"text-align: center;\"><span style=\"color: #000080;\"><a href=\"mailto:contact.ritmy@gmail.com\"><span style=\"color: #000080;\"><strong>contact.ritmy@gmail.com<\/strong><\/span><\/a><\/span><\/p>\n<p>&nbsp;<\/p>\n","protected":false},"excerpt":{"rendered":"<p>Tout en douceur!&#8230; &#8230;Oui, Il fallait bien toute la douceur des m\u00e9lodies ib\u00e9riques, m\u00eal\u00e9es \u00e0 quelques envol\u00e9es passionn\u00e9es, pour que la guitare magique de Caroline CARTIER fasse oublier, dans la salle des f\u00eates de MAREIL SUR MAULDRE, ce samedi 13 avril, le temps d&rsquo;une fin d&rsquo;apr\u00e8s-midi, la m\u00e9t\u00e9o encore maussade de ce d\u00e9but de printemps! &hellip; <\/p>\n<p><a class=\"more-link btn\" href=\"https:\/\/ritmy.fr\/essais\/gouter-concert-intimiste-a-mareil\/\">Lire la suite<\/a><\/p>\n","protected":false},"author":4,"featured_media":0,"comment_status":"closed","ping_status":"closed","sticky":false,"template":"","format":"standard","meta":{"footnotes":""},"categories":[3,6,1],"tags":[58,48,39],"class_list":["post-8806","post","type-post","status-publish","format-standard","hentry","category-les-oeuvres","category-les-musiciens","category-ritmy","tag-cordier","tag-guitare","tag-mareil","nodate","item-wrap"],"_links":{"self":[{"href":"https:\/\/ritmy.fr\/essais\/wp-json\/wp\/v2\/posts\/8806","targetHints":{"allow":["GET"]}}],"collection":[{"href":"https:\/\/ritmy.fr\/essais\/wp-json\/wp\/v2\/posts"}],"about":[{"href":"https:\/\/ritmy.fr\/essais\/wp-json\/wp\/v2\/types\/post"}],"author":[{"embeddable":true,"href":"https:\/\/ritmy.fr\/essais\/wp-json\/wp\/v2\/users\/4"}],"replies":[{"embeddable":true,"href":"https:\/\/ritmy.fr\/essais\/wp-json\/wp\/v2\/comments?post=8806"}],"version-history":[{"count":26,"href":"https:\/\/ritmy.fr\/essais\/wp-json\/wp\/v2\/posts\/8806\/revisions"}],"predecessor-version":[{"id":9214,"href":"https:\/\/ritmy.fr\/essais\/wp-json\/wp\/v2\/posts\/8806\/revisions\/9214"}],"wp:attachment":[{"href":"https:\/\/ritmy.fr\/essais\/wp-json\/wp\/v2\/media?parent=8806"}],"wp:term":[{"taxonomy":"category","embeddable":true,"href":"https:\/\/ritmy.fr\/essais\/wp-json\/wp\/v2\/categories?post=8806"},{"taxonomy":"post_tag","embeddable":true,"href":"https:\/\/ritmy.fr\/essais\/wp-json\/wp\/v2\/tags?post=8806"}],"curies":[{"name":"wp","href":"https:\/\/api.w.org\/{rel}","templated":true}]}}