{"id":8706,"date":"2013-03-25T09:48:25","date_gmt":"2013-03-25T08:48:25","guid":{"rendered":"http:\/\/ritmy.fr\/essais\/?p=8706"},"modified":"2013-04-25T19:39:45","modified_gmt":"2013-04-25T18:39:45","slug":"eglise-comble-et-gros-succes-a-mere-pour-kotaro","status":"publish","type":"post","link":"https:\/\/ritmy.fr\/essais\/eglise-comble-et-gros-succes-a-mere-pour-kotaro\/","title":{"rendered":"KOTARO FUKUMA \u00e0 M\u00e9r\u00e9: un succ\u00e8s m\u00e9rit\u00e9!"},"content":{"rendered":"<h1><span style=\"color: #ff0000;\"><strong>KOTARO FUKUMA \u00e0 M\u00e9r\u00e9 : un succ\u00e8s m\u00e9rit\u00e9 !<\/strong><\/span><\/h1>\n<p>L&rsquo;\u00e9glise St Denis de M\u00e9r\u00e9\u00a0a accueilli la foule des \u00ab\u00a0grands rendez-vous musicaux\u00a0\u00bb pour KOTARO FUKUMA. Ce jeune pianiste talentueux a enthousiasm\u00e9 le public, venu en nombre dimanche 24 mars\u00a0pour savourer un programme riche et vari\u00e9.<\/p>\n<div id=\"attachment_8732\" style=\"width: 590px\" class=\"wp-caption alignleft\"><a href=\"https:\/\/ritmy.fr\/essais\/wp-content\/uploads\/2013\/03\/Concert-RITMY-M\u00e9r\u00e9-24-03-13-0392.jpg\"><img loading=\"lazy\" decoding=\"async\" aria-describedby=\"caption-attachment-8732\" class=\"size-large wp-image-8732\" title=\"Concert-RITMY-M\u00e9r\u00e9-24-03-13-0392\" src=\"https:\/\/ritmy.fr\/essais\/wp-content\/uploads\/2013\/03\/Concert-RITMY-M\u00e9r\u00e9-24-03-13-0392-1024x768.jpg\" alt=\"\" width=\"590\" height=\"442\" srcset=\"https:\/\/ritmy.fr\/essais\/wp-content\/uploads\/2013\/03\/Concert-RITMY-M\u00e9r\u00e9-24-03-13-0392-1024x768.jpg 1024w, https:\/\/ritmy.fr\/essais\/wp-content\/uploads\/2013\/03\/Concert-RITMY-M\u00e9r\u00e9-24-03-13-0392-300x225.jpg 300w\" sizes=\"auto, (max-width: 590px) 100vw, 590px\" \/><\/a><p id=\"caption-attachment-8732\" class=\"wp-caption-text\">L&rsquo;\u00e9glise St Denis affichait \u00ab\u00a0complet !&#8230;<\/p><\/div>\n<p>De SCHUBERT \u00e0 DEBUSSY,\u00a0des \u00ab\u00a0lieder\u00a0\u00bb aux \u00ab\u00a0estampes\u00a0\u00bb, les spectateurs ont vibr\u00e9 \u00e9galement aux m\u00e9lodies romantiques de CHOPIN (dont une \u00e9clatante \u00ab\u00a0grande polonaise\u00a0\u00bb), aux\u00a0envol\u00e9es m\u00e9lodiques d&rsquo;un SMETANA (une remarquable interpr\u00e9tation de LA MOLDAU), aux accords parfaits entre po\u00e9sie et musique (7 \u00ab\u00a0haiku\u00a0\u00bb &#8211; Thierry HUILLET, avec la voix prenante de Faustine URBAIN), \u00a0et ont pu d\u00e9couvrir les sonorit\u00e9s d&rsquo;un TAKEMITSU (\u00ab\u00a0Rain Tree Sketch\u00a0\u00bb).<\/p>\n<div id=\"attachment_8730\" style=\"width: 590px\" class=\"wp-caption aligncenter\"><a href=\"https:\/\/ritmy.fr\/essais\/wp-content\/uploads\/2013\/03\/Concert-RITMY-M\u00e9r\u00e9-24-03-13-0211.jpg\"><img loading=\"lazy\" decoding=\"async\" aria-describedby=\"caption-attachment-8730\" class=\"size-large wp-image-8730\" title=\"Concert-RITMY-M\u00e9r\u00e9-24-03-13-0211\" src=\"https:\/\/ritmy.fr\/essais\/wp-content\/uploads\/2013\/03\/Concert-RITMY-M\u00e9r\u00e9-24-03-13-0211-1024x768.jpg\" alt=\"\" width=\"590\" height=\"442\" srcset=\"https:\/\/ritmy.fr\/essais\/wp-content\/uploads\/2013\/03\/Concert-RITMY-M\u00e9r\u00e9-24-03-13-0211-1024x768.jpg 1024w, https:\/\/ritmy.fr\/essais\/wp-content\/uploads\/2013\/03\/Concert-RITMY-M\u00e9r\u00e9-24-03-13-0211-300x225.jpg 300w\" sizes=\"auto, (max-width: 590px) 100vw, 590px\" \/><\/a><p id=\"caption-attachment-8730\" class=\"wp-caption-text\">7 \u00ab\u00a0Haiku\u00a0\u00bb&#8230; Faustine URBAIN&#8230; la po\u00e9sie de l&rsquo;\u00e2me en harmonie avec la nature&#8230;<\/p><\/div>\n<p>Deux rappels ont mis un beau point d&rsquo;orgue \u00e0 ce concert qui restera dans les m\u00e9moires, avec un clin d&rsquo;oeil plein d&rsquo;humour de KOTARO: il semblerait en effet que les interpr\u00e9tations finales de ce programme soient souvent \u00ab\u00a0illustr\u00e9es\u00a0\u00bb par de la pluie le jour m\u00eame ou le lendemain du concert&#8230; Rien de tout cela \u00e0 M\u00e9r\u00e9, m\u00eame si le froid vif \u00e9tait au rendez-vous de ce printemps qui tarde enore un peu \u00e0 faire son apparition!<\/p>\n<p>&nbsp;<\/p>\n<div id=\"attachment_8747\" style=\"width: 590px\" class=\"wp-caption alignleft\"><a href=\"https:\/\/ritmy.fr\/essais\/wp-content\/uploads\/2013\/03\/DSC_0326.jpg\"><img loading=\"lazy\" decoding=\"async\" aria-describedby=\"caption-attachment-8747\" class=\"size-large wp-image-8747\" title=\"DSC_0326\" src=\"https:\/\/ritmy.fr\/essais\/wp-content\/uploads\/2013\/03\/DSC_0326-1024x685.jpg\" alt=\"\" width=\"590\" height=\"394\" srcset=\"https:\/\/ritmy.fr\/essais\/wp-content\/uploads\/2013\/03\/DSC_0326-1024x685.jpg 1024w, https:\/\/ritmy.fr\/essais\/wp-content\/uploads\/2013\/03\/DSC_0326-300x200.jpg 300w\" sizes=\"auto, (max-width: 590px) 100vw, 590px\" \/><\/a><p id=\"caption-attachment-8747\" class=\"wp-caption-text\">L&rsquo;\u00e9toile montante, convi\u00e9e par toutes les grandes salles mondiales\u2026\u00a0\u00e0 M\u00e9r\u00e9 !<\/p><\/div>\n<p>Rendez-vous maintenant en octobre pour les \u00ab\u00a024\u00e8mes Saisons\u00a0\u00bb&#8230; dont la programmation sera pr\u00e9sent\u00e9e au cours de l&rsquo;assembl\u00e9e g\u00e9n\u00e9rale de juin prochain.<\/p>\n<p><strong>Et\u00a0pour le groupe\u00a0des \u00ab\u00a0AMIS de\u00a0RITMY\u00a0\u00bb, qu&rsquo;ils n&rsquo;oublient pas le rendez-vous du 13 avril \u00e0 MAREIL SUR MAULDRE (sur inscriptions pr\u00e9alables: voir le bulletin sur la r\u00e9cente \u00ab\u00a0lettre aux Amis\u00a0\u00bb!&#8230;).<\/strong><\/p>\n<p>Un (petit !) cadeau musical pour se souvenir\u2026 ou pour regretter de n&rsquo;avoir pas assist\u00e9 \u00e0 ce merveilleux concert : le Concerto no 2 en si majeur op 83 de Brahms avec l&rsquo;Orchestre Philharmonique d&rsquo;Isra\u00ebl.<\/p>\n<p><iframe loading=\"lazy\" src=\"http:\/\/www.youtube.com\/embed\/xyOyutUAZzE\" frameborder=\"0\" width=\"560\" height=\"315\"><\/iframe><\/p>\n<p>&nbsp;<\/p>\n","protected":false},"excerpt":{"rendered":"<p>KOTARO FUKUMA \u00e0 M\u00e9r\u00e9 : un succ\u00e8s m\u00e9rit\u00e9 ! L&rsquo;\u00e9glise St Denis de M\u00e9r\u00e9\u00a0a accueilli la foule des \u00ab\u00a0grands rendez-vous musicaux\u00a0\u00bb pour KOTARO FUKUMA. Ce jeune pianiste talentueux a enthousiasm\u00e9 le public, venu en nombre dimanche 24 mars\u00a0pour savourer un programme riche et vari\u00e9. De SCHUBERT \u00e0 DEBUSSY,\u00a0des \u00ab\u00a0lieder\u00a0\u00bb aux \u00ab\u00a0estampes\u00a0\u00bb, les spectateurs ont vibr\u00e9 &hellip; <\/p>\n<p><a class=\"more-link btn\" href=\"https:\/\/ritmy.fr\/essais\/eglise-comble-et-gros-succes-a-mere-pour-kotaro\/\">Lire la suite<\/a><\/p>\n","protected":false},"author":4,"featured_media":0,"comment_status":"closed","ping_status":"closed","sticky":false,"template":"","format":"standard","meta":{"footnotes":""},"categories":[3,4,6,1],"tags":[],"class_list":["post-8706","post","type-post","status-publish","format-standard","hentry","category-les-oeuvres","category-concerts","category-les-musiciens","category-ritmy","nodate","item-wrap"],"_links":{"self":[{"href":"https:\/\/ritmy.fr\/essais\/wp-json\/wp\/v2\/posts\/8706","targetHints":{"allow":["GET"]}}],"collection":[{"href":"https:\/\/ritmy.fr\/essais\/wp-json\/wp\/v2\/posts"}],"about":[{"href":"https:\/\/ritmy.fr\/essais\/wp-json\/wp\/v2\/types\/post"}],"author":[{"embeddable":true,"href":"https:\/\/ritmy.fr\/essais\/wp-json\/wp\/v2\/users\/4"}],"replies":[{"embeddable":true,"href":"https:\/\/ritmy.fr\/essais\/wp-json\/wp\/v2\/comments?post=8706"}],"version-history":[{"count":42,"href":"https:\/\/ritmy.fr\/essais\/wp-json\/wp\/v2\/posts\/8706\/revisions"}],"predecessor-version":[{"id":10039,"href":"https:\/\/ritmy.fr\/essais\/wp-json\/wp\/v2\/posts\/8706\/revisions\/10039"}],"wp:attachment":[{"href":"https:\/\/ritmy.fr\/essais\/wp-json\/wp\/v2\/media?parent=8706"}],"wp:term":[{"taxonomy":"category","embeddable":true,"href":"https:\/\/ritmy.fr\/essais\/wp-json\/wp\/v2\/categories?post=8706"},{"taxonomy":"post_tag","embeddable":true,"href":"https:\/\/ritmy.fr\/essais\/wp-json\/wp\/v2\/tags?post=8706"}],"curies":[{"name":"wp","href":"https:\/\/api.w.org\/{rel}","templated":true}]}}