{"id":8568,"date":"2013-03-06T14:20:44","date_gmt":"2013-03-06T13:20:44","guid":{"rendered":"http:\/\/ritmy.fr\/essais\/?p=8568"},"modified":"2013-11-08T10:32:20","modified_gmt":"2013-11-08T09:32:20","slug":"en-avant-premiere-au-concert-du-24-mars-a-mere","status":"publish","type":"post","link":"https:\/\/ritmy.fr\/essais\/en-avant-premiere-au-concert-du-24-mars-a-mere\/","title":{"rendered":"En avant-premi\u00e8re au concert du 24 mars \u00e0 M\u00e9r\u00e9&#8230;"},"content":{"rendered":"<h1><span style=\"color: #ff0000;\">KOTARO FUKUMA !<\/span><\/h1>\n<p><a href=\"\/\/upload.wikimedia.org\/wikipedia\/commons\/0\/00\/R%C3%A9cital_de_Kotaro_FUKUMA.JPG\"><img loading=\"lazy\" decoding=\"async\" alt=\"File:R\u00e9cital de Kotaro FUKUMA.JPG\" src=\"\/\/upload.wikimedia.org\/wikipedia\/commons\/thumb\/0\/00\/R%C3%A9cital_de_Kotaro_FUKUMA.JPG\/800px-R%C3%A9cital_de_Kotaro_FUKUMA.JPG\" width=\"480\" height=\"360\" \/><\/a><\/p>\n<p>photo: r\u00e9cital \u00e0 Biarritz (extrait Wikip\u00e9dia)<\/p>\n<p>&#8230;Interview du pianiste qui vient de sortir un nouveau CD (Iberia), par \u00ab\u00a0tutti magazine\u00a0\u00bb (extraits)<\/p>\n<h1>Interview du pianiste Kotaro Fukuma<\/h1>\n<div>\n<p>Kotaro Fukuma fait partie de ces pianistes qui, d\u00e8s les premi\u00e8res notes tir\u00e9es d&rsquo;un piano, vous entra\u00eenent dans un voyage musical contrast\u00e9 depuis la plus infime d\u00e9licatesse jusqu&rsquo;\u00e0 une \u00e9nergie contagieuse qui se joue des pi\u00e8ges inscrits sur la port\u00e9e gr\u00e2ce \u00e0 une technique brillante mais jamais clinquante. Pour preuve cet <em>Iberia<\/em> d&rsquo;Isaac Alb\u00e9niz \u00e9dit\u00e9 par le label \u00c9ditions Hortus. Ce n&rsquo;est pas le seul enregistrement du pianiste sorti au Japon, mais<span style=\"color: #ff0000;\"> c&rsquo;est le premier \u00e0 \u00eatre propos\u00e9 en France<\/span>. Rencontre avec un interpr\u00e8te attachant par la sinc\u00e9rit\u00e9 et la po\u00e9sie qu&rsquo;il parvient \u00e0 exprimer par les mots\u2026<\/p>\n<\/div>\n<div>\n<h4><span style=\"color: #ff6600;\">Tutti-magazine : Votre enregistrement d&rsquo;Iberia est <span style=\"color: #000000;\">sorti en France chez \u00c9ditions Hortus le 18 avril 2012<\/span>. Mais vous avez enregistr\u00e9 ce disque en octobre 2007 et il est sorti au Japon chez Harmony la m\u00eame ann\u00e9e. Comment vivez-vous aujourd&rsquo;hui ce retour en arri\u00e8re ?<\/span><\/h4>\n<p><strong>Kotaro Fukuma :<\/strong> L&rsquo;ann\u00e9e 2007 a marqu\u00e9 une \u00e9tape importante de ma vie, \u00e0 commencer par cet enregistrement d&rsquo;<em>Iberia<\/em>. J&rsquo;ai eu l&rsquo;occasion de jouer les 1er et 4e cahiers de l&rsquo;\u0153uvre d&rsquo;Alb\u00e9niz dans l\u2019une des plus prestigieuses salles de concert de Tokyo. \u00c0 l&rsquo;\u00e9poque les Japonais n&rsquo;\u00e9taient pas tr\u00e8s familiers avec cette musique. J&rsquo;avais 24 ans, et tout cela me paraissait magique, d&rsquo;autant que l&rsquo;enregistrement a marqu\u00e9 l&rsquo;entr\u00e9e dans une p\u00e9riode intense qui m&rsquo;a projet\u00e9 dans une tourn\u00e9e marathon de 14 concerts en Afrique du Sud. Le programme \u00e9tait particuli\u00e8rement dense car je devais interpr\u00e9ter 3 concertos et 2 r\u00e9citals totalement diff\u00e9rents en 3 semaines et pr\u00e9parer \u00e9galement un concert-conf\u00e9rence au cours duquel je jouais des pi\u00e8ces de Takemitsu tout en les pr\u00e9sentant. Ont suivi des concerts aux \u00c9tats-Unis, au Japon, en Espagne, en France et mes d\u00e9buts en Angleterre au Wigmore Hall de Londres. J&rsquo;ai bien s\u00fbr beaucoup jou\u00e9 <em>Iberia<\/em> apr\u00e8s l&rsquo;avoir enregistr\u00e9 sans jamais me lasser de cette musique dont la passion me motive toujours avec la m\u00eame puissance.<\/p>\n<h4><span style=\"color: #ff6600;\">Avec la maturit\u00e9 et l&rsquo;exp\u00e9rience acquise en plusieurs ann\u00e9es de concerts avec Iberia, la mani\u00e8re dont vous avez abord\u00e9 cet enregistrement \u00e0 24 ans serait-elle diff\u00e9rente aujourd&rsquo;hui, \u00e0 30 ans ?<\/span><\/h4>\n<p>Sans h\u00e9sitation : oui ! Je modifierais sans doute quelques tempi et certaines nuances, mais cela ne signifie pas que mon interpr\u00e9tation serait meilleure aujourd&rsquo;hui qu&rsquo;elle l&rsquo;\u00e9tait il y a 5 ans. Elle serait simplement diff\u00e9rente. Je consid\u00e8re mon disque comme un Instantan\u00e9. De plus,<span style=\"color: #ff0000;\"> l&rsquo;acoustique de la salle dans laquelle je joue et la pr\u00e9sence que je peux ressentir sont<\/span> <span style=\"color: #ff0000;\">primordiaux et influent sur ma mani\u00e8re de jouer<\/span>. En concert, avec <em>Iberia<\/em>, je cherche \u00e0 plonger le spectateur dans une ambiance. Les sentiments qui m&rsquo;habitent varient en fonction des lieux et des gens.<\/p>\n<h4><span style=\"color: #ff6600;\">Pouvez-vous d\u00e9finir ce qui distingue votre interpr\u00e9tation personnelle d&rsquo;Iberia de celle des autres pianistes ?<\/span><\/h4>\n<p>Autant il est difficile de porter un regard sur soi, autant me voir jouer en concert gr\u00e2ce \u00e0 la vid\u00e9o m&rsquo;a fait prendre conscience que mon approche d&rsquo;<em>Iberia<\/em> \u00e9tait inconsciemment tr\u00e8s physique. \u00c0 ma grande surprise, mon corps ressent et exprime le rythme d&rsquo;une fa\u00e7on tr\u00e8s personnelle qui me distingue sans doute des autres pianistes. Les harmonies fantastiques de la partition constituent une fabuleuse source pour l&rsquo;interpr\u00e9tation car elles expriment en m\u00eame temps des couleurs tr\u00e8s particuli\u00e8res et une grande sensualit\u00e9 renouvel\u00e9es dans chaque pi\u00e8ce, voire \u00e0 chaque note. Le lyrisme est aussi tr\u00e8s important dans la musique d&rsquo;Alb\u00e9niz et doit \u00eatre exprim\u00e9 avec une chaleur tr\u00e8s latine, avec \u00e2me. Le son se rapproche m\u00eame souvent de la voix humaine.<\/p>\n<h4><span style=\"color: #ff6600;\">Votre approche de la culture espagnole vous a conduit \u00e0 la pratique de la langue et du flamenco. Peut-on relier la danse espagnole \u00e0 cet aspect physique qui caract\u00e9rise votre jeu ?<\/span><\/h4>\n<p>Le lien entre <em>Iberia<\/em> et la danse me paraissait naturel et m&rsquo;attirait. Mais j&rsquo;ai \u00e9t\u00e9 sensibilis\u00e9 au flamenco par une de mes s\u0153urs qui le pratiquait et qui m&rsquo;a initi\u00e9, puis j&rsquo;ai pris des cours \u00e0 Berlin. Je trouve cette danse th\u00e9\u00e2trale, dramatique et profonde. Sans comprendre le texte chant\u00e9 qui l&rsquo;accompagne, j&rsquo;en ressens le sentiment m\u00e9lancolique et nostalgique. Les contrastes d&rsquo;\u00e9nergie que l&rsquo;on trouve \u00e0 la base du flamenco me fascinent de la m\u00eame fa\u00e7on dans les spectacles auxquels j&rsquo;ai pu assister lors de ma d\u00e9couverte de l&rsquo;Espagne. Mais mon attirance pour ce pays ne se limite pas \u00e0 la danse et j&rsquo;appr\u00e9cie \u00e9galement beaucoup la peinture au point de fr\u00e9quenter souvent les mus\u00e9es pour revoir des \u0153uvres de Goya ou de El Greco.<\/p>\n<p>&#8230;La suite de cet interview sur <a href=\"http:\/\/www.tutti-magazine.fr\">www.tutti-magazine.fr<\/a> .<\/p>\n<p><em>Voici un extrait d&rsquo;un de ses concerts de 2011, o\u00f9 il interpr\u00e8te la Nocturne n\u00b013 en ut mineur de Fr\u00e9d\u00e9ric CHOPIN :<\/em><\/p>\n<p><em><\/em><br \/>\n<iframe loading=\"lazy\" src=\"http:\/\/www.youtube.com\/embed\/w6crOqfpGso?rel=0\" height=\"315\" width=\"560\" frameborder=\"0\"><\/iframe><br \/>\n<em><\/em><\/p>\n<h4><em>Le concert que donnera KOTARO FUKUMA \u00e0 M\u00e9r\u00e9, le dimanche 24 mars, \u00e0 17h, \u00e9glise St Denis,\u00a0sera <span style=\"color: #ff0000;\">sur le th\u00e8me de l&rsquo;eau<\/span> (Schubert, Liszt, Beethoven, Smetana, Thierry Huillet, Takemitsu, Debussy&#8230;).<\/em><\/h4>\n<h4><strong><span style=\"color: #ff0000;\">ATTENTION\u00a0<\/span><span style=\"color: #ff0000;\">:<\/span> <span style=\"color: #ff0000;\">ce concert RITMY du dimanche 24 mars n&rsquo;est pas loin d&rsquo;\u00eatre complet !\u00a0\u00a0 Il est prudent de r\u00e9server tr\u00e8s rapidement&#8230;<\/span><\/strong><\/h4>\n<h4><strong>R\u00e9servations<\/strong> par internet dans ce site : <a title=\"VOS BILLETS\" href=\"https:\/\/ritmy.fr\/essais\/reserver\/vos-billets\/\" target=\"_blank\">cliquer ici<\/a>\u00a0 ou par t\u00e9l\u00e9phone : ASCL de M\u00e9r\u00e9 <span style=\"color: #333399;\">01.34.86.10.94<\/span><\/h4>\n<p><em><span style=\"color: #000000;\">Pour vous rendre \u00e0 M\u00e9r\u00e9 (78490): depuis Paris\/Versailles, prendre N 12 direction DREUX, puis sortie \u00ab\u00a0M\u00e9r\u00e9-Montfort\u00a0\u00bb; suivre direction Montfort l&rsquo;Amaury sur 1 Km environ\u00a0jusqu&rsquo;\u00e0 carrefour vers \u00ab\u00a0M\u00e9r\u00e9-centre\u00a0\u00bb (tourner \u00e0 gauche); parking devant l&rsquo;\u00e9glise.<\/span><\/em><\/p>\n<\/div>\n","protected":false},"excerpt":{"rendered":"<p>KOTARO FUKUMA ! photo: r\u00e9cital \u00e0 Biarritz (extrait Wikip\u00e9dia) &#8230;Interview du pianiste qui vient de sortir un nouveau CD (Iberia), par \u00ab\u00a0tutti magazine\u00a0\u00bb (extraits) Interview du pianiste Kotaro Fukuma Kotaro Fukuma fait partie de ces pianistes qui, d\u00e8s les premi\u00e8res notes tir\u00e9es d&rsquo;un piano, vous entra\u00eenent dans un voyage musical contrast\u00e9 depuis la plus infime &hellip; <\/p>\n<p><a class=\"more-link btn\" href=\"https:\/\/ritmy.fr\/essais\/en-avant-premiere-au-concert-du-24-mars-a-mere\/\">Lire la suite<\/a><\/p>\n","protected":false},"author":4,"featured_media":0,"comment_status":"closed","ping_status":"closed","sticky":false,"template":"","format":"standard","meta":{"footnotes":""},"categories":[6,1],"tags":[55,54,56,12],"class_list":["post-8568","post","type-post","status-publish","format-standard","hentry","category-les-musiciens","category-ritmy","tag-fukuma","tag-kotaro","tag-mere","tag-piano","nodate","item-wrap"],"_links":{"self":[{"href":"https:\/\/ritmy.fr\/essais\/wp-json\/wp\/v2\/posts\/8568","targetHints":{"allow":["GET"]}}],"collection":[{"href":"https:\/\/ritmy.fr\/essais\/wp-json\/wp\/v2\/posts"}],"about":[{"href":"https:\/\/ritmy.fr\/essais\/wp-json\/wp\/v2\/types\/post"}],"author":[{"embeddable":true,"href":"https:\/\/ritmy.fr\/essais\/wp-json\/wp\/v2\/users\/4"}],"replies":[{"embeddable":true,"href":"https:\/\/ritmy.fr\/essais\/wp-json\/wp\/v2\/comments?post=8568"}],"version-history":[{"count":28,"href":"https:\/\/ritmy.fr\/essais\/wp-json\/wp\/v2\/posts\/8568\/revisions"}],"predecessor-version":[{"id":9752,"href":"https:\/\/ritmy.fr\/essais\/wp-json\/wp\/v2\/posts\/8568\/revisions\/9752"}],"wp:attachment":[{"href":"https:\/\/ritmy.fr\/essais\/wp-json\/wp\/v2\/media?parent=8568"}],"wp:term":[{"taxonomy":"category","embeddable":true,"href":"https:\/\/ritmy.fr\/essais\/wp-json\/wp\/v2\/categories?post=8568"},{"taxonomy":"post_tag","embeddable":true,"href":"https:\/\/ritmy.fr\/essais\/wp-json\/wp\/v2\/tags?post=8568"}],"curies":[{"name":"wp","href":"https:\/\/api.w.org\/{rel}","templated":true}]}}