{"id":8537,"date":"2013-03-01T19:13:42","date_gmt":"2013-03-01T18:13:42","guid":{"rendered":"http:\/\/ritmy.fr\/essais\/?p=8537"},"modified":"2013-03-28T19:25:20","modified_gmt":"2013-03-28T18:25:20","slug":"kotaro-fukuma-etait-en-concert-au-musee-jacquemart-andre-le-25-fevrier","status":"publish","type":"post","link":"https:\/\/ritmy.fr\/essais\/kotaro-fukuma-etait-en-concert-au-musee-jacquemart-andre-le-25-fevrier\/","title":{"rendered":"KOTARO FUKUMA \u00e9tait en concert au Mus\u00e9e Jacquemart-Andr\u00e9 le 25 F\u00e9vrier"},"content":{"rendered":"<h3 style=\"text-align: center;\"><strong><span style=\"color: #ff0000;\">N&rsquo;oubliez pas, nous avons la chance d&rsquo;accueillir le jeune pianiste virtuose <\/span><\/strong><\/h3>\n<h3 style=\"text-align: center;\"><strong><span style=\"color: #ff0000;\">\u00e0 MERE le dimanche 24 mars \u00e0 17h (\u00e9glise St Denis),<\/span><\/strong><\/h3>\n<h3 style=\"text-align: center;\"><strong><span style=\"color: #ff0000;\"> pour le dernier concert des 23\u00b0 Saisons RITMY !<\/span><\/strong><\/h3>\n<h4 style=\"text-align: center;\"><\/h4>\n<div id=\"attachment_8541\" style=\"width: 222px\" class=\"wp-caption aligncenter\"><a href=\"https:\/\/ritmy.fr\/essais\/wp-content\/uploads\/2013\/03\/Kotaro-Fukuma_01_02-362x489.jpg\"><img loading=\"lazy\" decoding=\"async\" aria-describedby=\"caption-attachment-8541\" class=\"size-medium wp-image-8541\" title=\"Kotaro-Fukuma_01_02-362x489\" src=\"https:\/\/ritmy.fr\/essais\/wp-content\/uploads\/2013\/03\/Kotaro-Fukuma_01_02-362x489-222x300.jpg\" alt=\"\" width=\"222\" height=\"300\" srcset=\"https:\/\/ritmy.fr\/essais\/wp-content\/uploads\/2013\/03\/Kotaro-Fukuma_01_02-362x489-222x300.jpg 222w, https:\/\/ritmy.fr\/essais\/wp-content\/uploads\/2013\/03\/Kotaro-Fukuma_01_02-362x489.jpg 362w\" sizes=\"auto, (max-width: 222px) 100vw, 222px\" \/><\/a><p id=\"caption-attachment-8541\" class=\"wp-caption-text\">Kotaro FUKUMA<\/p><\/div>\n<h3><strong>Voici un compte-rendu de ce concert par \u00a0<a title=\"Articles par Victoria Okada\" href=\"http:\/\/www.resmusica.com\/author\/vokada\/\" rel=\"author\" target=\"_blank\">Victoria Okada<\/a>\u00a0dans ResMusica :<\/strong><\/h3>\n<p>Ceux qui ont \u00e9cout\u00e9 son dernier disque, l\u2019int\u00e9grale d\u2019<em>Iberia<\/em>d\u2019Albeniz, se souviendront sans aucun doute de la nettet\u00e9 de son interpr\u00e9tation. Cette qualit\u00e9 lui est tout \u00e0 fait propre et n\u2019\u00e9chappera \u00e0 aucune oreille.<\/p>\n<p>Dans le programme intitul\u00e9 \u00ab Le scintillement de l\u2019eau \u00bb, le jeune pianiste japonais tire pleinement parti de la sonorit\u00e9 perl\u00e9e et tr\u00e8s homog\u00e8ne d\u2019un piano demi-queue Yamaha, surtout dans la partie consacr\u00e9e \u00e0 <strong>Debussy<\/strong>. Extr\u00eamement soucieux de la d\u00e9licatesse de la musique du compositeur fran\u00e7ais, <strong>Fukuma<\/strong> n\u2019\u00e9toffe ni n\u2019attaque les sons. Sa ma\u00eetrise est admirable, surtout dans l\u2019utilisation des p\u00e9dales ; \u00e0 aucun moment il n\u2019inonde les notes dans ce flot permanent de r\u00e9sonnance provoqu\u00e9 par les cordes l\u00e2ch\u00e9es, ce qui permet de distinguer chaque phrase. Pour autant, cette qualit\u00e9 peut induire un petit d\u00e9faut, pr\u00e9cis\u00e9ment pour la m\u00eame raison : lorsque, dans\u00a0<em>La Cath\u00e9drale engloutie<\/em>, la musique prend tout son envol et r\u00e9v\u00e8le l\u2019existence de la vieille cath\u00e9drale, son jeu sonne un peu sec.<\/p>\n<p>Dans <strong>Chopin<\/strong>, c\u2019est toujours la nettet\u00e9 qui domine, \u00e0 laquelle s\u2019ajoute une constance rythmique trahissant la m\u00e9ticulosit\u00e9 de l\u2019interpr\u00e8te. Probablement en raison du caract\u00e8re du piano, il est assez regrettable que l\u2019on ne distingue pas, comme on voudrait les entendre, les variations d\u2019atmosph\u00e8re entre les diff\u00e9rentes pi\u00e8ces ou parties. A titre d\u2019exemple, en d\u00e9pit de la pr\u00e9ciosit\u00e9 extr\u00eamement po\u00e9tique de la partie lente, la texture sonore ne change pas pour autant dans les passages rapides de la\u00a0<em>Ballade<\/em>, idem entre l\u2019<em>Andante spianato<\/em>\u00a0et la\u00a0<em>Grande Polonaise<\/em>. Et s\u2019il laissait un peu plus de temps, ne serait-ce que quelques secondes, entre certains morceaux (<em>La Cath\u00e9drale engloutie<\/em>\u00a0et\u00a0<em>Jardins sous la pluie<\/em>, ou\u00a0<em>Fantaisie Impromptu<\/em>\u00a0et la\u00a0<em>Valse<\/em>), on aurait certainement pu appr\u00e9cier davantage l\u2019expression de sa sensibilit\u00e9 adapt\u00e9e \u00e0 chaque pi\u00e8ce.<\/p>\n<p>En r\u00e9ponse \u00e0 l\u2019enthousiasme du public, qui a amplement salu\u00e9 son talent, il joue deux pi\u00e8ces en bis : la\u00a0<em>Premi\u00e8re Novelette<\/em>\u00a0de Poulenc pour le 50e anniversaire de son d\u00e9c\u00e8s, qu\u2019il interpr\u00e8te avec \u00e9l\u00e9gance, et l\u2019<em>Etude<\/em>\u00a0en mi majeur (op. 10-3) de Chopin, tr\u00e8s copieusement applaudis.<\/p>\n<p><strong>Le programme interpr\u00e9t\u00e9<\/strong>\u00a0: Claude DEBUSSY\u00a0(1862-1918) : Arabesque n\u00b0 1, Extraits des Pr\u00e9ludes \u2013 Ondine, La Cath\u00e9drale engloutie ; Extrait des Estampes \u2013 Jardins sous la pluie ; Fr\u00e9d\u00e9ric CHOPIN\u00a0(1810-1949) : Nocturne en fa majeur op. 15-1 ; Fantaisie Impromptu op. 66 (version originale) ; Valse op. 34-2 ; Ballade n\u00b0 2 op. 38 ; Andante spianato et Grande Polonaise brillante op. 22<\/p>\n<p style=\"text-align: center;\">*****************************************************************<\/p>\n<h3><span style=\"color: #ff0000;\">Pour assister \u00e0 notre <strong>concert RITMY de M\u00e9r\u00e9, le 24 Mars \u00e0 17h. (\u00e9glise St Denis),<\/strong> il ne faut pas tarder \u00e0 <span style=\"text-decoration: underline;\"><strong>r\u00e9server<\/strong><\/span>\u00a0:<\/span><\/h3>\n<h3 style=\"padding-left: 30px;\"><span style=\"color: #ff0000;\">&#8211; ici-m\u00eame dans notre site, en cliquant <span style=\"color: #ff00ff;\"><em><a title=\"VOS BILLETS\" href=\"https:\/\/ritmy.fr\/essais\/reserver\/vos-billets\/\"><span style=\"color: #ff00ff;\">LA<\/span><\/a><\/em><\/span><\/span><\/h3>\n<h3 style=\"padding-left: 30px;\"><span style=\"color: #ff0000;\">&#8211; aupr\u00e8s de l&rsquo;ASCL de M\u00e9r\u00e9, au <span style=\"color: #ff00ff;\">01-34-86-10-94<\/span><\/span><\/h3>\n<p>&nbsp;<\/p>\n<p>&nbsp;<\/p>\n","protected":false},"excerpt":{"rendered":"<p>N&rsquo;oubliez pas, nous avons la chance d&rsquo;accueillir le jeune pianiste virtuose \u00e0 MERE le dimanche 24 mars \u00e0 17h (\u00e9glise St Denis), pour le dernier concert des 23\u00b0 Saisons RITMY ! Voici un compte-rendu de ce concert par \u00a0Victoria Okada\u00a0dans ResMusica : Ceux qui ont \u00e9cout\u00e9 son dernier disque, l\u2019int\u00e9grale d\u2019Iberiad\u2019Albeniz, se souviendront sans aucun &hellip; <\/p>\n<p><a class=\"more-link btn\" href=\"https:\/\/ritmy.fr\/essais\/kotaro-fukuma-etait-en-concert-au-musee-jacquemart-andre-le-25-fevrier\/\">Lire la suite<\/a><\/p>\n","protected":false},"author":3,"featured_media":0,"comment_status":"closed","ping_status":"closed","sticky":false,"template":"","format":"standard","meta":{"footnotes":""},"categories":[1],"tags":[],"class_list":["post-8537","post","type-post","status-publish","format-standard","hentry","category-ritmy","nodate","item-wrap"],"_links":{"self":[{"href":"https:\/\/ritmy.fr\/essais\/wp-json\/wp\/v2\/posts\/8537","targetHints":{"allow":["GET"]}}],"collection":[{"href":"https:\/\/ritmy.fr\/essais\/wp-json\/wp\/v2\/posts"}],"about":[{"href":"https:\/\/ritmy.fr\/essais\/wp-json\/wp\/v2\/types\/post"}],"author":[{"embeddable":true,"href":"https:\/\/ritmy.fr\/essais\/wp-json\/wp\/v2\/users\/3"}],"replies":[{"embeddable":true,"href":"https:\/\/ritmy.fr\/essais\/wp-json\/wp\/v2\/comments?post=8537"}],"version-history":[{"count":33,"href":"https:\/\/ritmy.fr\/essais\/wp-json\/wp\/v2\/posts\/8537\/revisions"}],"predecessor-version":[{"id":8759,"href":"https:\/\/ritmy.fr\/essais\/wp-json\/wp\/v2\/posts\/8537\/revisions\/8759"}],"wp:attachment":[{"href":"https:\/\/ritmy.fr\/essais\/wp-json\/wp\/v2\/media?parent=8537"}],"wp:term":[{"taxonomy":"category","embeddable":true,"href":"https:\/\/ritmy.fr\/essais\/wp-json\/wp\/v2\/categories?post=8537"},{"taxonomy":"post_tag","embeddable":true,"href":"https:\/\/ritmy.fr\/essais\/wp-json\/wp\/v2\/tags?post=8537"}],"curies":[{"name":"wp","href":"https:\/\/api.w.org\/{rel}","templated":true}]}}