{"id":8510,"date":"2013-02-26T09:37:11","date_gmt":"2013-02-26T08:37:11","guid":{"rendered":"http:\/\/ritmy.fr\/essais\/?p=8510"},"modified":"2013-11-09T15:32:53","modified_gmt":"2013-11-09T14:32:53","slug":"ritmy-et-la-barbacane-partenariat-reussi","status":"publish","type":"post","link":"https:\/\/ritmy.fr\/essais\/ritmy-et-la-barbacane-partenariat-reussi\/","title":{"rendered":"RITMY et LA BARBACANE: Partenariat r\u00e9ussi!"},"content":{"rendered":"<h1><strong>BARTOK et STRAVINSKY \u00e0 BEYNES&#8230; <span style=\"color: #ff0000;\">Beau succ\u00e8s!<\/span><\/strong><\/h1>\n<p><strong>Samedi soir, 23 f\u00e9vrier, la Barbacane a rassembl\u00e9 un bon nombre de m\u00e9lomanes avertis et de curieux qui souhaitaient r\u00e9entendre ou d\u00e9couvrir ces deux oeuvres majeures: la \u00ab\u00a0Sonate\u00a0\u00bb de BARTOK (deux pianos et percussions), et \u00ab\u00a0le Sacre du printemps\u00a0\u00bb de STRAVINSKY, en version originelle \u00ab\u00a0deux pianos\u00a0\u00bb. <\/strong><\/p>\n<p style=\"text-align: center;\">\n<p style=\"text-align: center;\"><a href=\"https:\/\/ritmy.fr\/essais\/wp-content\/uploads\/2013\/02\/Concert-RITMY-BEYNES-23-02-13-0242.jpg\"><img loading=\"lazy\" decoding=\"async\" class=\"size-medium wp-image-8529 aligncenter\" title=\"Concert RITMY - BEYNES 23-02-13 024\" src=\"https:\/\/ritmy.fr\/essais\/wp-content\/uploads\/2013\/02\/Concert-RITMY-BEYNES-23-02-13-0242-300x225.jpg\" alt=\"\" width=\"300\" height=\"225\" srcset=\"https:\/\/ritmy.fr\/essais\/wp-content\/uploads\/2013\/02\/Concert-RITMY-BEYNES-23-02-13-0242-300x225.jpg 300w, https:\/\/ritmy.fr\/essais\/wp-content\/uploads\/2013\/02\/Concert-RITMY-BEYNES-23-02-13-0242-1024x768.jpg 1024w\" sizes=\"auto, (max-width: 300px) 100vw, 300px\" \/><\/a><\/p>\n<p style=\"text-align: center;\">\n<p>Val\u00e9rie SCHAEFFER et Xavier BOTTHE aux pianos, Jean-Guillaume CATTIN et Florent JODELET aux percussions: l&rsquo;ensemble a plus que s\u00e9duit le public&#8230; Il est vrai que BARTOK ne peut laisser indiff\u00e9rent! Sonorit\u00e9s particuli\u00e8res, dissonnances, ruptures de rythme, lignes m\u00e9lodiques harmonieuses rappelant son pays natal, brusques acc\u00e9l\u00e9rations&#8230; comment ne pas vibrer \u00e0 l&rsquo;\u00e9coute de cette sonate d&rsquo;une grande modernit\u00e9?<\/p>\n<p>Quant \u00e0 STRAVINSKY, ce \u00ab\u00a0Sacre\u00a0\u00bb tant de fois entendu, souvent en version de concert ou en ballet (ah! la chor\u00e9graphie de B\u00e9jart!&#8230;), peu d&rsquo;entre nous ont pu le savourer dans cette version d&rsquo;origine, avec deux pianos&#8230;<a href=\"https:\/\/ritmy.fr\/essais\/wp-content\/uploads\/2013\/02\/Concert-RITMY-BEYNES-23-02-13-018.jpg\"><img loading=\"lazy\" decoding=\"async\" class=\"aligncenter size-medium wp-image-8531\" title=\"Concert RITMY - BEYNES 23-02-13 018\" src=\"https:\/\/ritmy.fr\/essais\/wp-content\/uploads\/2013\/02\/Concert-RITMY-BEYNES-23-02-13-018-300x225.jpg\" alt=\"\" width=\"300\" height=\"225\" srcset=\"https:\/\/ritmy.fr\/essais\/wp-content\/uploads\/2013\/02\/Concert-RITMY-BEYNES-23-02-13-018-300x225.jpg 300w, https:\/\/ritmy.fr\/essais\/wp-content\/uploads\/2013\/02\/Concert-RITMY-BEYNES-23-02-13-018-1024x768.jpg 1024w\" sizes=\"auto, (max-width: 300px) 100vw, 300px\" \/><\/a><\/p>\n<dl id=\"attachment_8515\" class=\"wp-caption aligncenter\" style=\"width: 310px;\">\n<dt class=\"wp-caption-dt\"><\/dt>\n<dd class=\"wp-caption-dd\">Deux virtuoses pour un \u00ab\u00a0Sacre\u00a0\u00bb \u00e9blouissant!<\/dd>\n<\/dl>\n<p>&nbsp;<\/p>\n<p>Le public, venu nombreux, a couronn\u00e9 cette belle soir\u00e9e par de longs et chaleureux applaudissements, avec un rappel en prime. La BARBACANE et RITMY, qui ont organis\u00e9 conjointement ce concert dans notre r\u00e9gion, peuvent se r\u00e9jouir de ce succ\u00e8s, qui prouve une fois encore que la qualit\u00e9 des oeuvres et des interpr\u00e8tes attirent toujours, malgr\u00e9 les rigueurs hivernales, les programmes t\u00e9l\u00e9vis\u00e9s ou les envies parfois de demeurer sous la couette!&#8230;<\/p>\n<p>Notez enfin, amateurs de musique et d&rsquo;interpr\u00e8tes d&rsquo;exception, <span style=\"color: #ff0000;\"><strong>\u00e0 M\u00e9r\u00e9 (\u00e9glise St Denis)\u00a0le dimanche 24 mars prochain, \u00e0 17h<\/strong><\/span>, un fabuleux concert\u00a0avec la nouvelle \u00e9toile du clavier que les plus grandes salles s&rsquo;arrachent depuis quelques temps,\u00a0<span style=\"color: #ff0000;\">KOTARO FUKUMA<\/span>, pour un r\u00e9cital de piano\u00a0\u00a0au programme prestigieux (SCHUBERT, LISZT, BEETHOVEN, SMETANA, HUILLET, TAKEMITSU et DEBUSSY!)&#8230; <strong>Ne ratez surtout pas ce dernier rendez-vous des \u00ab\u00a023\u00e8mes Saisons\u00a0\u00bb de RITMY !<\/strong><\/p>\n","protected":false},"excerpt":{"rendered":"<p>BARTOK et STRAVINSKY \u00e0 BEYNES&#8230; Beau succ\u00e8s! Samedi soir, 23 f\u00e9vrier, la Barbacane a rassembl\u00e9 un bon nombre de m\u00e9lomanes avertis et de curieux qui souhaitaient r\u00e9entendre ou d\u00e9couvrir ces deux oeuvres majeures: la \u00ab\u00a0Sonate\u00a0\u00bb de BARTOK (deux pianos et percussions), et \u00ab\u00a0le Sacre du printemps\u00a0\u00bb de STRAVINSKY, en version originelle \u00ab\u00a0deux pianos\u00a0\u00bb. Val\u00e9rie SCHAEFFER &hellip; <\/p>\n<p><a class=\"more-link btn\" href=\"https:\/\/ritmy.fr\/essais\/ritmy-et-la-barbacane-partenariat-reussi\/\">Lire la suite<\/a><\/p>\n","protected":false},"author":4,"featured_media":0,"comment_status":"closed","ping_status":"closed","sticky":false,"template":"","format":"standard","meta":{"footnotes":""},"categories":[3,1],"tags":[],"class_list":["post-8510","post","type-post","status-publish","format-standard","hentry","category-les-oeuvres","category-ritmy","nodate","item-wrap"],"_links":{"self":[{"href":"https:\/\/ritmy.fr\/essais\/wp-json\/wp\/v2\/posts\/8510","targetHints":{"allow":["GET"]}}],"collection":[{"href":"https:\/\/ritmy.fr\/essais\/wp-json\/wp\/v2\/posts"}],"about":[{"href":"https:\/\/ritmy.fr\/essais\/wp-json\/wp\/v2\/types\/post"}],"author":[{"embeddable":true,"href":"https:\/\/ritmy.fr\/essais\/wp-json\/wp\/v2\/users\/4"}],"replies":[{"embeddable":true,"href":"https:\/\/ritmy.fr\/essais\/wp-json\/wp\/v2\/comments?post=8510"}],"version-history":[{"count":21,"href":"https:\/\/ritmy.fr\/essais\/wp-json\/wp\/v2\/posts\/8510\/revisions"}],"predecessor-version":[{"id":9816,"href":"https:\/\/ritmy.fr\/essais\/wp-json\/wp\/v2\/posts\/8510\/revisions\/9816"}],"wp:attachment":[{"href":"https:\/\/ritmy.fr\/essais\/wp-json\/wp\/v2\/media?parent=8510"}],"wp:term":[{"taxonomy":"category","embeddable":true,"href":"https:\/\/ritmy.fr\/essais\/wp-json\/wp\/v2\/categories?post=8510"},{"taxonomy":"post_tag","embeddable":true,"href":"https:\/\/ritmy.fr\/essais\/wp-json\/wp\/v2\/tags?post=8510"}],"curies":[{"name":"wp","href":"https:\/\/api.w.org\/{rel}","templated":true}]}}