{"id":8483,"date":"2013-02-14T09:41:36","date_gmt":"2013-02-14T08:41:36","guid":{"rendered":"http:\/\/ritmy.fr\/essais\/?p=8483"},"modified":"2013-11-09T15:33:06","modified_gmt":"2013-11-09T14:33:06","slug":"un-duo-de-choc-et-un-nouveau-cd","status":"publish","type":"post","link":"https:\/\/ritmy.fr\/essais\/un-duo-de-choc-et-un-nouveau-cd\/","title":{"rendered":"Un duo de choc, et un nouveau CD !&#8230;"},"content":{"rendered":"<h2 style=\"text-align: center;\"><\/h2>\n<h2 style=\"text-align: center;\"><span style=\"color: #ff0000;\">Duo fl\u00fbte \/ guitare&#8230;<\/span><\/h2>\n<h2 style=\"text-align: center;\"><span style=\"color: #ff0000;\">Luc URBAIN, ERIK MARCHELIE<\/span><\/h2>\n<h2 style=\"text-align: center;\"><\/h2>\n<h2 style=\"text-align: center;\"><span style=\"color: #ff0000;\">\u00a0<\/span><\/h2>\n<dl id=\"attachment_8478\" class=\"wp-caption aligncenter\" style=\"width: 262px; height: 243px;\">\n<dt class=\"wp-caption-dt\"><a href=\"https:\/\/ritmy.fr\/essais\/wp-content\/uploads\/2013\/02\/Concert-BUCHELAY-09-03-12-008.jpg\"><img loading=\"lazy\" decoding=\"async\" class=\" wp-image-8478\" title=\"Concert BUCHELAY 09-03-12 008\" src=\"https:\/\/ritmy.fr\/essais\/wp-content\/uploads\/2013\/02\/Concert-BUCHELAY-09-03-12-008-300x225.jpg\" alt=\"\" width=\"244\" height=\"193\" \/><\/a><\/dt>\n<dd class=\"wp-caption-dd\">Luc URBAIN et Erik MARCHELIE<\/dd>\n<\/dl>\n<p><span style=\"color: #000000;\">Peut-\u00eatre avez-vous eu l&rsquo;occasion d\u00e9j\u00e0, ici ou l\u00e0, de les applaudir?&#8230;<\/span><\/p>\n<p><span style=\"color: #000000;\">Notre vice-pr\u00e9sident Luc URBAIN, charg\u00e9 de la programmation des concerts RITMY, fl\u00fbtiste confirm\u00e9, se produit parfois avec son ami et complice, le guitariste Erik MARCHELIE.<\/span><\/p>\n<p><span style=\"color: #000000;\">Ils viennent de sortir un CD original, qui\u00a0\u00e9voque de fa\u00e7on tr\u00e8s po\u00e9tique la lyre (et la l\u00e9gende) d&rsquo;Orph\u00e9e&#8230;\u00a0 Vous pourrez vous procurer ce CD en allant sur le site:<\/span><\/p>\n<p><span style=\"color: #000000;\"><a href=\"http:\/\/www.productionsdoz.com\/fr\/autres-produits\/disques-compacts-et-dvds\/DZ1898.html\">http:\/\/www.productionsdoz.com\/fr\/autres-produits\/disques-compacts-et-dvds\/DZ1898.html<\/a> <\/span><\/p>\n<p>&nbsp;<\/p>\n<div id=\"attachment_8481\" style=\"width: 300px\" class=\"wp-caption alignleft\"><a href=\"https:\/\/ritmy.fr\/essais\/wp-content\/uploads\/2013\/02\/Concert-BUCHELAY-09-03-12-009.jpg\"><img loading=\"lazy\" decoding=\"async\" aria-describedby=\"caption-attachment-8481\" class=\"size-medium wp-image-8481\" title=\"Concert BUCHELAY 09-03-12 009\" src=\"https:\/\/ritmy.fr\/essais\/wp-content\/uploads\/2013\/02\/Concert-BUCHELAY-09-03-12-009-300x225.jpg\" alt=\"\" width=\"300\" height=\"225\" srcset=\"https:\/\/ritmy.fr\/essais\/wp-content\/uploads\/2013\/02\/Concert-BUCHELAY-09-03-12-009-300x225.jpg 300w, https:\/\/ritmy.fr\/essais\/wp-content\/uploads\/2013\/02\/Concert-BUCHELAY-09-03-12-009-1024x768.jpg 1024w\" sizes=\"auto, (max-width: 300px) 100vw, 300px\" \/><\/a><p id=\"caption-attachment-8481\" class=\"wp-caption-text\">Luc URBAIN&#8230;Grande virtuosit\u00e9!<\/p><\/div>\n<div id=\"attachment_8482\" style=\"width: 225px\" class=\"wp-caption alignright\"><a href=\"https:\/\/ritmy.fr\/essais\/wp-content\/uploads\/2013\/02\/Concert-BUCHELAY-09-03-12-014.jpg\"><img loading=\"lazy\" decoding=\"async\" aria-describedby=\"caption-attachment-8482\" class=\"size-medium wp-image-8482 \" title=\"Concert BUCHELAY 09-03-12 014\" src=\"https:\/\/ritmy.fr\/essais\/wp-content\/uploads\/2013\/02\/Concert-BUCHELAY-09-03-12-014-225x300.jpg\" alt=\"\" width=\"225\" height=\"300\" srcset=\"https:\/\/ritmy.fr\/essais\/wp-content\/uploads\/2013\/02\/Concert-BUCHELAY-09-03-12-014-225x300.jpg 225w, https:\/\/ritmy.fr\/essais\/wp-content\/uploads\/2013\/02\/Concert-BUCHELAY-09-03-12-014-768x1024.jpg 768w, https:\/\/ritmy.fr\/essais\/wp-content\/uploads\/2013\/02\/Concert-BUCHELAY-09-03-12-014.jpg 1944w\" sizes=\"auto, (max-width: 225px) 100vw, 225px\" \/><\/a><p id=\"caption-attachment-8482\" class=\"wp-caption-text\">Erik MARCHELIE&#8230; des mains d&rsquo;argent !<\/p><\/div>\n<p>&nbsp;<\/p>\n<p>&nbsp;<\/p>\n<p>&nbsp;<\/p>\n<p>&nbsp;<\/p>\n<p>&nbsp;<\/p>\n<p>&nbsp;<\/p>\n<p>&nbsp;<\/p>\n<p>&nbsp;<\/p>\n<p>&#8230;Ces deux musiciens de talent, professeurs \u00e0 l&rsquo;\u00e9cole nationale de musique de MANTES la Jolie, se produisent\u00a0r\u00e9guli\u00e8rement dans notre belle r\u00e9gion de l&rsquo;Ouest Francilien&#8230; ne ratez pas leur prochain passage pr\u00e8s de chez vous!<\/p>\n","protected":false},"excerpt":{"rendered":"<p>Duo fl\u00fbte \/ guitare&#8230; Luc URBAIN, ERIK MARCHELIE \u00a0 Luc URBAIN et Erik MARCHELIE Peut-\u00eatre avez-vous eu l&rsquo;occasion d\u00e9j\u00e0, ici ou l\u00e0, de les applaudir?&#8230; Notre vice-pr\u00e9sident Luc URBAIN, charg\u00e9 de la programmation des concerts RITMY, fl\u00fbtiste confirm\u00e9, se produit parfois avec son ami et complice, le guitariste Erik MARCHELIE. Ils viennent de sortir un &hellip; <\/p>\n<p><a class=\"more-link btn\" href=\"https:\/\/ritmy.fr\/essais\/un-duo-de-choc-et-un-nouveau-cd\/\">Lire la suite<\/a><\/p>\n","protected":false},"author":4,"featured_media":0,"comment_status":"closed","ping_status":"closed","sticky":false,"template":"","format":"standard","meta":{"footnotes":""},"categories":[3,1],"tags":[],"class_list":["post-8483","post","type-post","status-publish","format-standard","hentry","category-les-oeuvres","category-ritmy","nodate","item-wrap"],"_links":{"self":[{"href":"https:\/\/ritmy.fr\/essais\/wp-json\/wp\/v2\/posts\/8483","targetHints":{"allow":["GET"]}}],"collection":[{"href":"https:\/\/ritmy.fr\/essais\/wp-json\/wp\/v2\/posts"}],"about":[{"href":"https:\/\/ritmy.fr\/essais\/wp-json\/wp\/v2\/types\/post"}],"author":[{"embeddable":true,"href":"https:\/\/ritmy.fr\/essais\/wp-json\/wp\/v2\/users\/4"}],"replies":[{"embeddable":true,"href":"https:\/\/ritmy.fr\/essais\/wp-json\/wp\/v2\/comments?post=8483"}],"version-history":[{"count":21,"href":"https:\/\/ritmy.fr\/essais\/wp-json\/wp\/v2\/posts\/8483\/revisions"}],"predecessor-version":[{"id":8508,"href":"https:\/\/ritmy.fr\/essais\/wp-json\/wp\/v2\/posts\/8483\/revisions\/8508"}],"wp:attachment":[{"href":"https:\/\/ritmy.fr\/essais\/wp-json\/wp\/v2\/media?parent=8483"}],"wp:term":[{"taxonomy":"category","embeddable":true,"href":"https:\/\/ritmy.fr\/essais\/wp-json\/wp\/v2\/categories?post=8483"},{"taxonomy":"post_tag","embeddable":true,"href":"https:\/\/ritmy.fr\/essais\/wp-json\/wp\/v2\/tags?post=8483"}],"curies":[{"name":"wp","href":"https:\/\/api.w.org\/{rel}","templated":true}]}}