{"id":8394,"date":"2013-02-07T21:46:25","date_gmt":"2013-02-07T20:46:25","guid":{"rendered":"http:\/\/ritmy.fr\/essais\/?p=8394"},"modified":"2013-11-09T15:33:21","modified_gmt":"2013-11-09T14:33:21","slug":"2-pianos-percussions-programme-bartok-et-stravinsky-a-beynes-le-23-fevrier","status":"publish","type":"post","link":"https:\/\/ritmy.fr\/essais\/2-pianos-percussions-programme-bartok-et-stravinsky-a-beynes-le-23-fevrier\/","title":{"rendered":"&lsquo;2 PIANOS-PERCUSSIONS&rsquo;, programme Bartok et Stravinsky, \u00e0 BEYNES le 23 f\u00e9vrier &#8230;"},"content":{"rendered":"<h2 style=\"text-align: center;\"><span style=\"color: #ff0000;\">\u00ab\u00a0Sonate\u00a0\u00bb de BARTOK, et \u00ab\u00a0Le Sacre du printemps\u00a0\u00bb de STRAVINSKY<\/span><\/h2>\n<h3 style=\"text-align: center;\"><span style=\"color: #ff0000;\">interpr\u00e9t\u00e9s par 2 PIANOS et des PERCUSSIONS,<\/span><\/h3>\n<h3 style=\"text-align: center;\"><span style=\"color: #ff0000;\">le samedi 23 f\u00e9vrier \u00e0 20h45, \u00e0 La Barbacane \u00e0 BEYNES.<\/span><\/h3>\n<p><strong>Ce concert est une co-organisation Ritmy &#8211; La Barbacane, sc\u00e8ne conventionn\u00e9e \u00e0 Beynes.<\/strong><\/p>\n<p><strong><\/strong> Le choix de cette formation instrumentale atypique\u00a0r\u00e9unissant <strong>deux pianos et des percussions<\/strong> est la grande originalit\u00e9 de ce concert. Cette formation fascine autant visuellement, dans le d\u00e9ploiement spatial des instruments, que musicalement, en cr\u00e9ant un monde sonore nouveau en mati\u00e8re de timbres et de rythmes.<\/p>\n<p>Les deux \u0153uvres interpr\u00e9t\u00e9es lors de ce concert ont aussi en commun une m\u00eame inspiration\u00a0: la c\u00e9l\u00e9bration de la vie dans d\u2019\u00e9nergiques compositions, toutes deux musicalement novatrices.<\/p>\n<p>&nbsp;<\/p>\n<div id=\"attachment_8320\" style=\"width: 300px\" class=\"wp-caption alignleft\"><a href=\"https:\/\/ritmy.fr\/essais\/wp-content\/uploads\/2013\/01\/DSC01089.jpg\"><img loading=\"lazy\" decoding=\"async\" aria-describedby=\"caption-attachment-8320\" class=\"size-medium wp-image-8320 \" title=\"Val\u00e9rie Schaeffer et Xavier Botthe\" src=\"https:\/\/ritmy.fr\/essais\/wp-content\/uploads\/2013\/01\/DSC01089-300x188.jpg\" alt=\"\" width=\"300\" height=\"188\" srcset=\"https:\/\/ritmy.fr\/essais\/wp-content\/uploads\/2013\/01\/DSC01089-300x188.jpg 300w, https:\/\/ritmy.fr\/essais\/wp-content\/uploads\/2013\/01\/DSC01089-1024x643.jpg 1024w\" sizes=\"auto, (max-width: 300px) 100vw, 300px\" \/><\/a><p id=\"caption-attachment-8320\" class=\"wp-caption-text\">Val\u00e9rie Schaeffer et Xavier Botthe<\/p><\/div>\n<div id=\"attachment_8430\" style=\"width: 216px\" class=\"wp-caption alignright\"><a href=\"https:\/\/ritmy.fr\/essais\/wp-content\/uploads\/2013\/02\/IMG_4717.jpg\"><img loading=\"lazy\" decoding=\"async\" aria-describedby=\"caption-attachment-8430\" class=\" wp-image-8430  \" title=\"IMG_4717\" src=\"https:\/\/ritmy.fr\/essais\/wp-content\/uploads\/2013\/02\/IMG_4717-300x261.jpg\" alt=\"\" width=\"216\" height=\"188\" srcset=\"https:\/\/ritmy.fr\/essais\/wp-content\/uploads\/2013\/02\/IMG_4717-300x261.jpg 300w, https:\/\/ritmy.fr\/essais\/wp-content\/uploads\/2013\/02\/IMG_4717-1024x893.jpg 1024w\" sizes=\"auto, (max-width: 216px) 100vw, 216px\" \/><\/a><p id=\"caption-attachment-8430\" class=\"wp-caption-text\">Jean-Guillaume Cattin et Florent Jodelet<\/p><\/div>\n<p>&nbsp;<\/p>\n<p>&nbsp;<\/p>\n<p>&nbsp;<\/p>\n<p>&nbsp;<\/p>\n<p>&nbsp;<\/p>\n<p>&nbsp;<\/p>\n<p>&nbsp;<\/p>\n<p>&nbsp;<\/p>\n<p><span style=\"text-decoration: underline; color: #0000ff;\"><strong>La <em>Sonate pour deux pianos et percussion\u00a0<\/em>de B\u00e9la BARTOK<\/strong><\/span><\/p>\n<p>Cette \u0153uvre \u00a0est cr\u00e9\u00e9e<strong> <\/strong>le 16 janvier 1938 \u00e0 B\u00e2le. La carri\u00e8re de \u00a0pianiste et de compositeur de <strong>Bart\u00f3k<\/strong> est\u00a0 alors combl\u00e9e par la r\u00e9ussite. \u00a0Comme compositeur, il semble avoir atteint sa pl\u00e9nitude\u00a0: il produit, dans les ann\u00e9es trente, une s\u00e9rie de chefs-d\u2019\u0153uvre fascinants dans leur ma\u00eetrise formelle autant que dans leur invention sonore. La <em><strong>Sonate pour deux pianos et percussion<\/strong><\/em>\u00a0est l\u2019un des joyaux de cette floraison.<\/p>\n<p>L\u2019originalit\u00e9 sonore est produite par le rassemblement de neuf instruments de percussion: timbale, grosse caisse, cymbales frapp\u00e9es, cymbale suspendue, tam-tam, caisse claire avec timbre, caisse claire sans timbre, triangle et xylophone, dont les timbres s\u2019enrichissent de multiples mani\u00e8res de jouer. <strong>Bart\u00f3k<\/strong> redistribue les r\u00f4les\u00a0: \u00e9criture volontiers percussive pour les pianos\u00a0; m\u00e9lodique pour le\u00a0 xylophone. Il exige des instruments une virtuosit\u00e9 particuli\u00e8re, produisant des effets inou\u00efs comme les \u00e9tonnantes vagues de la timbale\u00a0 \u00e0 la fin de la \u00ab\u00a0gigue\u00a0\u00bb.<\/p>\n<p>Avec cette sonate, <strong>Bart\u00f3k<\/strong>\u00a0 fait entrer l\u2019utilisation de la percussion dans la musique de chambre dans sa maturit\u00e9, ouvrant le sillage \u00e0 Ligeti, Bernstein, Stockhausen.<\/p>\n<p>\u25ca <em>En voici une interpr\u00e9tation du 1er mouvement (la Sonate en comporte 3) :<\/em><\/p>\n<p><iframe loading=\"lazy\" src=\"http:\/\/www.youtube.com\/embed\/2k2Z-SOsqdk?rel=0\" frameborder=\"0\" width=\"560\" height=\"315\"><\/iframe><br \/>\n<strong><\/strong><\/p>\n<p><strong><span style=\"text-decoration: underline; color: #0000ff;\">Le <em>Sacre du printemps<\/em> d\u2019Igor STRAVINSKY<\/span> \u00a0 <\/strong>(transcription pour deux pianos et percussions)<\/p>\n<p><strong><em>Le Sacre du printemps<\/em><\/strong><em> \u00a0<\/em>approfondit des \u00e9l\u00e9ments d\u00e9j\u00e0 exp\u00e9riment\u00e9s par Stravinsky avec ses deux premiers ballets L\u2019<em>Oiseau de feu<\/em> et <em>Petrouchka<\/em> : le rythme et l\u2019harmonie<em>.<\/em><\/p>\n<p><em><\/em> Sous-titr\u00e9e <em>\u00ab Tableaux de la Russie pa\u00efenne en deux parties \u00bb, <\/em>l\u2019\u0153uvre se compose de deux tableaux\u00a0: <strong><em>l\u2019adoration de la terre<\/em><\/strong>, et <strong><em>le sacrifice<\/em><\/strong>. Stravinsky en \u00e9voque la gen\u00e8se\u00a0: en finissant <em>l\u2019Oiseau de feu,<\/em> il entrevoit dans son imagination les images d\u2019un grand rite sacral\u00a0pa\u00efen: de vieux sages r\u00e9unis en cercle autour d\u2019une jeune fille qui danse \u00e0 la mort, avant d\u2019\u00eatre sacrifi\u00e9e au dieu du printemps. Tel est le th\u00e8me du <strong><em>Sacre du printemps<\/em><\/strong>, qu\u2019il compose en collaboration avec le peintre Nicolas Roerich, adepte d\u2019un n\u00e9o-primitivisme slave, avec qui il \u00e9crit l\u2019argument, et qui en r\u00e9alisera les d\u00e9cors et les costumes. Diaghilev se passionne pour le projet dont Nijinsky cr\u00e9era la partie chor\u00e9graphique.<\/p>\n<p>La cr\u00e9ation au th\u00e9\u00e2tre des Champs \u00c9lys\u00e9es \u00e0 Paris, le 29 mai 1913, a donn\u00e9 lieu \u00e0 l\u2019un des plus\u00a0 grands scandales de l\u2019histoire de la musique, sifflets et hurlements couvrant l\u2019orchestre. On consid\u00e8re pourtant aujourd\u2019hui la partition de <strong><em>Stravinsky<\/em><\/strong> comme une des \u0153uvres les plus importantes du XXe si\u00e8cle.<\/p>\n<p>\u00ab\u00a0Avec <strong>le Sacre du printemps<\/strong>, j\u2019ai voulu exprimer la supr\u00eame mont\u00e9e totale, panique, de la s\u00e8ve universelle\u00a0 dans la nature qui se renouvelle\u00a0\u00bb, dit <strong>Stravinsky<\/strong>.\u00a0 Pour Debussy, c\u2019est \u00ab\u00a0Une musique de sauvage avec tout le confort moderne\u00a0\u00bb\u2026<\/p>\n<p>Il faut noter que la <strong>version pour 2 pianos <\/strong>est la premi\u00e8re version originale cr\u00e9\u00e9e par <strong>Stravinsky<\/strong>.<\/p>\n<p>\u25ca\u00a0<em>Voici un extrait dans une interpr\u00e9tation pour 2 pianos de Yannick Wirner et Lidija Pavlovic :<\/em><\/p>\n<p><iframe loading=\"lazy\" src=\"http:\/\/www.youtube.com\/embed\/k01WA8lbBXI?rel=0\" frameborder=\"0\" width=\"420\" height=\"315\"><\/iframe><\/p>\n<p>&nbsp;<\/p>\n<p><strong>Pour notre concert, ces deux oeuvres magnifiques seront interpr\u00e9t\u00e9es par des <span style=\"color: #0000ff;\">artistes <span style=\"color: #000000;\">ayant une longue exp\u00e9rience et un riche parcours en France et \u00e0 l&rsquo;\u00e9tranger <\/span><\/span><span style=\"color: #000000;\">:<\/span><\/strong><\/p>\n<p style=\"padding-left: 30px;\"><strong>&#8211; <span style=\"color: #0000ff;\">Val\u00e9rie SCHAEFFER<\/span> et <span style=\"color: #0000ff;\">Xavier BOTTHE<\/span> aux pianos<\/strong><\/p>\n<p style=\"padding-left: 30px;\"><strong>&#8211; <span style=\"color: #0000ff;\">Jean Guillaume CATTIN<\/span> et <span style=\"color: #0000ff;\">Florent JODELET<\/span> aux percussions<\/strong><\/p>\n<p>&nbsp;<\/p>\n<h4><span style=\"color: #ff0000;\"><strong><em>Pour <span style=\"text-decoration: underline;\">r\u00e9server vos places<\/span>, vous pouvez le faire ici directement, en cliquant <span style=\"text-decoration: underline;\"><span style=\"color: #ff00ff;\"><a title=\"VOS BILLETS\" href=\"https:\/\/ritmy.fr\/essais\/reserver\/vos-billets\/\"><span style=\"color: #ff00ff; text-decoration: underline;\">LA<\/span><\/a><\/span><\/span><\/em><\/strong><\/span><\/h4>\n<h4><em><strong><span style=\"color: #ff0000;\">ou par t\u00e9l\u00e9phone au <\/span>\u00a0<span style=\"color: #ff00ff;\">09-81-05-85-86<\/span><\/strong><\/em><\/h4>\n<p style=\"text-align: center;\">*****************************************************************************************************************<\/p>\n<p>Si vous voulez r\u00e9agir, nous proposer ou nous demander une \u0153uvre, commenter ou signaler un \u00e9v\u00e9nement dans les Yvelines \u2026 l&rsquo;adresse courriel de\u00a0<strong>RITMY<\/strong>\u00a0est faite pour vous !<\/p>\n<p style=\"text-align: center;\"><span style=\"color: #0000ff;\"><a href=\"mailto:contact.ritmy@gmail.com\"><span style=\"color: #0000ff;\"><strong>contact.ritmy@gmail.com<\/strong><\/span><\/a><\/span><\/p>\n","protected":false},"excerpt":{"rendered":"<p>\u00ab\u00a0Sonate\u00a0\u00bb de BARTOK, et \u00ab\u00a0Le Sacre du printemps\u00a0\u00bb de STRAVINSKY interpr\u00e9t\u00e9s par 2 PIANOS et des PERCUSSIONS, le samedi 23 f\u00e9vrier \u00e0 20h45, \u00e0 La Barbacane \u00e0 BEYNES. Ce concert est une co-organisation Ritmy &#8211; La Barbacane, sc\u00e8ne conventionn\u00e9e \u00e0 Beynes. Le choix de cette formation instrumentale atypique\u00a0r\u00e9unissant deux pianos et des percussions est la &hellip; <\/p>\n<p><a class=\"more-link btn\" href=\"https:\/\/ritmy.fr\/essais\/2-pianos-percussions-programme-bartok-et-stravinsky-a-beynes-le-23-fevrier\/\">Lire la suite<\/a><\/p>\n","protected":false},"author":3,"featured_media":0,"comment_status":"closed","ping_status":"closed","sticky":false,"template":"","format":"standard","meta":{"footnotes":""},"categories":[3,1],"tags":[51,53,52,12,50],"class_list":["post-8394","post","type-post","status-publish","format-standard","hentry","category-les-oeuvres","category-ritmy","tag-bartok","tag-beynes","tag-percussions","tag-piano","tag-stravinsky","nodate","item-wrap"],"_links":{"self":[{"href":"https:\/\/ritmy.fr\/essais\/wp-json\/wp\/v2\/posts\/8394","targetHints":{"allow":["GET"]}}],"collection":[{"href":"https:\/\/ritmy.fr\/essais\/wp-json\/wp\/v2\/posts"}],"about":[{"href":"https:\/\/ritmy.fr\/essais\/wp-json\/wp\/v2\/types\/post"}],"author":[{"embeddable":true,"href":"https:\/\/ritmy.fr\/essais\/wp-json\/wp\/v2\/users\/3"}],"replies":[{"embeddable":true,"href":"https:\/\/ritmy.fr\/essais\/wp-json\/wp\/v2\/comments?post=8394"}],"version-history":[{"count":70,"href":"https:\/\/ritmy.fr\/essais\/wp-json\/wp\/v2\/posts\/8394\/revisions"}],"predecessor-version":[{"id":8466,"href":"https:\/\/ritmy.fr\/essais\/wp-json\/wp\/v2\/posts\/8394\/revisions\/8466"}],"wp:attachment":[{"href":"https:\/\/ritmy.fr\/essais\/wp-json\/wp\/v2\/media?parent=8394"}],"wp:term":[{"taxonomy":"category","embeddable":true,"href":"https:\/\/ritmy.fr\/essais\/wp-json\/wp\/v2\/categories?post=8394"},{"taxonomy":"post_tag","embeddable":true,"href":"https:\/\/ritmy.fr\/essais\/wp-json\/wp\/v2\/tags?post=8394"}],"curies":[{"name":"wp","href":"https:\/\/api.w.org\/{rel}","templated":true}]}}