{"id":8223,"date":"2013-01-31T15:02:15","date_gmt":"2013-01-31T14:02:15","guid":{"rendered":"http:\/\/ritmy.fr\/essais\/?p=8223"},"modified":"2013-11-09T15:33:44","modified_gmt":"2013-11-09T14:33:44","slug":"ambiances-du-concert-barret-pellen-de-ce-dimanche-27-janvier","status":"publish","type":"post","link":"https:\/\/ritmy.fr\/essais\/ambiances-du-concert-barret-pellen-de-ce-dimanche-27-janvier\/","title":{"rendered":"Ambiances du concert \u00ab\u00a0BARRET &#8211; PELLEN\u00a0\u00bb de ce dimanche 27 janvier &#8230;"},"content":{"rendered":"<h2 style=\"text-align: center;\"><span style=\"color: #9933ff;\">&lsquo;Inspirations celtiques&rsquo; &#8211; concert de Jazz<\/span><\/h2>\n<h2 style=\"text-align: center;\"><span style=\"color: #9933ff;\">donn\u00e9 par Eric BARRET et Jacques PELLEN \u00e0 GARANCIERES<\/span><\/h2>\n<div title=\"Page 1\">\n<p><a href=\"https:\/\/ritmy.fr\/essais\/wp-content\/uploads\/2013\/01\/Concert-RITMY-Garancieres-27-01-13-019.jpg\"><img loading=\"lazy\" decoding=\"async\" class=\"alignleft size-medium wp-image-8231\" title=\"Concert RITMY - Garancieres 27-01-13 019\" src=\"https:\/\/ritmy.fr\/essais\/wp-content\/uploads\/2013\/01\/Concert-RITMY-Garancieres-27-01-13-019-300x225.jpg\" alt=\"\" width=\"300\" height=\"225\" srcset=\"https:\/\/ritmy.fr\/essais\/wp-content\/uploads\/2013\/01\/Concert-RITMY-Garancieres-27-01-13-019-300x225.jpg 300w, https:\/\/ritmy.fr\/essais\/wp-content\/uploads\/2013\/01\/Concert-RITMY-Garancieres-27-01-13-019.jpg 1002w\" sizes=\"auto, (max-width: 300px) 100vw, 300px\" \/><\/a><\/p>\n<p>&nbsp;<\/p>\n<p>Dimanche 27 janvier, dans la salle des f\u00eates de Garanci\u00e8res, on a rajout\u00e9 des si\u00e8ges pour le duo de jazz form\u00e9 par <strong>Eric BARRET (saxophone)<\/strong> et <strong>Jacques PELLEN (guitare).<\/strong><\/p>\n<div>\n<p>En plus des r\u00e9servations des semaines pr\u00e9c\u00e9dentes, la pr\u00e9sence de nombreux auditeurs au jour du concert a \u00e9t\u00e9 \u00e0 la hauteur de la r\u00e9putation de ces deux artistes qui nous ont propos\u00e9 un jazz tr\u00e8s actuel, aux influences celtiques.<\/p>\n<p>&nbsp;<\/p>\n<p>&nbsp;<\/p>\n<p>M\u00e9lodies nostalgiques, envol\u00e9es du saxo dans les aigus, soli de guitare rappelant les rythmes irlandais&#8230;<\/p>\n<p>&nbsp;<\/p>\n<div id=\"attachment_8240\" style=\"width: 180px\" class=\"wp-caption alignleft\"><a href=\"https:\/\/ritmy.fr\/essais\/wp-content\/uploads\/2013\/01\/Concert-RITMY-Garancieres-27-01-13-009.jpg\"><img loading=\"lazy\" decoding=\"async\" aria-describedby=\"caption-attachment-8240\" class=\"wp-image-8240 \" title=\"Concert RITMY - Garancieres 27-01-13 009\" src=\"https:\/\/ritmy.fr\/essais\/wp-content\/uploads\/2013\/01\/Concert-RITMY-Garancieres-27-01-13-009-225x300.jpg\" alt=\"\" width=\"180\" height=\"240\" srcset=\"https:\/\/ritmy.fr\/essais\/wp-content\/uploads\/2013\/01\/Concert-RITMY-Garancieres-27-01-13-009-225x300.jpg 225w, https:\/\/ritmy.fr\/essais\/wp-content\/uploads\/2013\/01\/Concert-RITMY-Garancieres-27-01-13-009.jpg 768w\" sizes=\"auto, (max-width: 180px) 100vw, 180px\" \/><\/a><p id=\"caption-attachment-8240\" class=\"wp-caption-text\">Eric Barret<\/p><\/div>\n<div id=\"attachment_8298\" style=\"width: 240px\" class=\"wp-caption alignleft\"><a href=\"https:\/\/ritmy.fr\/essais\/wp-content\/uploads\/2013\/01\/Image-3.jpg\"><img loading=\"lazy\" decoding=\"async\" aria-describedby=\"caption-attachment-8298\" class=\" wp-image-8298  \" title=\"Image 3\" src=\"https:\/\/ritmy.fr\/essais\/wp-content\/uploads\/2013\/01\/Image-3-300x198.jpg\" alt=\"\" width=\"240\" height=\"158\" srcset=\"https:\/\/ritmy.fr\/essais\/wp-content\/uploads\/2013\/01\/Image-3-300x198.jpg 300w, https:\/\/ritmy.fr\/essais\/wp-content\/uploads\/2013\/01\/Image-3.jpg 320w\" sizes=\"auto, (max-width: 240px) 100vw, 240px\" \/><\/a><p id=\"caption-attachment-8298\" class=\"wp-caption-text\">Jacques Pellen<\/p><\/div>\n<p>&nbsp;<\/p>\n<p>&nbsp;<\/p>\n<p>&nbsp;<\/p>\n<p>&nbsp;<\/p>\n<p>&nbsp;<\/p>\n<p>&nbsp;<\/p>\n<p>&nbsp;<\/p>\n<p>Des sonorit\u00e9s parfois d\u00e9routantes pour une partie du public non initi\u00e9.<\/p>\n<p>Apr\u00e8s l\u2019entracte quelques arrangements techniques sur le son et les lumi\u00e8res ont favoris\u00e9 une meilleure \u00e9coute &#8230;<\/p>\n<\/div>\n<\/div>\n<div title=\"Page 2\">\n<p>&nbsp;<\/p>\n<p><strong>Prochain rendez-vous pour tous les \u00ab fid\u00e8les \u00bb de RITMY : samedi 23 f\u00e9vrier, 20h45, La Barbacane (BEYNES) pour un programme classique (BARTOK \u2013 STRAVINSKY) servi par deux pianos et un ensemble de percussions !&#8230;<\/strong><\/p>\n<\/div>\n","protected":false},"excerpt":{"rendered":"<p>&lsquo;Inspirations celtiques&rsquo; &#8211; concert de Jazz donn\u00e9 par Eric BARRET et Jacques PELLEN \u00e0 GARANCIERES &nbsp; Dimanche 27 janvier, dans la salle des f\u00eates de Garanci\u00e8res, on a rajout\u00e9 des si\u00e8ges pour le duo de jazz form\u00e9 par Eric BARRET (saxophone) et Jacques PELLEN (guitare). En plus des r\u00e9servations des semaines pr\u00e9c\u00e9dentes, la pr\u00e9sence de &hellip; <\/p>\n<p><a class=\"more-link btn\" href=\"https:\/\/ritmy.fr\/essais\/ambiances-du-concert-barret-pellen-de-ce-dimanche-27-janvier\/\">Lire la suite<\/a><\/p>\n","protected":false},"author":3,"featured_media":0,"comment_status":"closed","ping_status":"closed","sticky":false,"template":"","format":"standard","meta":{"footnotes":""},"categories":[3,1],"tags":[44,46,48,42,45,47],"class_list":["post-8223","post","type-post","status-publish","format-standard","hentry","category-les-oeuvres","category-ritmy","tag-barret","tag-garancieres","tag-guitare","tag-jazz","tag-pellen","tag-saxophone","nodate","item-wrap"],"_links":{"self":[{"href":"https:\/\/ritmy.fr\/essais\/wp-json\/wp\/v2\/posts\/8223","targetHints":{"allow":["GET"]}}],"collection":[{"href":"https:\/\/ritmy.fr\/essais\/wp-json\/wp\/v2\/posts"}],"about":[{"href":"https:\/\/ritmy.fr\/essais\/wp-json\/wp\/v2\/types\/post"}],"author":[{"embeddable":true,"href":"https:\/\/ritmy.fr\/essais\/wp-json\/wp\/v2\/users\/3"}],"replies":[{"embeddable":true,"href":"https:\/\/ritmy.fr\/essais\/wp-json\/wp\/v2\/comments?post=8223"}],"version-history":[{"count":44,"href":"https:\/\/ritmy.fr\/essais\/wp-json\/wp\/v2\/posts\/8223\/revisions"}],"predecessor-version":[{"id":8313,"href":"https:\/\/ritmy.fr\/essais\/wp-json\/wp\/v2\/posts\/8223\/revisions\/8313"}],"wp:attachment":[{"href":"https:\/\/ritmy.fr\/essais\/wp-json\/wp\/v2\/media?parent=8223"}],"wp:term":[{"taxonomy":"category","embeddable":true,"href":"https:\/\/ritmy.fr\/essais\/wp-json\/wp\/v2\/categories?post=8223"},{"taxonomy":"post_tag","embeddable":true,"href":"https:\/\/ritmy.fr\/essais\/wp-json\/wp\/v2\/tags?post=8223"}],"curies":[{"name":"wp","href":"https:\/\/api.w.org\/{rel}","templated":true}]}}