{"id":8196,"date":"2012-12-20T18:02:58","date_gmt":"2012-12-20T17:02:58","guid":{"rendered":"http:\/\/ritmy.fr\/essais\/?p=8196"},"modified":"2013-11-09T15:33:53","modified_gmt":"2013-11-09T14:33:53","slug":"jazz-avec-le-duo-barret-pellen-a-garancieres-le-27-janvier","status":"publish","type":"post","link":"https:\/\/ritmy.fr\/essais\/jazz-avec-le-duo-barret-pellen-a-garancieres-le-27-janvier\/","title":{"rendered":"Jazz avec le duo BARRET \/ PELLEN \u00e0 Garanci\u00e8res le 27 janvier"},"content":{"rendered":"<h2 style=\"text-align: center;\"><strong><span style=\"color: #ff0000;\">\u00ab\u00a0Inspirations Celtiques\u00a0\u00bb<\/span><\/strong><\/h2>\n<h2 style=\"text-align: center;\"><strong><span style=\"color: #ff0000;\">par Eric BARRET (saxophones) et Jacques PELLEN (guitare),<\/span><\/strong><\/h2>\n<h3 style=\"text-align: center;\"><strong><span style=\"color: #ff0000;\">le dimanche 27 janvier 2013 , \u00e0 17h., \u00e0 la Salle des f\u00eates de GARANCIERES<\/span><\/strong><\/h3>\n<p>&nbsp;<\/p>\n<p><a href=\"https:\/\/ritmy.fr\/essais\/wp-content\/uploads\/2012\/12\/Eric-Barret-Jacques-Pellen-Photo-Eric-Legret.jpg\"><img loading=\"lazy\" decoding=\"async\" class=\"alignleft size-full wp-image-8153\" title=\"Eric Barret - Jacques Pellen Photo Eric Legret\" src=\"https:\/\/ritmy.fr\/essais\/wp-content\/uploads\/2012\/12\/Eric-Barret-Jacques-Pellen-Photo-Eric-Legret.jpg\" alt=\"\" width=\"283\" height=\"202\" \/><\/a><\/p>\n<p align=\"left\"><span style=\"color: #0000ff;\">C&rsquo;est \u00e0 un voyage entre jazz et musique celtique, musique improvis\u00e9e et musique traditionnelle que nous convient ces deux musiciens.<\/span><\/p>\n<p align=\"left\"><span style=\"color: #0000ff;\"><strong>Eric BARRET (saxophones)<\/strong> et <strong>Jacques PELLEN (guitare)<\/strong> se connaissent depuis plus de vingt ans et ont jou\u00e9 ensemble dans la CELTIC PROCESSION, un ensemble r\u00e9unissant quelques uns des plus grands jazzmen europ\u00e9ens et musiciens celtiques.<\/span><\/p>\n<p align=\"left\"><span style=\"color: #0000ff;\">Ils se retrouvent aujourd&rsquo;hui en duo et c&rsquo;est dans cette formule intimiste qu&rsquo;ils renouent avec le m\u00e9lange des genres pour tenter de porter la musique, vaste projet, au-del\u00e0 de la tradition\u2026<\/span><\/p>\n<p align=\"left\"><a href=\"https:\/\/ritmy.fr\/essais\/wp-content\/uploads\/2012\/12\/Eric-Barret-0019-Photo-Eric-Legret.jpg\"><img loading=\"lazy\" decoding=\"async\" class=\" wp-image-8158 alignright\" title=\"Eric Barret 0019 Photo Eric Legret\" src=\"https:\/\/ritmy.fr\/essais\/wp-content\/uploads\/2012\/12\/Eric-Barret-0019-Photo-Eric-Legret-213x300.jpg\" alt=\"\" width=\"192\" height=\"270\" srcset=\"https:\/\/ritmy.fr\/essais\/wp-content\/uploads\/2012\/12\/Eric-Barret-0019-Photo-Eric-Legret-213x300.jpg 213w, https:\/\/ritmy.fr\/essais\/wp-content\/uploads\/2012\/12\/Eric-Barret-0019-Photo-Eric-Legret.jpg 472w\" sizes=\"auto, (max-width: 192px) 100vw, 192px\" \/><\/a><\/p>\n<p>&nbsp;<\/p>\n<p>Saxophoniste et chef d&rsquo;orchestre, compositeur et musicien de formation autodidacte, <span style=\"color: #0000ff;\"><strong>\u00c9ric BARRET<\/strong> <\/span>(n\u00e9 en 1959) est un jazzman de renomm\u00e9e internationale qui a notamment jou\u00e9 avec de grands musiciens tels: Roy HAYNES, Freddie HUBBARD, Johnny GRIFFIN, Mal WALDRON, Steve GROSSMAN, Lou BENNETT, Daniel HUMAIR, Kenny WHEELER, Pierre MICHELOT\u2026<\/p>\n<p align=\"left\">Son long parcours musical a commenc\u00e9 en 1978 o\u00f9 il jouait dans les clubs parisiens avec Chet BAKER, entre autres. Il a ensuite fait partie ou cr\u00e9\u00e9 de nombreuses formations, avec des musiciens de renom comme Christian VANDER, Henri TEXIER, Andr\u00e9 CECCARELLI, Aldo ROMANO, Fran\u00e7ois JEANNEAU &#8230; Par deux fois il a jou\u00e9 au sein de \u00ab L&rsquo;ORCHESTRE NATIONAL DE JAZZ \u00bb.<\/p>\n<p align=\"left\">En 2008 na\u00eet le duo avec <strong>Jacques PELLEN<\/strong>, rencontre entre jazz et musique celtique.<\/p>\n<p align=\"left\">En 1983 il enregistre son premier disque, suivi de nombreux autres.<\/p>\n<p align=\"left\">Chef d&rsquo;orchestre, soliste, compositeur et auteur de nombreux ouvrages p\u00e9dagogiques, <strong>\u00c9ric BARRET<\/strong> m\u00e8ne de front sa carri\u00e8re artistique et un travail p\u00e9dagogique sur l&rsquo;enseignement et la transmission du jazz au Conservatoire de Paris XI\u00e8me et au CRR de Paris o\u00f9 il est professeur, ainsi qu&rsquo;au stage du Festival de Marciac (32) comme directeur p\u00e9dagogique.<\/p>\n<p align=\"left\"><a href=\"https:\/\/ritmy.fr\/essais\/wp-content\/uploads\/2012\/12\/Jacques_Pellen_1667_NB-photo-Frank-Bigotte.jpg\"><img loading=\"lazy\" decoding=\"async\" class=\"alignleft  wp-image-8167\" title=\"Jacques_Pellen_1667_NB photo Frank Bigotte\" src=\"https:\/\/ritmy.fr\/essais\/wp-content\/uploads\/2012\/12\/Jacques_Pellen_1667_NB-photo-Frank-Bigotte-300x200.jpg\" alt=\"\" width=\"270\" height=\"180\" srcset=\"https:\/\/ritmy.fr\/essais\/wp-content\/uploads\/2012\/12\/Jacques_Pellen_1667_NB-photo-Frank-Bigotte-300x200.jpg 300w, https:\/\/ritmy.fr\/essais\/wp-content\/uploads\/2012\/12\/Jacques_Pellen_1667_NB-photo-Frank-Bigotte.jpg 850w\" sizes=\"auto, (max-width: 270px) 100vw, 270px\" \/><\/a><\/p>\n<p align=\"left\"><strong><span style=\"color: #0000ff;\">Jacques PELLEN, <\/span><\/strong>n\u00e9 \u00e0 Brest en 1957, a \u00e9tudi\u00e9 la guitare classique d\u00e8s son plus jeune \u00e2ge. Ses influences musicales sont tr\u00e8s larges, de Bill EVANS \u00e0 Olivier MESSIAEN en passant par Keith JARRET et Arnold SCHOENBERG, sans oublier la Bretagne avec Dan AR BRAZ.<\/p>\n<p align=\"left\">Musicien passionn\u00e9 et chercheur d&rsquo;une \u00ab esth\u00e9tique jazz sous influence bretonne \u00bb, il est \u00e0 l&rsquo;origine de nombreux collectifs et exp\u00e9riences.<\/p>\n<p align=\"left\">Il baguenaude entre formations jazz (Riccardo DEL FRA, Peter GRITZ, Kenny WHEELER, Bruno NEVEZ, Henri TEXIER) et musique celtique (Dan AR BRAZ, Kristen NOGUES, les fr\u00e8res MOLARD, So\u00efg SIBERIL &#8230;).<\/p>\n<p align=\"left\">L&rsquo;artiste a jou\u00e9 avec la plupart des artistes reconnus de la musique bretonne contemporaine. &lsquo;CELTIC PROCESSION&rsquo; est une formation \u00e0 g\u00e9om\u00e9trie variable qui na\u00eet en 1988. Il regroupe un collectif de musiciens d&rsquo;horizons divers et passionn\u00e9s d&rsquo;improvisation. Cela l&rsquo;am\u00e8ne \u00e0 m\u00ealer du jazz aux th\u00e8mes et instrumentations d&rsquo;inspiration celtiques.<\/p>\n<p style=\"text-align: center;\" align=\"left\">*********<\/p>\n<p>Voici un extrait du concert donn\u00e9 \u00e0 Radio France, le 05\/11\/2011, du Quartet de Philippe Mac\u00e9 (vibraphone), avec <strong>\u00c9ric BARRET au saxophone<\/strong>, St\u00e9phane Kerecki \u00e0 la basse et Karl Jannuska \u00e0 la batterie :<\/p>\n<p><iframe loading=\"lazy\" src=\"http:\/\/www.youtube.com\/embed\/SKWt4PQRn60?rel=0\" frameborder=\"0\" width=\"560\" height=\"315\"><\/iframe><\/p>\n<p>et une composition d&rsquo;inspiration celtique interpr\u00e9t\u00e9e par <strong>Jacques PELLEN <\/strong>accompagn\u00e9 de Gildas Bocl\u00e9 \u00e0 la contrebasse (23\/12\/2011) :<\/p>\n<p><iframe loading=\"lazy\" src=\"http:\/\/www.youtube.com\/embed\/JAEAArRMFas?rel=0\" frameborder=\"0\" width=\"560\" height=\"315\"><\/iframe><\/p>\n<p style=\"text-align: left;\"><strong><span style=\"color: #ff0000;\">Pour assister \u00e0 cet \u00e9v\u00e8nement assez unique,<\/span> <span style=\"color: #ff0000;\">r\u00e9servez vos places <span style=\"text-decoration: underline;\">d\u00e8s maintenant<\/span>.<\/span><\/strong><\/p>\n<p style=\"text-align: left;\"><strong><em>Vous pouvez r\u00e9server en ligne ici m\u00eame, en cliquant <a title=\"VOS BILLETS\" href=\"https:\/\/ritmy.fr\/essais\/reserver\/vos-billets\/\">LA<\/a> <\/em><\/strong><\/p>\n<p><strong><em>ou aupr\u00e8s de l&rsquo;association GALA : 01-34-86-66-44\u00a0\u00a0\u00a0\u00a0\/\u00a0\u00a0 <a href=\"mailto:asso.gala@free.fr\">asso.gala@free.fr<\/a><\/em><\/strong><\/p>\n","protected":false},"excerpt":{"rendered":"<p>\u00ab\u00a0Inspirations Celtiques\u00a0\u00bb par Eric BARRET (saxophones) et Jacques PELLEN (guitare), le dimanche 27 janvier 2013 , \u00e0 17h., \u00e0 la Salle des f\u00eates de GARANCIERES &nbsp; C&rsquo;est \u00e0 un voyage entre jazz et musique celtique, musique improvis\u00e9e et musique traditionnelle que nous convient ces deux musiciens. Eric BARRET (saxophones) et Jacques PELLEN (guitare) se connaissent &hellip; <\/p>\n<p><a class=\"more-link btn\" href=\"https:\/\/ritmy.fr\/essais\/jazz-avec-le-duo-barret-pellen-a-garancieres-le-27-janvier\/\">Lire la suite<\/a><\/p>\n","protected":false},"author":3,"featured_media":8153,"comment_status":"closed","ping_status":"closed","sticky":false,"template":"","format":"standard","meta":{"footnotes":""},"categories":[3,1],"tags":[44,43,46,48,42,45,47],"class_list":["post-8196","post","type-post","status-publish","format-standard","has-post-thumbnail","hentry","category-les-oeuvres","category-ritmy","tag-barret","tag-celtique","tag-garancieres","tag-guitare","tag-jazz","tag-pellen","tag-saxophone","nodate","item-wrap"],"_links":{"self":[{"href":"https:\/\/ritmy.fr\/essais\/wp-json\/wp\/v2\/posts\/8196","targetHints":{"allow":["GET"]}}],"collection":[{"href":"https:\/\/ritmy.fr\/essais\/wp-json\/wp\/v2\/posts"}],"about":[{"href":"https:\/\/ritmy.fr\/essais\/wp-json\/wp\/v2\/types\/post"}],"author":[{"embeddable":true,"href":"https:\/\/ritmy.fr\/essais\/wp-json\/wp\/v2\/users\/3"}],"replies":[{"embeddable":true,"href":"https:\/\/ritmy.fr\/essais\/wp-json\/wp\/v2\/comments?post=8196"}],"version-history":[{"count":17,"href":"https:\/\/ritmy.fr\/essais\/wp-json\/wp\/v2\/posts\/8196\/revisions"}],"predecessor-version":[{"id":8220,"href":"https:\/\/ritmy.fr\/essais\/wp-json\/wp\/v2\/posts\/8196\/revisions\/8220"}],"wp:featuredmedia":[{"embeddable":true,"href":"https:\/\/ritmy.fr\/essais\/wp-json\/wp\/v2\/media\/8153"}],"wp:attachment":[{"href":"https:\/\/ritmy.fr\/essais\/wp-json\/wp\/v2\/media?parent=8196"}],"wp:term":[{"taxonomy":"category","embeddable":true,"href":"https:\/\/ritmy.fr\/essais\/wp-json\/wp\/v2\/categories?post=8196"},{"taxonomy":"post_tag","embeddable":true,"href":"https:\/\/ritmy.fr\/essais\/wp-json\/wp\/v2\/tags?post=8196"}],"curies":[{"name":"wp","href":"https:\/\/api.w.org\/{rel}","templated":true}]}}