{"id":7511,"date":"2012-10-03T20:33:26","date_gmt":"2012-10-03T19:33:26","guid":{"rendered":"http:\/\/ritmy.fr\/essais\/?p=7511"},"modified":"2013-11-09T15:36:39","modified_gmt":"2013-11-09T14:36:39","slug":"musique-de-la-renaissance-a-maule-le-20-octobre","status":"publish","type":"post","link":"https:\/\/ritmy.fr\/essais\/musique-de-la-renaissance-a-maule-le-20-octobre\/","title":{"rendered":"Musique de la Renaissance \u00e0 MAULE le 20 octobre"},"content":{"rendered":"<h3 style=\"text-align: center;\"><strong><span style=\"color: #008000;\">Les \u00ab\u00a0MUSICIENS DE MADEMOISELLE DE GUISE\u00a0\u00bb<\/span><\/strong><\/h3>\n<h2><strong><span style=\"color: #ff0000;\">\u00ab\u00a0Pour \u00e9viter la m\u00e9lancolie\u00a0\u00bb\u00a0&#8230; chansons et danseries de la Renaissance<\/span><\/strong><\/h2>\n<div id=\"attachment_7519\" style=\"width: 300px\" class=\"wp-caption alignleft\"><a href=\"https:\/\/ritmy.fr\/essais\/wp-content\/uploads\/2012\/10\/MMG-Renaissance-Les-Sables-2011-1.jpg\"><img loading=\"lazy\" decoding=\"async\" aria-describedby=\"caption-attachment-7519\" class=\"size-medium wp-image-7519\" title=\"Les Musicens de Melle de Guise\" src=\"https:\/\/ritmy.fr\/essais\/wp-content\/uploads\/2012\/10\/MMG-Renaissance-Les-Sables-2011-1-300x225.jpg\" alt=\"\" width=\"300\" height=\"225\" srcset=\"https:\/\/ritmy.fr\/essais\/wp-content\/uploads\/2012\/10\/MMG-Renaissance-Les-Sables-2011-1-300x225.jpg 300w, https:\/\/ritmy.fr\/essais\/wp-content\/uploads\/2012\/10\/MMG-Renaissance-Les-Sables-2011-1.jpg 340w\" sizes=\"auto, (max-width: 300px) 100vw, 300px\" \/><\/a><p id=\"caption-attachment-7519\" class=\"wp-caption-text\">Les Musiciens de Mademoiselle de Guise<\/p><\/div>\n<p style=\"text-align: left;\">Pour notre 2i\u00e8me concert des <span style=\"text-decoration: underline;\">23\u00e8mes Saisons Musicales RITMY<\/span>, les <strong>MUSICIENS DE MADEMOISELLE DE GUISE<\/strong> se produiront le <strong>samedi 20 octobre \u00e0\u00a021h,\u00a0en l&rsquo;\u00e9glise\u00a0Saint-Nicolas de MAULE.\u00a0 <\/strong><\/p>\n<p>Cr\u00e9\u00e9 en 1996 par Laurence POTTIER, l&rsquo;ensemble <strong>Les Musiciens de Mademoiselle de Guise<\/strong> a pour objectif de <strong>faire red\u00e9couvrir les musiques anciennes d&rsquo;une mani\u00e8re p\u00e9dagogique et ludique<\/strong>.<\/p>\n<div>\n<div>\n<div>\n<p>L&rsquo;ensemble, \u00e0 g\u00e9om\u00e9trie variable, 4 \u00e0 40 instrumentistes ou chanteurs (solistes ou ensemble vocal \u00ab\u00a0les Chanteurs de Mademoiselle de Guise\u00a0\u00bb) est constitu\u00e9 de musiciens de la r\u00e9gion parisienne qui jouent sur des <strong>instruments utilis\u00e9s \u00e0 l&rsquo;\u00e9poque, originaux ou copies<\/strong>.<\/p>\n<p><strong>Pourquoi &lsquo;Mademoiselle de Guise&rsquo; ?\u00a0 <\/strong>Il s&rsquo;agit de rendre hommage \u00e0 l&rsquo;une des rares femmes m\u00e9c\u00e8nes de l&rsquo;histoire qui entretenait dans son h\u00f4tel du Marais des musiciens dont le plus c\u00e9l\u00e8bre est sans doute Marc-Antoine Charpentier.<\/p>\n<p>&nbsp;<\/p>\n<p>Lors du concert du\u00a0 20 octobre, les Musiciens de Mademoiselle de Guise, constitu\u00e9 d&rsquo;une chanteuse et de 9 musiciens, interpr\u00e8teront des oeuvres <strong>des plus grands compositeurs fran\u00e7ais de la Renaissance<\/strong>: Cl\u00e9ment Janequin, Claude Gervaise, Pierre Certon, Jacques Moderne, Thoinot Arbeau, Roland de Lassus, Jehan Planson &#8230;<\/p>\n<div id=\"attachment_7549\" style=\"width: 150px\" class=\"wp-caption alignright\"><a href=\"https:\/\/ritmy.fr\/essais\/wp-content\/uploads\/2012\/10\/Concert-RITMY-Richebourg-11-D-c-10-027.jpg\"><img loading=\"lazy\" decoding=\"async\" aria-describedby=\"caption-attachment-7549\" class=\"size-thumbnail wp-image-7549\" title=\"Concert RITMY Richebourg 11 D\u00e9c 2010 027\" src=\"https:\/\/ritmy.fr\/essais\/wp-content\/uploads\/2012\/10\/Concert-RITMY-Richebourg-11-D-c-10-027-150x150.jpg\" alt=\"\" width=\"150\" height=\"150\" \/><\/a><p id=\"caption-attachment-7549\" class=\"wp-caption-text\">Les Musiciens de Melle de Guise &#8211; concert Richebourg du 11 d\u00e9cembre 2010<\/p><\/div>\n<\/div>\n<\/div>\n<\/div>\n<p>L&rsquo;ensemble jouera sur des <strong>instruments anciens, ou copie d&rsquo;anciens<\/strong> :\u00a0violes de gambes, fl\u00fbtes \u00e0 bec ou traversi\u00e8re, cornet \u00e0 bouquin, cromornes, luths, guitare, percussions &#8230;<\/p>\n<p>Les pi\u00e8ces interpr\u00e9t\u00e9es seront des <strong>chansons d&rsquo;amour, danses populaires, po\u00e9sies, psaumes &#8230;\u00a0une gamme d&rsquo;\u00e9motions \u00e0 d\u00e9couvrir !<\/strong><\/p>\n<p>&nbsp;<\/p>\n<p><span style=\"color: #0000ff;\"><em><strong>R\u00e9servez d\u00e8s \u00e0 pr\u00e9sent votre soir\u00e9e du 20 octobre !<\/strong><\/em><\/span><\/p>\n<p><em><span style=\"color: #0000ff;\">Vous pouvez acheter vos billets en ligne dans notre site d\u00e8s maintenant, pour cel\u00e0 cliquez <span style=\"text-decoration: underline;\"><strong><a title=\"VOS BILLETS\" href=\"https:\/\/ritmy.fr\/essais\/reserver\/vos-billets\/\"><span style=\"color: #0000ff; text-decoration: underline;\">ICI<\/span><\/a><\/strong><\/span><\/span>\u00a0<\/em><\/p>\n<p style=\"text-align: left;\"><em>Mais en attendant, pour\u00a0vous donner un aper\u00e7u des musiques fran\u00e7aises du XVI i\u00e8me si\u00e8cle qui seront interpr\u00e9t\u00e9es lors du concert, voici\u00a0une danse de Claude Gervaise par l&rsquo;ensemble &lsquo;Le Tr\u00e9sor d&rsquo;Orph\u00e9e&rsquo; :\u00a0<\/em><\/p>\n<p style=\"text-align: center;\"><iframe loading=\"lazy\" src=\"http:\/\/www.youtube.com\/embed\/y0FYI_d0-wU?rel=0\" frameborder=\"0\" width=\"560\" height=\"315\"><\/iframe><\/p>\n<p style=\"text-align: center;\">=======================================<\/p>\n<p style=\"text-align: left;\">Si vous voulez nous proposer ou nous demander une \u0153uvre, r\u00e9agir, commenter ou signaler un \u00e9v\u00e9nement dans les Yvelines\u2026 l&rsquo;adresse courriel de <strong>RITMY<\/strong> est faite pour vous !<\/p>\n<p style=\"text-align: center;\"><a href=\"mailto:contact.ritmy@gmail.com\"><strong><span style=\"color: #000080;\">contact.ritmy@gmail.com<\/span><\/strong><\/a><\/p>\n","protected":false},"excerpt":{"rendered":"<p>Les \u00ab\u00a0MUSICIENS DE MADEMOISELLE DE GUISE\u00a0\u00bb \u00ab\u00a0Pour \u00e9viter la m\u00e9lancolie\u00a0\u00bb\u00a0&#8230; chansons et danseries de la Renaissance Pour notre 2i\u00e8me concert des 23\u00e8mes Saisons Musicales RITMY, les MUSICIENS DE MADEMOISELLE DE GUISE se produiront le samedi 20 octobre \u00e0\u00a021h,\u00a0en l&rsquo;\u00e9glise\u00a0Saint-Nicolas de MAULE.\u00a0 Cr\u00e9\u00e9 en 1996 par Laurence POTTIER, l&rsquo;ensemble Les Musiciens de Mademoiselle de Guise a &hellip; <\/p>\n<p><a class=\"more-link btn\" href=\"https:\/\/ritmy.fr\/essais\/musique-de-la-renaissance-a-maule-le-20-octobre\/\">Lire la suite<\/a><\/p>\n","protected":false},"author":3,"featured_media":0,"comment_status":"closed","ping_status":"closed","sticky":false,"template":"","format":"standard","meta":{"footnotes":""},"categories":[3,6,1],"tags":[19,32],"class_list":["post-7511","post","type-post","status-publish","format-standard","hentry","category-les-oeuvres","category-les-musiciens","category-ritmy","tag-maule","tag-renaissance","nodate","item-wrap"],"_links":{"self":[{"href":"https:\/\/ritmy.fr\/essais\/wp-json\/wp\/v2\/posts\/7511","targetHints":{"allow":["GET"]}}],"collection":[{"href":"https:\/\/ritmy.fr\/essais\/wp-json\/wp\/v2\/posts"}],"about":[{"href":"https:\/\/ritmy.fr\/essais\/wp-json\/wp\/v2\/types\/post"}],"author":[{"embeddable":true,"href":"https:\/\/ritmy.fr\/essais\/wp-json\/wp\/v2\/users\/3"}],"replies":[{"embeddable":true,"href":"https:\/\/ritmy.fr\/essais\/wp-json\/wp\/v2\/comments?post=7511"}],"version-history":[{"count":35,"href":"https:\/\/ritmy.fr\/essais\/wp-json\/wp\/v2\/posts\/7511\/revisions"}],"predecessor-version":[{"id":7734,"href":"https:\/\/ritmy.fr\/essais\/wp-json\/wp\/v2\/posts\/7511\/revisions\/7734"}],"wp:attachment":[{"href":"https:\/\/ritmy.fr\/essais\/wp-json\/wp\/v2\/media?parent=7511"}],"wp:term":[{"taxonomy":"category","embeddable":true,"href":"https:\/\/ritmy.fr\/essais\/wp-json\/wp\/v2\/categories?post=7511"},{"taxonomy":"post_tag","embeddable":true,"href":"https:\/\/ritmy.fr\/essais\/wp-json\/wp\/v2\/tags?post=7511"}],"curies":[{"name":"wp","href":"https:\/\/api.w.org\/{rel}","templated":true}]}}