{"id":7417,"date":"2012-09-29T13:16:49","date_gmt":"2012-09-29T12:16:49","guid":{"rendered":"http:\/\/ritmy.fr\/essais\/?p=7417"},"modified":"2013-11-09T15:37:15","modified_gmt":"2013-11-09T14:37:15","slug":"les-noces-de-figaro","status":"publish","type":"post","link":"https:\/\/ritmy.fr\/essais\/les-noces-de-figaro\/","title":{"rendered":"Les NOCES DE FIGARO"},"content":{"rendered":"<h3 style=\"text-align: center;\"><strong><span style=\"color: #008000;\">Festival d&rsquo;AIX-en-PROVENCE 2012<\/span><\/strong><\/h3>\n<h2><strong><span style=\"color: #ff0000;\">Version moderne magnifique !!<\/span><\/strong><\/h2>\n<div id=\"attachment_7422\" style=\"width: 330px\" class=\"wp-caption alignleft\"><a href=\"https:\/\/ritmy.fr\/essais\/wp-content\/uploads\/2012\/09\/Noces-Figaro12.jpg\"><img loading=\"lazy\" decoding=\"async\" aria-describedby=\"caption-attachment-7422\" class=\"wp-image-7422    \" title=\"Noces Figaro1\" alt=\"\" src=\"https:\/\/ritmy.fr\/essais\/wp-content\/uploads\/2012\/09\/Noces-Figaro12.jpg\" width=\"330\" height=\"190\" \/><\/a><p id=\"caption-attachment-7422\" class=\"wp-caption-text\">Les Noces de Figaro<\/p><\/div>\n<p style=\"text-align: left;\">Plusieurs membres de l&rsquo;\u00e9quipe RITMY ont \u00e9t\u00e9 enthousiasm\u00e9s par la <strong>version des NOCES de FIGARO <\/strong>interpr\u00e9t\u00e9e au<strong> Festival d&rsquo;AIX-en-PROVENCE le 12 juillet 2012<\/strong>, et on voulait vous en faire profiter !<\/p>\n<p style=\"text-align: left;\">Mais peut-\u00eatre avez-vous aussi pu voir sa retransmission en <strong>direct sur ARTE,\u00a0<\/strong>ou mieux \u00eatre sur place, ce qui aurait \u00e9t\u00e9 une grande chance ? Et peut-\u00eatre partagez-vous notre avis sur cette <strong>version &lsquo;modernis\u00e9e&rsquo;<\/strong> par le metteur en sc\u00e9ne Richard Brunel : au niveau de la mise en sc\u00e8ne,\u00a0du d\u00e9cor (con\u00e7u par Chantal Thomas) et\u00a0des costumes.<\/p>\n<p style=\"text-align: left;\">De plus il y avait une <strong>distribution magnifique<\/strong>, avec Patricia Petibon (Suzanne), Paolo Szot (le Comte Almaviva), Malin Bystr\u00f6m (la Comtesse), Kate\u00a0Linsley (Ch\u00e9rubin), Kyle Ketelsen (Figaro), Anna Maria Panzarella (Marceline) &#8230; et \u00a0une <strong>direction musicale dynamique\u00a0<\/strong>de J\u00e9r\u00e9mie Rhorer, \u00e0 la t\u00eate\u00a0du Cercle de l&rsquo;Harmonie et des choeurs des Arts Florissants.<\/p>\n<p style=\"text-align: left;\">Tout \u00e9tait plac\u00e9 sous le signe de la <strong>jeunesse et de la modernit\u00e9 !<\/strong><\/p>\n<p style=\"text-align: left;\">Mais revenons un peu sur la<strong><span style=\"color: #ff0000;\"> cr\u00e9ation\u00a0<\/span>de cet op\u00e9ra-bouffe de Wolfgang Amadeus MOZART<\/strong> :<\/p>\n<ul>\n<li>\n<div style=\"text-align: left;\">il est le premier des trois op\u00e9ras issus de la collaboration entre Mozart et <strong>Lorenzo da Ponte<\/strong>,\u00a0les deux autres \u00e9tant <em>Don Giovanni<\/em> et <em>Cosi fan tutte<\/em>.\u00a0C&rsquo;est Mozart qui choisit initialement la\u00a0<strong>com\u00e9die de Beaumarchais, <em>Le Mariage de Figaro<\/em><\/strong>, et qui l&rsquo;apporta \u00e0 da Ponte, qui en fit un livret en italien.<\/div>\n<\/li>\n<li>\n<div style=\"text-align: left;\">La premi\u00e8re repr\u00e9sentation eut lieu le <strong><abbr title=\"Premier\">1er <\/abbr>mai 1786<\/strong> au Burgtheater de Vienne<\/div>\n<\/li>\n<li>\n<div style=\"text-align: left;\">\u00a0L&rsquo;\u0153uvre connut un succ\u00e8s croissant. Apr\u00e8s la premi\u00e8re repr\u00e9sentation, huit autres repr\u00e9sentations furent donn\u00e9es et ce jusqu&rsquo;\u00e0 la fin de la m\u00eame ann\u00e9e.<\/div>\n<\/li>\n<li>En t\u00e9moigne une lettre du p\u00e8re de Mozart \u00e0 sa fille\u00a0: \u00ab\u00a0Lors de la deuxi\u00e8me repr\u00e9sentation, cinq num\u00e9ros ont \u00e9t\u00e9 r\u00e9p\u00e9t\u00e9s, et sept \u00e0 la troisi\u00e8me, dont un petit duetto qu&rsquo;il a fallu chanter trois fois.\u00a0\u00bb<\/li>\n<li>Cependant la reconnaissance ne fut pas unanime\u00a0; en effet, une partie de la noblesse ne comprenant pas l&rsquo;\u0153uvre, celle-ci la d\u00e9laissa. La r\u00e9ception fut donc mitig\u00e9e.<\/li>\n<\/ul>\n<p>Quel est <span style=\"color: #ff0000;\"><strong>l&rsquo;argument<\/strong> <\/span>de cet op\u00e9ra-bouffe ?<\/p>\n<p>Figaro et Suzanne, valet et femme de chambre au service du comte d\u2019Almaviva, ont obtenu de leur ma\u00eetre son consentement \u00e0 leurs noces. Mais d\u00e8s le premier acte, la fine mouche r\u00e9v\u00e8le \u00e0 son promis que le comte a l&rsquo;intention de profiter d&rsquo;elle : il nourrit secr\u00e8tement l&rsquo;intention de r\u00e9tablir pour l&rsquo;occasion le droit f\u00e9odal aboli du jus <em>primae noctis<\/em> (litt\u00e9ralement, <em>\u00ab droit de la premi\u00e8re nuit \u00bb<\/em>, ou droit de cuissage seigneurial lors de la nuit de noces). Une fois rest\u00e9 seul, Figaro, fou de rage, promet \u00e0 son ma\u00eetre de d\u00e9jouer ses plans. <em>\u00ab Si tu veux danser, mon petit comte, je vais t&rsquo;en jouer, de la guitare\u2026 \u00bb<\/em><\/p>\n<p>Des premi\u00e8res lueurs de l\u2019aube aux ombres du soir, il se passe bien des choses autour des pr\u00e9paratifs de ce mariage d&#8217;embl\u00e9e plac\u00e9 sous la menace. D\u00e9cid\u00e9s \u00e0 s&rsquo;unir co\u00fbte que co\u00fbte, les deux tourtereaux les plus malicieux de l&rsquo;histoire de l&rsquo;op\u00e9ra luttent pour s&rsquo;affranchir de leur tyrannique seigneur. L\u2019adolescent Ch\u00e9rubin se plaint, r\u00eave et s&rsquo;\u00e9meut devant tous les jupons. La comtesse pleure ses amours d\u2019antan. Et trois intrigants complotent, tandis que le comte brave tout le monde pour tenter de r\u00e9tablir les droits que l&rsquo;Histoire lui a d\u00e9j\u00e0 \u00f4t\u00e9s et, surtout, \u00e9viter d&rsquo;avoir \u00e0 reconna\u00eetre qu&rsquo;il a vieilli. Au son d&rsquo;une partition sublime, tant\u00f4t joyeusement bouffonne, tant\u00f4t m\u00e9lancolique, c&rsquo;est le d\u00e9sir qui fait tourner cette <em>\u00ab folle journ\u00e9e \u00bb <\/em>(sous-titre qu&rsquo;avait donn\u00e9 Beaumarchais \u00e0 sa pi\u00e8ce). \u00c0 l\u2019issue de quatre actes men\u00e9s \u00e0 un train d\u2019enfer, Figaro aura enfin \u00e9pous\u00e9 sa Suzanne, et leurs aventures auront donn\u00e9 lieu au plus galvanisant des op\u00e9ras mozartiens.<\/p>\n<p>Triomphe du dramma giocoso dans son \u00e9tourdissante fr\u00e9n\u00e9sie, il est emmen\u00e9 par une \u00e9quipe pleine de jeunesse et d&rsquo;entrain, du jeune chef mozartien J\u00e9r\u00e9mie Rhorer \u00e0 la diva fran\u00e7aise du baroque, Patricia Petibon.<\/p>\n<p style=\"text-align: left;\">La <strong>retransmission est encore visible<\/strong> (avec sous-titres en fran\u00e7ais, ce qui facile grandement la compr\u00e9hension de l&rsquo;action !) jusqu&rsquo;\u00e0 fin octobre\u00a0sur <strong>ARTE Live Web<\/strong> :\u00a0 <a href=\"http:\/\/liveweb.arte.tv\/fr\/video\/Les_Noces_de_Figaro_Aix_en_Provence\/\"><span style=\"color: #0000ff;\">http:\/\/liveweb.arte.tv\/fr\/video\/Les_Noces_de_Figaro_Aix_en_Provence\/<\/span><\/a><\/p>\n<p style=\"text-align: left;\">Et un DVD doit sortir d&rsquo;ici la fin de l&rsquo;ann\u00e9e (on vous en pr\u00e9viendra !).<\/p>\n<p style=\"text-align: left;\">Mais pour vous mettre l&rsquo;eau \u00e0 la bouche, voici (avec sous-titres en allemand !) les <span style=\"color: #ff0000;\"><strong>2<\/strong> <strong>premiers actes<\/strong> <\/span>de cet interpr\u00e9tation d&rsquo;Aix-en-Provence 2012.\u00a0\u00a0\u00a0\u00a0\u00a0\u00a0\u00a0\u00a0\u00a0\u00a0\u00a0\u00a0\u00a0\u00a0\u00a0\u00a0 <em>(Nous mettrons en ligne les <span style=\"color: #ff0000;\"><strong>2 derniers actes<\/strong> <\/span>d&rsquo;ici quelques jours &#8230; restez attentifs !!)<\/em><\/p>\n<p style=\"text-align: left;\"><span style=\"text-decoration: underline;\"><strong>ACTE I<\/strong><\/span><\/p>\n<p style=\"text-align: center;\"><iframe loading=\"lazy\" src=\"http:\/\/www.youtube.com\/embed\/-CO27lrjzj8?rel=0\" height=\"315\" width=\"560\" frameborder=\"0\"><\/iframe><\/p>\n<p style=\"text-align: left;\"><span style=\"text-decoration: underline;\"><strong>ACTE II<\/strong><\/span><\/p>\n<p><iframe loading=\"lazy\" src=\"http:\/\/www.youtube.com\/embed\/96dAMXyhdNs?rel=0\" height=\"315\" width=\"560\" frameborder=\"0\"><\/iframe><\/p>\n<p style=\"text-align: left;\">Si vous voulez r\u00e9agir, <em><span style=\"color: #0000ff; text-decoration: underline;\"><strong>donner votre avis sur cette interpr\u00e9tation<\/strong><\/span><\/em>, <strong>nous proposer ou nous demander une \u0153uvre, commenter ou signaler un \u00e9v\u00e9nement dans les Yvelines <\/strong>\u2026 l&rsquo;adresse courriel de <strong>RITMY<\/strong> est faite pour vous !<\/p>\n<p style=\"text-align: center;\"><a href=\"mailto:contact.ritmy@gmail.com\"><strong><span style=\"color: #000080;\">contact.ritmy@gmail.com<\/span><\/strong><\/a><\/p>\n","protected":false},"excerpt":{"rendered":"<p>Festival d&rsquo;AIX-en-PROVENCE 2012 Version moderne magnifique !! Plusieurs membres de l&rsquo;\u00e9quipe RITMY ont \u00e9t\u00e9 enthousiasm\u00e9s par la version des NOCES de FIGARO interpr\u00e9t\u00e9e au Festival d&rsquo;AIX-en-PROVENCE le 12 juillet 2012, et on voulait vous en faire profiter ! Mais peut-\u00eatre avez-vous aussi pu voir sa retransmission en direct sur ARTE,\u00a0ou mieux \u00eatre sur place, ce &hellip; <\/p>\n<p><a class=\"more-link btn\" href=\"https:\/\/ritmy.fr\/essais\/les-noces-de-figaro\/\">Lire la suite<\/a><\/p>\n","protected":false},"author":3,"featured_media":0,"comment_status":"closed","ping_status":"closed","sticky":false,"template":"","format":"standard","meta":{"footnotes":""},"categories":[3,1],"tags":[28,27,31,76],"class_list":["post-7417","post","type-post","status-publish","format-standard","hentry","category-les-oeuvres","category-ritmy","tag-figaro","tag-mozart","tag-opera","tag-petitbon","nodate","item-wrap"],"_links":{"self":[{"href":"https:\/\/ritmy.fr\/essais\/wp-json\/wp\/v2\/posts\/7417","targetHints":{"allow":["GET"]}}],"collection":[{"href":"https:\/\/ritmy.fr\/essais\/wp-json\/wp\/v2\/posts"}],"about":[{"href":"https:\/\/ritmy.fr\/essais\/wp-json\/wp\/v2\/types\/post"}],"author":[{"embeddable":true,"href":"https:\/\/ritmy.fr\/essais\/wp-json\/wp\/v2\/users\/3"}],"replies":[{"embeddable":true,"href":"https:\/\/ritmy.fr\/essais\/wp-json\/wp\/v2\/comments?post=7417"}],"version-history":[{"count":50,"href":"https:\/\/ritmy.fr\/essais\/wp-json\/wp\/v2\/posts\/7417\/revisions"}],"predecessor-version":[{"id":9759,"href":"https:\/\/ritmy.fr\/essais\/wp-json\/wp\/v2\/posts\/7417\/revisions\/9759"}],"wp:attachment":[{"href":"https:\/\/ritmy.fr\/essais\/wp-json\/wp\/v2\/media?parent=7417"}],"wp:term":[{"taxonomy":"category","embeddable":true,"href":"https:\/\/ritmy.fr\/essais\/wp-json\/wp\/v2\/categories?post=7417"},{"taxonomy":"post_tag","embeddable":true,"href":"https:\/\/ritmy.fr\/essais\/wp-json\/wp\/v2\/tags?post=7417"}],"curies":[{"name":"wp","href":"https:\/\/api.w.org\/{rel}","templated":true}]}}