{"id":7326,"date":"2012-09-19T21:07:19","date_gmt":"2012-09-19T20:07:19","guid":{"rendered":"http:\/\/ritmy.fr\/essais\/?p=7326"},"modified":"2013-11-09T15:37:33","modified_gmt":"2013-11-09T14:37:33","slug":"le-1er-concert-des-23emes-saisons-a-neauphle-le-30-septembre","status":"publish","type":"post","link":"https:\/\/ritmy.fr\/essais\/le-1er-concert-des-23emes-saisons-a-neauphle-le-30-septembre\/","title":{"rendered":"1er concert des 23\u00e8mes Saisons, \u00e0 Neauphle le 30 septembre"},"content":{"rendered":"<h3 style=\"text-align: center;\"><strong><span style=\"color: #008000;\">CLAVECIN et ORGUE<\/span><\/strong><\/h3>\n<h2><strong><span style=\"color: #ff0000;\">\u00ab\u00a0A la crois\u00e9e des Chemins\u00a0\u00bb avec Olivier HOUETTE<\/span><\/strong><\/h2>\n<p><a href=\"https:\/\/ritmy.fr\/essais\/wp-content\/uploads\/2012\/09\/photo-concert-RJ-3.jpg\"><img loading=\"lazy\" decoding=\"async\" class=\"size-medium wp-image-7332 alignleft\" title=\"photo concert RJ 3\" src=\"https:\/\/ritmy.fr\/essais\/wp-content\/uploads\/2012\/09\/photo-concert-RJ-3-210x300.jpg\" alt=\"\" width=\"210\" height=\"300\" srcset=\"https:\/\/ritmy.fr\/essais\/wp-content\/uploads\/2012\/09\/photo-concert-RJ-3-210x300.jpg 210w, https:\/\/ritmy.fr\/essais\/wp-content\/uploads\/2012\/09\/photo-concert-RJ-3.jpg 227w\" sizes=\"auto, (max-width: 210px) 100vw, 210px\" \/><\/a><\/p>\n<p>William BYRD, Jean-Philippe RAMEAU,\u00a0Louis MARCHAND, Louis-Claude DAQUIN\u00a0&#8230; <strong>Les \u00ab\u00a023\u00e8mes Saisons\u00a0\u00bb d\u00e9marrent<\/strong> de la mani\u00e8re la plus classique avec ces compositeurs prestigieux, pour le concert du <strong><em>dimanche 30 septembre 2012, en l&rsquo;\u00e9glise Saint-Nicolas de NEAUPHLE-LE-CHATEAU (17h).<\/em><\/strong><\/p>\n<p><strong>Clavecin<\/strong> <strong>et Orgue<\/strong> : est-il instruments plus dissemblables ? Et pourtant si proches, l&rsquo;\u00e9poque baroque en atteste avec nombre d&rsquo;oeuvres pour l&rsquo;un et l&rsquo;autre !<\/p>\n<p>Entre le plein-jeu \u00e9clatant d&rsquo;un grand orgue qui fait vibrer la nef \u00e0 vous donner des frissons, et les doux accords intimistes d&rsquo;un clavecin plus \u00e9vocateur des r\u00e9unions de salons du XVII\u00e8me si\u00e8cle, <strong>Olivier HOUETTE<\/strong>, <strong>instrumentiste confirm\u00e9 pour les deux claviers : <strong>professeur de conservatoire, titulaire du grand orgue de la cath\u00e9drale St Pierre de Poitiers et de celui de\u00a0l&rsquo;\u00e9glise ND des Blancs-Manteaux \u00e0 Paris,\u00a0<\/strong>\u00a0<\/strong>vous fera d\u00e9couvrir, en alternant les instruments, leurs sonorit\u00e9s si caract\u00e9ristiques.<\/p>\n<p>Concert-conf\u00e9rence que nous vous proposons, car d&rsquo;une grande richesse tant au plan musical que pour les commentaires qui \u00e9mailleront ce voyage \u00e9vocateur d&rsquo;une p\u00e9riode baroque foisonnante.<\/p>\n<p><strong>Nous vous attendons pour cet \u00e9v\u00e8nement unique, qui marquera le d\u00e9but de nos 23\u00e8mes Saisons musicales !<\/strong><\/p>\n<p>Pour vous donner un\u00a0aper\u00e7u\u00a0de ce qui sera interpr\u00e9t\u00e9 sur clavecin par Olivier Houette lors de cette soir\u00e9e, voici l&rsquo;oeuvre tr\u00e8s connue de Jean-<strong>Philippe Rameau : \u00ab\u00a0Les Indes Galantes\u00a0\u00bb<\/strong>, interpr\u00e9t\u00e9e\u00a0par le\u00a0claveciniste\u00a0Kenneth Gilbert.\u00a0<strong>\u00a0<\/strong><\/p>\n<p style=\"text-align: center;\"><iframe loading=\"lazy\" src=\"http:\/\/www.youtube.com\/embed\/4QDDFitKhyU?rel=0\" frameborder=\"0\" width=\"560\" height=\"420\"><\/iframe><\/p>\n<p style=\"text-align: left;\"><span style=\"color: #0000ff;\">Si vous voulez nous proposer ou nous demander une \u0153uvre, r\u00e9agir, commenter ou signaler un \u00e9v\u00e9nement dans les Yvelines\u2026 l&rsquo;adresse courriel de <strong>RITMY<\/strong> est faite pour vous !<\/span><\/p>\n<p style=\"text-align: center;\"><a href=\"mailto:contact.ritmy@gmail.com\"><strong><span style=\"color: #000080;\">contact.ritmy@gmail.com<\/span><\/strong><\/a><\/p>\n","protected":false},"excerpt":{"rendered":"<p>CLAVECIN et ORGUE \u00ab\u00a0A la crois\u00e9e des Chemins\u00a0\u00bb avec Olivier HOUETTE William BYRD, Jean-Philippe RAMEAU,\u00a0Louis MARCHAND, Louis-Claude DAQUIN\u00a0&#8230; Les \u00ab\u00a023\u00e8mes Saisons\u00a0\u00bb d\u00e9marrent de la mani\u00e8re la plus classique avec ces compositeurs prestigieux, pour le concert du dimanche 30 septembre 2012, en l&rsquo;\u00e9glise Saint-Nicolas de NEAUPHLE-LE-CHATEAU (17h). Clavecin et Orgue : est-il instruments plus dissemblables ? &hellip; <\/p>\n<p><a class=\"more-link btn\" href=\"https:\/\/ritmy.fr\/essais\/le-1er-concert-des-23emes-saisons-a-neauphle-le-30-septembre\/\">Lire la suite<\/a><\/p>\n","protected":false},"author":3,"featured_media":0,"comment_status":"closed","ping_status":"closed","sticky":false,"template":"","format":"standard","meta":{"footnotes":""},"categories":[3,1],"tags":[],"class_list":["post-7326","post","type-post","status-publish","format-standard","hentry","category-les-oeuvres","category-ritmy","nodate","item-wrap"],"_links":{"self":[{"href":"https:\/\/ritmy.fr\/essais\/wp-json\/wp\/v2\/posts\/7326","targetHints":{"allow":["GET"]}}],"collection":[{"href":"https:\/\/ritmy.fr\/essais\/wp-json\/wp\/v2\/posts"}],"about":[{"href":"https:\/\/ritmy.fr\/essais\/wp-json\/wp\/v2\/types\/post"}],"author":[{"embeddable":true,"href":"https:\/\/ritmy.fr\/essais\/wp-json\/wp\/v2\/users\/3"}],"replies":[{"embeddable":true,"href":"https:\/\/ritmy.fr\/essais\/wp-json\/wp\/v2\/comments?post=7326"}],"version-history":[{"count":40,"href":"https:\/\/ritmy.fr\/essais\/wp-json\/wp\/v2\/posts\/7326\/revisions"}],"predecessor-version":[{"id":9822,"href":"https:\/\/ritmy.fr\/essais\/wp-json\/wp\/v2\/posts\/7326\/revisions\/9822"}],"wp:attachment":[{"href":"https:\/\/ritmy.fr\/essais\/wp-json\/wp\/v2\/media?parent=7326"}],"wp:term":[{"taxonomy":"category","embeddable":true,"href":"https:\/\/ritmy.fr\/essais\/wp-json\/wp\/v2\/categories?post=7326"},{"taxonomy":"post_tag","embeddable":true,"href":"https:\/\/ritmy.fr\/essais\/wp-json\/wp\/v2\/tags?post=7326"}],"curies":[{"name":"wp","href":"https:\/\/api.w.org\/{rel}","templated":true}]}}