{"id":7220,"date":"2012-06-25T13:53:26","date_gmt":"2012-06-25T12:53:26","guid":{"rendered":"http:\/\/ritmy.fr\/essais\/?p=7220"},"modified":"2013-11-09T15:37:54","modified_gmt":"2013-11-09T14:37:54","slug":"impro-et-jeunes-pros","status":"publish","type":"post","link":"https:\/\/ritmy.fr\/essais\/impro-et-jeunes-pros\/","title":{"rendered":"IMPRO ET JEUNES PROS\u2026"},"content":{"rendered":"<h2><strong><span style=\"color: #ff0000;\">CONSERVATOIRE de VERSAILLES: p\u00e9pini\u00e8re de talents!&#8230;<\/span><\/strong><\/h2>\n<p>En ce jour de f\u00eate de la musique, jeudi 21 juin, le conservatoire de VERSAILLES a eu l&rsquo;excellente initiative de programmer, dans le cadre du mois Moli\u00e8re, une audition publique de ses meilleurs \u00e9l\u00e8ves pianistes.<\/p>\n<p>Ce fut d&rsquo;abord, \u00e0 18h, le \u00ab\u00a0prix d&rsquo;improvisation\u00a0\u00bb qui a mis en comp\u00e9tition quatre jeunes artistes interpr\u00e8tes, selon une formule particuli\u00e8rement exigeante (et spectaculaire pour le public): chaque comp\u00e9titeur devant tour \u00e0 tour, entre autres \u00e9preuves, \u00eatre interpr\u00e8te soliste, puis chef d&rsquo;orchestre, sur des th\u00e8mes impos\u00e9s: un exercice d&rsquo;adaptation imm\u00e9diate qui a mis en valeur leur grande capacit\u00e9 \u00e0 g\u00e9rer dans l&rsquo;instant leur talent d&rsquo;improvisateur!<\/p>\n<p>\u00c0 ce jeu subtil, la jeune CHO HEE PARK fut \u00e9lue, bien que les trois autres talentueux rivaux aient montr\u00e9 une aisance et une maturit\u00e9 quasi identique.<br \/>\nPuis, \u00e0 20h30, le prix \u00ab\u00a0D\u00e9odat de SEVERAC\u00a0\u00bb fut \u00e9galement l&rsquo;enjeu d&rsquo;une tr\u00e8s sympathique comp\u00e9tition, et le public a pu ainsi entendre de tr\u00e8s jeunes talents comme des plus confirm\u00e9s, car r\u00e9partis en trois classes d&rsquo;\u00e2ges.<\/p>\n<p>Apr\u00e8s les prix \u00ab\u00a0poussin\u00a0\u00bb et \u00ab\u00a0junior\u00a0\u00bb, ce fut un grand moment d&rsquo;affrontement musical, tout en d\u00e9licatesse et virtuosit\u00e9!<br \/>\nTour \u00e0 tour, Ingrid, Joyce, Maxence, Anne-Claire, Thomas, Oto et Florian ont rivalis\u00e9 face au clavier, avec une ma\u00eetrise et une aisance digne des grands interpr\u00e8tes qu&rsquo;ils pourraient devenir demain!<\/p>\n<p>Cette \u00e9preuve est particuli\u00e8rement importante pour chacun, car le vainqueur se voit attribuer le droit d&rsquo;inscrire sa victoire sur son curriculum vitae, ce qui, pour une jeune pianiste en devenir, est un \u00e9l\u00e9ment primordial qui confirme et garantit en quelque sorte son talent.<br \/>\nEn fin de soir\u00e9e, apr\u00e8s longues et difficiles d\u00e9lib\u00e9rations, le jury a r\u00e9compens\u00e9 Florian COUTO.<br \/>\nFrancis VIDIL, professeur de piano et d&rsquo;improvisation au conservatoire, a chaleureusement f\u00e9licit\u00e9 le vainqueur, mais aussi les autres concurrents, tant les candidats \u00e9taient proches les uns des autres.<\/p>\n<p>Une tr\u00e8s agr\u00e9able soir\u00e9e de piano qu&rsquo;un nombreux public (parents, amis, mais aussi simples amateurs de belle musique et appr\u00e9ciant justement la d\u00e9couverte de ces futurs grands artistes interpr\u00e8tes de demain) a suivi avec enthousiasme!&#8230;<br \/>\nLe mois Moli\u00e8re n&rsquo;est pas termin\u00e9, et chacun a encore le loisir de profiter d&rsquo;une belle semaine de concerts, pi\u00e8ces de th\u00e9\u00e2tre, \u0153uvres diverses un peu partout dans la cit\u00e9 royale&#8230;<\/p>\n<p>Apr\u00e8s le 30 juin, il vous faudra attendre une ann\u00e9e enti\u00e8re pour retrouver \u00e0 VERSAILLES une telle accumulation de spectacles en acc\u00e8s libre!<\/p>\n<p>En attendant voici une improvisation donn\u00e9e (le mot est juste !) par Victor BORGE au concert qui c\u00e9l\u00e8brait son 80i\u00e8me anniversaire. La r\u00e9action du public \u00e9tait si enthousiaste qu&rsquo;en fin de concert le violoniste Anton KONTRA demanda \u00e0 Victor BORGE une improvisation pour un bis. Celui-ci proposa la Czarda de MONTI, qu&rsquo;il avait entendu mais jamais jou\u00e9 et qui entra\u00eena une tr\u00e8s belle complicit\u00e9 entre les deux musiciens pour le plus grand bonheur du public que vous pouvez partager\u2026<br \/>\n<iframe loading=\"lazy\" src=\"http:\/\/www.youtube.com\/embed\/tvUbrbFdJ8g\" height=\"315\" width=\"420\" allowfullscreen=\"\" frameborder=\"0\"><\/iframe><\/p>\n","protected":false},"excerpt":{"rendered":"<p>CONSERVATOIRE de VERSAILLES: p\u00e9pini\u00e8re de talents!&#8230; En ce jour de f\u00eate de la musique, jeudi 21 juin, le conservatoire de VERSAILLES a eu l&rsquo;excellente initiative de programmer, dans le cadre du mois Moli\u00e8re, une audition publique de ses meilleurs \u00e9l\u00e8ves pianistes. Ce fut d&rsquo;abord, \u00e0 18h, le \u00ab\u00a0prix d&rsquo;improvisation\u00a0\u00bb qui a mis en comp\u00e9tition quatre &hellip; <\/p>\n<p><a class=\"more-link btn\" href=\"https:\/\/ritmy.fr\/essais\/impro-et-jeunes-pros\/\">Lire la suite<\/a><\/p>\n","protected":false},"author":2,"featured_media":0,"comment_status":"closed","ping_status":"closed","sticky":false,"template":"","format":"standard","meta":{"footnotes":""},"categories":[5,1],"tags":[],"class_list":["post-7220","post","type-post","status-publish","format-standard","hentry","category-dans-les-yvelines","category-ritmy","nodate","item-wrap"],"_links":{"self":[{"href":"https:\/\/ritmy.fr\/essais\/wp-json\/wp\/v2\/posts\/7220","targetHints":{"allow":["GET"]}}],"collection":[{"href":"https:\/\/ritmy.fr\/essais\/wp-json\/wp\/v2\/posts"}],"about":[{"href":"https:\/\/ritmy.fr\/essais\/wp-json\/wp\/v2\/types\/post"}],"author":[{"embeddable":true,"href":"https:\/\/ritmy.fr\/essais\/wp-json\/wp\/v2\/users\/2"}],"replies":[{"embeddable":true,"href":"https:\/\/ritmy.fr\/essais\/wp-json\/wp\/v2\/comments?post=7220"}],"version-history":[{"count":6,"href":"https:\/\/ritmy.fr\/essais\/wp-json\/wp\/v2\/posts\/7220\/revisions"}],"predecessor-version":[{"id":9755,"href":"https:\/\/ritmy.fr\/essais\/wp-json\/wp\/v2\/posts\/7220\/revisions\/9755"}],"wp:attachment":[{"href":"https:\/\/ritmy.fr\/essais\/wp-json\/wp\/v2\/media?parent=7220"}],"wp:term":[{"taxonomy":"category","embeddable":true,"href":"https:\/\/ritmy.fr\/essais\/wp-json\/wp\/v2\/categories?post=7220"},{"taxonomy":"post_tag","embeddable":true,"href":"https:\/\/ritmy.fr\/essais\/wp-json\/wp\/v2\/tags?post=7220"}],"curies":[{"name":"wp","href":"https:\/\/api.w.org\/{rel}","templated":true}]}}