{"id":7208,"date":"2012-06-14T11:35:06","date_gmt":"2012-06-14T10:35:06","guid":{"rendered":"http:\/\/ritmy.fr\/essais\/?p=7208"},"modified":"2013-11-09T15:38:05","modified_gmt":"2013-11-09T14:38:05","slug":"une-belle-assemblee","status":"publish","type":"post","link":"https:\/\/ritmy.fr\/essais\/une-belle-assemblee\/","title":{"rendered":"UNE BELLE ASSEMBL\u00c9E\u2026"},"content":{"rendered":"<h2 style=\"text-align: left;\"><strong><span style=\"color: #ff0000;\">ET \u00d4 COMBIEN BONNE !<\/span><\/strong><\/h2>\n<p><a href=\"https:\/\/ritmy.fr\/essais\/wp-content\/uploads\/2012\/06\/MAIRIE-DE-M\u00c9R\u00c9.png\"><img loading=\"lazy\" decoding=\"async\" class=\"aligncenter size-full wp-image-7213\" title=\"MAIRIE DE M\u00c9R\u00c9\" src=\"https:\/\/ritmy.fr\/essais\/wp-content\/uploads\/2012\/06\/MAIRIE-DE-M\u00c9R\u00c9.png\" alt=\"\" width=\"560\" height=\"420\" srcset=\"https:\/\/ritmy.fr\/essais\/wp-content\/uploads\/2012\/06\/MAIRIE-DE-M\u00c9R\u00c9.png 560w, https:\/\/ritmy.fr\/essais\/wp-content\/uploads\/2012\/06\/MAIRIE-DE-M\u00c9R\u00c9-300x225.png 300w\" sizes=\"auto, (max-width: 560px) 100vw, 560px\" \/><\/a><\/p>\n<blockquote>\n<div lang=\"FR\">\n<blockquote dir=\"ltr\">\n<div>\n<div>L\u2019Assembl\u00e9e G\u00e9n\u00e9rale de RITMY s\u2019est tenue mercredi 13 juin au si\u00e8ge social, en mairie de M\u00e9r\u00e9.<br \/>\nLa soir\u00e9e a d\u00e9but\u00e9 par une int\u00e9ressante conf\u00e9rence-projection de Martine BOULFROY (professeur \u00e0 l\u2019Ecole de Musique de MANTES LA JOLIE) sur un op\u00e9ra peu connu (parce que peu jou\u00e9) de MASSENET : <em><strong>\u00ab\u00a0Ch\u00e9rubin\u00a0\u00bb<\/strong><\/em>. Les \u00ab\u00a0Amis de RITMY\u00a0\u00bb qui avaient \u00e9t\u00e9 convi\u00e9s \u00e0 cette pr\u00e9sentation, ont pu appr\u00e9cier quelques extraits particuli\u00e8rement virtuoses de cette \u0153uvre, qui ouvre la voie aux tessitures \u00ab\u00a0extr\u00eames\u00a0\u00bb, et qui pr\u00e9figure les plus grands airs de Puccini, entre autres.<\/div>\n<div>L\u2019Assembl\u00e9e G\u00e9n\u00e9rale qui a suivi a enregistr\u00e9 les modifications dans la composition du Conseil d\u2019Administration\u00a0: Jean-Claude KUENTZ, apr\u00e8s trois ann\u00e9es fort bien men\u00e9es \u00e0 la pr\u00e9sidence de l\u2019association, ayant repris quelques activit\u00e9s professionnelles, a souhait\u00e9 c\u00e9der la place. Apr\u00e8s avoir chaleureusement remerci\u00e9 l\u2019ancien pr\u00e9sident pour son action (qu\u2019il va d\u2019ailleurs poursuivre en partie, en continuant \u00e0 alimenter r\u00e9guli\u00e8rement notre site) les membres pr\u00e9sents ont approuv\u00e9 l\u2019\u00e9lection de Jean ALFONSI, qui prend donc la suite, et qui pr\u00e9sidera \u00e0 son tour aux destin\u00e9es de RITMY.<\/div>\n<div>\u00a0La pr\u00e9sentation du programme des 23\u00e8mes \u00ab\u00a0Saisons\u00a0\u00bb par Luc URBAIN, le rapport d\u2019activit\u00e9s et les budgets\u00a0ont sans doute d\u00fb convaincre l&rsquo;Assembl\u00e9e puisque tout a\u00a0\u00e9t\u00e9 approuv\u00e9 \u00e0 l\u2019unanimit\u00e9.<\/div>\n<div>Les 23\u00e8mes \u00ab\u00a0Saisons\u00a0\u00bb, sont en ordre de marche, et nos fid\u00e8les amateurs de musique auront d\u00e8s septembre prochain l\u2019occasion de montrer une ann\u00e9e encore leur attachement \u00e0 la musique de qualit\u00e9 dans nos villages\u2026<\/div>\n<div>Le C.A. de RITMY va poursuivre une r\u00e9flexion sur diff\u00e9rents points qui viseront \u00e0 am\u00e9liorer encore la pr\u00e9paration des concerts et la diffusion de l\u2019information, afin que chaque manifestation soit une r\u00e9ussite et concerne le plus grand nombre de spectateurs.<\/div>\n<div>Apr\u00e8s un \u00e9t\u00e9 que chacun a souhait\u00e9 mieux ensoleill\u00e9 que cette fin de printemps, nous nous retrouverons donc le 30 septembre, pour le tout premier concert, \u00e0 NEAUPHLE LE CHATEAU\u2026 un concert fort original qui ouvrira avec malice ces nouvelles Saisons.<\/div>\n<\/div>\n<div><\/div>\n<\/blockquote>\n<\/div>\n<\/blockquote>\n<div lang=\"FR\">\n<p>Et pour illustrer ce reportage (sign\u00e9 Jean-Jos\u00e9 FIN) voici un \u00ab\u00a0pot-pourri\u00a0\u00bb des images et des chants que Martine BOULFROY nous a permis de d\u00e9couvrir\u2026 Un fort bel OP\u00c9RA que nous avons tous regrett\u00e9 de ne pas avoir connu\u2026 Mais il fort facile de rem\u00e9dier \u00e0 cette carence (un petit clic sur FNAC.COM, par exemple\u2026), n&rsquo;est-ce pas !<\/p>\n<\/div>\n<p><iframe loading=\"lazy\" src=\"http:\/\/www.youtube.com\/embed\/9hnqE_bmAFI\" frameborder=\"0\" width=\"560\" height=\"315\"><\/iframe><\/p>\n<p style=\"text-align: left;\">Si vous voulez nous proposer ou nous demander une \u0153uvre, r\u00e9agir, commenter ou signaler un \u00e9v\u00e9nement dans les Yvelines\u2026 l&rsquo;adresse courriel de <strong>RITMY<\/strong> est faite pour vous !<\/p>\n<p style=\"text-align: center;\"><a href=\"mailto:contact.ritmy@gmail.com\"><strong><span style=\"color: #000080;\">contact.ritmy@gmail.com<\/span><\/strong><\/a><\/p>\n","protected":false},"excerpt":{"rendered":"<p>ET \u00d4 COMBIEN BONNE ! L\u2019Assembl\u00e9e G\u00e9n\u00e9rale de RITMY s\u2019est tenue mercredi 13 juin au si\u00e8ge social, en mairie de M\u00e9r\u00e9. La soir\u00e9e a d\u00e9but\u00e9 par une int\u00e9ressante conf\u00e9rence-projection de Martine BOULFROY (professeur \u00e0 l\u2019Ecole de Musique de MANTES LA JOLIE) sur un op\u00e9ra peu connu (parce que peu jou\u00e9) de MASSENET : \u00ab\u00a0Ch\u00e9rubin\u00a0\u00bb. Les &hellip; <\/p>\n<p><a class=\"more-link btn\" href=\"https:\/\/ritmy.fr\/essais\/une-belle-assemblee\/\">Lire la suite<\/a><\/p>\n","protected":false},"author":2,"featured_media":0,"comment_status":"closed","ping_status":"closed","sticky":false,"template":"","format":"standard","meta":{"footnotes":""},"categories":[1],"tags":[],"class_list":["post-7208","post","type-post","status-publish","format-standard","hentry","category-ritmy","nodate","item-wrap"],"_links":{"self":[{"href":"https:\/\/ritmy.fr\/essais\/wp-json\/wp\/v2\/posts\/7208","targetHints":{"allow":["GET"]}}],"collection":[{"href":"https:\/\/ritmy.fr\/essais\/wp-json\/wp\/v2\/posts"}],"about":[{"href":"https:\/\/ritmy.fr\/essais\/wp-json\/wp\/v2\/types\/post"}],"author":[{"embeddable":true,"href":"https:\/\/ritmy.fr\/essais\/wp-json\/wp\/v2\/users\/2"}],"replies":[{"embeddable":true,"href":"https:\/\/ritmy.fr\/essais\/wp-json\/wp\/v2\/comments?post=7208"}],"version-history":[{"count":11,"href":"https:\/\/ritmy.fr\/essais\/wp-json\/wp\/v2\/posts\/7208\/revisions"}],"predecessor-version":[{"id":9823,"href":"https:\/\/ritmy.fr\/essais\/wp-json\/wp\/v2\/posts\/7208\/revisions\/9823"}],"wp:attachment":[{"href":"https:\/\/ritmy.fr\/essais\/wp-json\/wp\/v2\/media?parent=7208"}],"wp:term":[{"taxonomy":"category","embeddable":true,"href":"https:\/\/ritmy.fr\/essais\/wp-json\/wp\/v2\/categories?post=7208"},{"taxonomy":"post_tag","embeddable":true,"href":"https:\/\/ritmy.fr\/essais\/wp-json\/wp\/v2\/tags?post=7208"}],"curies":[{"name":"wp","href":"https:\/\/api.w.org\/{rel}","templated":true}]}}