{"id":7199,"date":"2012-06-01T11:40:55","date_gmt":"2012-06-01T10:40:55","guid":{"rendered":"http:\/\/ritmy.fr\/essais\/?p=7199"},"modified":"2013-11-09T15:38:13","modified_gmt":"2013-11-09T14:38:13","slug":"attntion-evenement","status":"publish","type":"post","link":"https:\/\/ritmy.fr\/essais\/attntion-evenement\/","title":{"rendered":"ATTENTION \u00c9V\u00c9NEMENT !"},"content":{"rendered":"<h2><strong><span style=\"color: #ff0000;\">AH ! LE JOLI MOIS DE\u2026 JUIN !<br \/>\n<\/span><\/strong><\/h2>\n<p style=\"text-align: left;\">JEAN-JOS\u00c9, toujours lui, nous fait le rappel suivant :<\/p>\n<blockquote>\n<p style=\"text-align: left;\"><strong>&#8230;Attention: \u00e9v\u00e8nement!<\/strong><br \/>\n<strong>Comme chaque ann\u00e9e, le \u00ab\u00a0mois Moli\u00e8re\u00a0\u00bb d\u00e9marre \u00e0 Versailles d\u00e8s le 1er<\/strong><br \/>\n<strong>juin&#8230;<\/strong><br \/>\n<strong>Programme sur internet: <span style=\"color: #0000ff;\"><a href=\"http:\/\/www.moismoliere.com\" target=\"_blank\"><span style=\"color: #0000ff;\">www.moismoliere.com<\/span><\/a><\/span> .<\/strong><br \/>\n<strong>Du th\u00e9\u00e2tre, des concerts, des repr\u00e9sentations en salle, en plein air, tous<\/strong><br \/>\n<strong>les jours, partout dans Versailles!<\/strong><br \/>\n<strong>Et en majorit\u00e9 en acc\u00e8s libre&#8230;<\/strong><br \/>\n<strong>Pour la premi\u00e8re journ\u00e9e, ce vendredi 1er juin, aux Grandes \u00c9curies (face au ch\u00e2teau), \u00e0 20h30 : <\/strong><\/p>\n<p style=\"text-align: center;\"><strong>\u00ab\u00a0Dom<\/strong><strong> Juan\u00a0\u00bb de Moli\u00e8re par la troupe \u00ab\u00a0Viva la Commedia\u00a0\u00bb&#8230;<\/strong><\/p>\n<p style=\"text-align: center;\"><a href=\"https:\/\/ritmy.fr\/essais\/wp-content\/uploads\/2012\/06\/FEMMES-SAVANTES.png\"><img loading=\"lazy\" decoding=\"async\" class=\"aligncenter size-full wp-image-7203\" title=\"FEMMES SAVANTES\" src=\"https:\/\/ritmy.fr\/essais\/wp-content\/uploads\/2012\/06\/FEMMES-SAVANTES.png\" alt=\"\" width=\"472\" height=\"316\" srcset=\"https:\/\/ritmy.fr\/essais\/wp-content\/uploads\/2012\/06\/FEMMES-SAVANTES.png 472w, https:\/\/ritmy.fr\/essais\/wp-content\/uploads\/2012\/06\/FEMMES-SAVANTES-300x200.png 300w\" sizes=\"auto, (max-width: 472px) 100vw, 472px\" \/><\/a><\/p>\n<p style=\"text-align: left;\"><strong>Et des tas d&rsquo;autres manifestations culturelles chaque jour, du 1er au<\/strong><strong> 30&#8230;!!!<\/strong><br \/>\n<strong>On s&rsquo;y retrouve avant la fin de ce mois tr\u00e8s prometteur ?&#8230;<\/strong><br \/>\n<strong>Bien cordialement,<\/strong><br \/>\n<strong>\u00a0\u00a0\u00a0\u00a0\u00a0\u00a0\u00a0\u00a0\u00a0\u00a0\u00a0\u00a0\u00a0\u00a0\u00a0\u00a0\u00a0\u00a0\u00a0\u00a0\u00a0\u00a0\u00a0\u00a0\u00a0\u00a0\u00a0\u00a0\u00a0\u00a0\u00a0\u00a0\u00a0\u00a0\u00a0\u00a0\u00a0\u00a0 Jean-Jos\u00e9.<\/strong><br \/>\n<strong>P.S.: pour tous les spectacles en acc\u00e8s libre, en particulier les week-end,<\/strong><br \/>\n<strong>il est recommand\u00e9 d&rsquo;arriver largement \u00e0 l&rsquo;avance!<\/strong><\/p>\n<\/blockquote>\n<p style=\"text-align: center;\"><iframe loading=\"lazy\" src=\"http:\/\/www.youtube.com\/embed\/3K2LmilR3IE\" frameborder=\"0\" width=\"600\" height=\"450\"><\/iframe><\/p>\n<p style=\"text-align: left;\">Si vous voulez nous proposer ou nous demander une \u0153uvre, r\u00e9agir, commenter ou signaler un \u00e9v\u00e9nement dans les Yvelines\u2026 l&rsquo;adresse courriel de <strong>RITMY<\/strong> est faite pour vous !<\/p>\n<p style=\"text-align: center;\"><a href=\"mailto:contact.ritmy@gmail.com\"><strong><span style=\"color: #000080;\">contact.ritmy@gmail.com<\/span><\/strong><\/a><\/p>\n","protected":false},"excerpt":{"rendered":"<p>AH ! LE JOLI MOIS DE\u2026 JUIN ! JEAN-JOS\u00c9, toujours lui, nous fait le rappel suivant : &#8230;Attention: \u00e9v\u00e8nement! Comme chaque ann\u00e9e, le \u00ab\u00a0mois Moli\u00e8re\u00a0\u00bb d\u00e9marre \u00e0 Versailles d\u00e8s le 1er juin&#8230; Programme sur internet: www.moismoliere.com . Du th\u00e9\u00e2tre, des concerts, des repr\u00e9sentations en salle, en plein air, tous les jours, partout dans Versailles! Et &hellip; <\/p>\n<p><a class=\"more-link btn\" href=\"https:\/\/ritmy.fr\/essais\/attntion-evenement\/\">Lire la suite<\/a><\/p>\n","protected":false},"author":2,"featured_media":0,"comment_status":"closed","ping_status":"closed","sticky":false,"template":"","format":"standard","meta":{"footnotes":""},"categories":[1],"tags":[],"class_list":["post-7199","post","type-post","status-publish","format-standard","hentry","category-ritmy","nodate","item-wrap"],"_links":{"self":[{"href":"https:\/\/ritmy.fr\/essais\/wp-json\/wp\/v2\/posts\/7199","targetHints":{"allow":["GET"]}}],"collection":[{"href":"https:\/\/ritmy.fr\/essais\/wp-json\/wp\/v2\/posts"}],"about":[{"href":"https:\/\/ritmy.fr\/essais\/wp-json\/wp\/v2\/types\/post"}],"author":[{"embeddable":true,"href":"https:\/\/ritmy.fr\/essais\/wp-json\/wp\/v2\/users\/2"}],"replies":[{"embeddable":true,"href":"https:\/\/ritmy.fr\/essais\/wp-json\/wp\/v2\/comments?post=7199"}],"version-history":[{"count":7,"href":"https:\/\/ritmy.fr\/essais\/wp-json\/wp\/v2\/posts\/7199\/revisions"}],"predecessor-version":[{"id":9824,"href":"https:\/\/ritmy.fr\/essais\/wp-json\/wp\/v2\/posts\/7199\/revisions\/9824"}],"wp:attachment":[{"href":"https:\/\/ritmy.fr\/essais\/wp-json\/wp\/v2\/media?parent=7199"}],"wp:term":[{"taxonomy":"category","embeddable":true,"href":"https:\/\/ritmy.fr\/essais\/wp-json\/wp\/v2\/categories?post=7199"},{"taxonomy":"post_tag","embeddable":true,"href":"https:\/\/ritmy.fr\/essais\/wp-json\/wp\/v2\/tags?post=7199"}],"curies":[{"name":"wp","href":"https:\/\/api.w.org\/{rel}","templated":true}]}}