{"id":6956,"date":"2012-03-25T23:54:27","date_gmt":"2012-03-25T22:54:27","guid":{"rendered":"http:\/\/ritmy.fr\/essais\/?p=6956"},"modified":"2013-11-09T15:40:11","modified_gmt":"2013-11-09T14:40:11","slug":"et-22-de-bouclees","status":"publish","type":"post","link":"https:\/\/ritmy.fr\/essais\/et-22-de-bouclees\/","title":{"rendered":"ET 22 DE BOUCL\u00c9ES !"},"content":{"rendered":"<h3 style=\"text-align: center;\"><strong><span style=\"color: #008000;\">DEMAIN <em>\u00ab\u00a0LE FESTIVAL DE PRINTEMPS\u00a0\u00bb\u2026<\/em><br \/>\n<\/span><\/strong><\/h3>\n<h2><strong><span style=\"color: #ff0000;\">LE DERNIER CONCERT DES 22i\u00e8mes SAISONS\u2026<br \/>\n<\/span><\/strong><\/h2>\n<p style=\"text-align: left;\">Bien s\u00fbr, nous n&rsquo;allons pas verser une larme\u2026 ou alors seulement sur le temps qui passe, celui qui <em>\u00ab\u00a0ne se rattrape gu\u00e8re, ne se rattrape plus\u00a0\u00bb<\/em> comme le chantait BARBARA. Car s&rsquo;il est bien trop t\u00f4t pour \u00e9tablir un bilan complet de cette \u00c9dition de <strong>RITMY<\/strong>, disons simplement et d&rsquo;ores et d\u00e9j\u00e0, qu&rsquo;elle a atteint les objectifs fix\u00e9s de fr\u00e9quentation et de diversit\u00e9 musicale, l&rsquo;imp\u00e9ratif de qualit\u00e9 que s&rsquo;est fix\u00e9 <strong>RITMY <\/strong>depuis sa cr\u00e9ation, ayant toujours \u00e9t\u00e9 aux rendez-vous de ces Saisons\u2026<\/p>\n<p style=\"text-align: left;\"><a href=\"https:\/\/ritmy.fr\/essais\/wp-content\/uploads\/2012\/03\/concert-RITMY-24-03-12-031.jpg\"><img loading=\"lazy\" decoding=\"async\" class=\"aligncenter size-full wp-image-6962\" title=\"concert RITMY 24-03-12 031\" src=\"https:\/\/ritmy.fr\/essais\/wp-content\/uploads\/2012\/03\/concert-RITMY-24-03-12-031.jpg\" alt=\"\" width=\"480\" height=\"277\" srcset=\"https:\/\/ritmy.fr\/essais\/wp-content\/uploads\/2012\/03\/concert-RITMY-24-03-12-031.jpg 480w, https:\/\/ritmy.fr\/essais\/wp-content\/uploads\/2012\/03\/concert-RITMY-24-03-12-031-300x173.jpg 300w\" sizes=\"auto, (max-width: 480px) 100vw, 480px\" \/><\/a><em><strong>En ce qui concerne ce dernier concert, voici ce que nous en a rapport\u00e9 Jean-Jos\u00e9 FIN\u2026<\/strong><\/em><\/p>\n<blockquote>\n<p style=\"text-align: left;\">\u00ab\u00a0Eglise quasiment pleine samedi soir \u00e0 M\u00e9r\u00e9 pour ce tout dernier rendez-vous musical des 22\u00e8mes Saisons de RITMY! Les amateurs ne s&rsquo;y sont pas tromp\u00e9s, et le ch\u0153ur \u00ab\u00a0MONTANSIER\u00a0\u00bb a soulev\u00e9 l&rsquo;enthousiasme, en proposant un programme particuli\u00e8rement technique&#8230;<\/p>\n<div id=\"attachment_6963\" style=\"width: 118px\" class=\"wp-caption alignright\"><a href=\"https:\/\/ritmy.fr\/essais\/wp-content\/uploads\/2012\/03\/JULIETTE-HE\u0301NAF.png\"><img loading=\"lazy\" decoding=\"async\" aria-describedby=\"caption-attachment-6963\" class=\" wp-image-6963  \" title=\"JULIETTE HENAFF\" src=\"https:\/\/ritmy.fr\/essais\/wp-content\/uploads\/2012\/03\/JULIETTE-HE\u0301NAF.png\" alt=\"\" width=\"118\" height=\"118\" \/><\/a><p id=\"caption-attachment-6963\" class=\"wp-caption-text\">Juliette HENAFF<\/p><\/div>\n<p style=\"text-align: left;\">Il est vrai qu&rsquo;en mati\u00e8re de chants religieux ou profanes, le choix \u00e9tait particuli\u00e8rement judicieux: les \u00ab\u00a0Christmas carols\u00a0\u00bb de Ralph Vaughan WILLIAMS, le \u00ab\u00a0Ballet des Ombres\u00a0\u00bb de BERLIOZ, les \u00ab\u00a0Djinns\u00a0\u00bb de FAUR\u00c9 ou encore le \u00ab\u00a0Laudate Pueri Dominum\u00a0\u00bb de PERGOLESE, les<br \/>\n\u00ab\u00a0Musics Makers\u00a0\u00bb de ELGAR, ou bien enfin pour clorePourcette magnifique soir\u00e9e les \u00ab\u00a0Songs of the Fleet\u00a0\u00bb de Charles Villiers STANFORD\u2026<\/p>\n<div id=\"attachment_6964\" style=\"width: 118px\" class=\"wp-caption alignleft\"><a href=\"https:\/\/ritmy.fr\/essais\/wp-content\/uploads\/2012\/03\/APRODU.jpg\"><img loading=\"lazy\" decoding=\"async\" aria-describedby=\"caption-attachment-6964\" class=\" wp-image-6964  \" title=\"APRODU\" src=\"https:\/\/ritmy.fr\/essais\/wp-content\/uploads\/2012\/03\/APRODU.jpg\" alt=\"\" width=\"118\" height=\"111\" \/><\/a><p id=\"caption-attachment-6964\" class=\"wp-caption-text\">Ancuza APRODU<\/p><\/div>\n<p style=\"text-align: left;\">Autant d&rsquo;\u0153uvres qui ont permis \u00e0 ce ch\u0153ur aguerri de d\u00e9montrer tout son talent !<br \/>\nSous la direction toute en \u00e9nergie et finesse de Juliette HENAFF, accompagn\u00e9 par Ancuza APRODU au piano, cet ensemble poursuit un parcours d&rsquo;excellence (rappelons pour m\u00e9moire sa participation l&rsquo;an dernier \u00e0 \u00ab\u00a0l&rsquo;Op\u00e9ra de Quat&rsquo;Sous\u00a0\u00bb).\u00a0 Les deux solistes (la soprano C\u00e9cile BONAVENTURE, et le baryton Jean-Baptiste GALEY) ont \u00e9t\u00e9 eux aussi particuli\u00e8rement ovationn\u00e9s!<\/p>\n<div id=\"attachment_6969\" style=\"width: 419px\" class=\"wp-caption aligncenter\"><a href=\"https:\/\/ritmy.fr\/essais\/wp-content\/uploads\/2012\/03\/MONTANSIER1.jpg\"><img loading=\"lazy\" decoding=\"async\" aria-describedby=\"caption-attachment-6969\" class=\"size-full wp-image-6969\" title=\"MONTANSIER\" src=\"https:\/\/ritmy.fr\/essais\/wp-content\/uploads\/2012\/03\/MONTANSIER1.jpg\" alt=\"\" width=\"419\" height=\"173\" srcset=\"https:\/\/ritmy.fr\/essais\/wp-content\/uploads\/2012\/03\/MONTANSIER1.jpg 419w, https:\/\/ritmy.fr\/essais\/wp-content\/uploads\/2012\/03\/MONTANSIER1-300x123.jpg 300w\" sizes=\"auto, (max-width: 419px) 100vw, 419px\" \/><\/a><p id=\"caption-attachment-6969\" class=\"wp-caption-text\">Le Ch\u0153ur MONTANSIER<\/p><\/div>\n<p style=\"text-align: center;\">Un grand moment, et, d\u00e9j\u00e0, pour tous, l&rsquo;attente de nos prochains<br \/>\nrendez-vous, d\u00e8s septembre, pour les 23\u00e8mes Saisons musicales!\u00a0\u00bb<\/p>\n<\/blockquote>\n<div id=\"attachment_6965\" style=\"width: 596px\" class=\"wp-caption aligncenter\"><a href=\"https:\/\/ritmy.fr\/essais\/wp-content\/uploads\/2012\/03\/Ce\u0301cile-BONAVENTURE-Jean-Baptiste-GALEY.png\"><img loading=\"lazy\" decoding=\"async\" aria-describedby=\"caption-attachment-6965\" class=\"size-full wp-image-6965 \" title=\"Ce\u0301cile BONAVENTURE, Jean-Baptiste GALEY\" src=\"https:\/\/ritmy.fr\/essais\/wp-content\/uploads\/2012\/03\/Ce\u0301cile-BONAVENTURE-Jean-Baptiste-GALEY.png\" alt=\"\" width=\"596\" height=\"223\" srcset=\"https:\/\/ritmy.fr\/essais\/wp-content\/uploads\/2012\/03\/Ce\u0301cile-BONAVENTURE-Jean-Baptiste-GALEY.png 596w, https:\/\/ritmy.fr\/essais\/wp-content\/uploads\/2012\/03\/Ce\u0301cile-BONAVENTURE-Jean-Baptiste-GALEY-300x112.png 300w\" sizes=\"auto, (max-width: 596px) 100vw, 596px\" \/><\/a><p id=\"caption-attachment-6965\" class=\"wp-caption-text\">C\u00e9cile BONAVENTURE, Jean-Baptiste GALEY<\/p><\/div>\n<p>Pour nous souvenir de cette soir\u00e9e et des d\u00e9couvertes qu&rsquo;elle nous a permis de faire dans la musique anglaise dont les chorales du Nord au Sud et de la Manche \u00e0 l&rsquo;Atlantique sont particuli\u00e8rement vivantes, voici de Ralph Vaughan WILLIAMS (1872 &#8211; 1958) la <em>Fantasia on Christmas Carols<\/em> qui fut compos\u00e9e en 1912, interpr\u00e9t\u00e9e par le Ch\u0153ur MONTEVERDI et l\u2019orchestre philharmonique de W\u00fcrzburg\u2026<\/p>\n<p style=\"text-align: center;\"><iframe loading=\"lazy\" src=\"http:\/\/www.youtube.com\/embed\/_FRtBVYYMW4?rel=0\" frameborder=\"0\" width=\"560\" height=\"315\"><\/iframe><iframe loading=\"lazy\" src=\"http:\/\/www.youtube.com\/embed\/JveXl0bLM1I?rel=0\" frameborder=\"0\" width=\"560\" height=\"315\"><\/iframe><\/p>\n<p style=\"text-align: left;\">Si vous voulez nous proposer ou nous demander une \u0153uvre, r\u00e9agir, commenter ou signaler un \u00e9v\u00e9nement dans les Yvelines\u2026 l&rsquo;adresse courriel de <strong>RITMY<\/strong> est faite pour vous !<\/p>\n<p style=\"text-align: center;\"><a href=\"mailto:contact.ritmy@gmail.com\"><strong><span style=\"color: #000080;\">contact.ritmy@gmail.com<\/span><\/strong><\/a><\/p>\n","protected":false},"excerpt":{"rendered":"<p>DEMAIN \u00ab\u00a0LE FESTIVAL DE PRINTEMPS\u00a0\u00bb\u2026 LE DERNIER CONCERT DES 22i\u00e8mes SAISONS\u2026 Bien s\u00fbr, nous n&rsquo;allons pas verser une larme\u2026 ou alors seulement sur le temps qui passe, celui qui \u00ab\u00a0ne se rattrape gu\u00e8re, ne se rattrape plus\u00a0\u00bb comme le chantait BARBARA. Car s&rsquo;il est bien trop t\u00f4t pour \u00e9tablir un bilan complet de cette \u00c9dition &hellip; <\/p>\n<p><a class=\"more-link btn\" href=\"https:\/\/ritmy.fr\/essais\/et-22-de-bouclees\/\">Lire la suite<\/a><\/p>\n","protected":false},"author":2,"featured_media":0,"comment_status":"closed","ping_status":"closed","sticky":false,"template":"","format":"standard","meta":{"footnotes":""},"categories":[3,5,1],"tags":[],"class_list":["post-6956","post","type-post","status-publish","format-standard","hentry","category-les-oeuvres","category-dans-les-yvelines","category-ritmy","nodate","item-wrap"],"_links":{"self":[{"href":"https:\/\/ritmy.fr\/essais\/wp-json\/wp\/v2\/posts\/6956","targetHints":{"allow":["GET"]}}],"collection":[{"href":"https:\/\/ritmy.fr\/essais\/wp-json\/wp\/v2\/posts"}],"about":[{"href":"https:\/\/ritmy.fr\/essais\/wp-json\/wp\/v2\/types\/post"}],"author":[{"embeddable":true,"href":"https:\/\/ritmy.fr\/essais\/wp-json\/wp\/v2\/users\/2"}],"replies":[{"embeddable":true,"href":"https:\/\/ritmy.fr\/essais\/wp-json\/wp\/v2\/comments?post=6956"}],"version-history":[{"count":13,"href":"https:\/\/ritmy.fr\/essais\/wp-json\/wp\/v2\/posts\/6956\/revisions"}],"predecessor-version":[{"id":6990,"href":"https:\/\/ritmy.fr\/essais\/wp-json\/wp\/v2\/posts\/6956\/revisions\/6990"}],"wp:attachment":[{"href":"https:\/\/ritmy.fr\/essais\/wp-json\/wp\/v2\/media?parent=6956"}],"wp:term":[{"taxonomy":"category","embeddable":true,"href":"https:\/\/ritmy.fr\/essais\/wp-json\/wp\/v2\/categories?post=6956"},{"taxonomy":"post_tag","embeddable":true,"href":"https:\/\/ritmy.fr\/essais\/wp-json\/wp\/v2\/tags?post=6956"}],"curies":[{"name":"wp","href":"https:\/\/api.w.org\/{rel}","templated":true}]}}