{"id":6829,"date":"2012-03-16T22:43:00","date_gmt":"2012-03-16T21:43:00","guid":{"rendered":"http:\/\/ritmy.fr\/essais\/?p=6829"},"modified":"2012-03-28T23:07:23","modified_gmt":"2012-03-28T22:07:23","slug":"compositeur-interprete","status":"publish","type":"post","link":"https:\/\/ritmy.fr\/essais\/compositeur-interprete\/","title":{"rendered":"COMPOSITEUR &#8211; INTERPR\u00c8TE"},"content":{"rendered":"<h2><strong style=\"color: #008000;\"><span style=\"color: #ff0000;\">FRANCIS POULENC INTERPR\u00c8TE DE\u2026 FRANCIS POULENC<br \/>\n<\/span><\/strong><\/h2>\n<p><em> <a href=\"https:\/\/ritmy.fr\/essais\/wp-content\/uploads\/2012\/03\/FrancisPoulenc.jpg\"><img loading=\"lazy\" decoding=\"async\" class=\"alignleft size-full wp-image-7008\" title=\"FrancisPoulenc\" src=\"https:\/\/ritmy.fr\/essais\/wp-content\/uploads\/2012\/03\/FrancisPoulenc.jpg\" alt=\"\" width=\"450\" height=\"314\" srcset=\"https:\/\/ritmy.fr\/essais\/wp-content\/uploads\/2012\/03\/FrancisPoulenc.jpg 450w, https:\/\/ritmy.fr\/essais\/wp-content\/uploads\/2012\/03\/FrancisPoulenc-300x209.jpg 300w\" sizes=\"auto, (max-width: 450px) 100vw, 450px\" \/><\/a>\u00ab\u00a0Moine ou voyou ?\u00a0\u00bb<\/em> C&rsquo;est ainsi que le critique Claude ROSTAND d\u00e9finissait POULENC. Il est vrai que la vie et l&rsquo;inspiration de ce grand compositeur fran\u00e7ais, mort en 1963, ont \u00e9t\u00e9 fort tourment\u00e9es, constamment plac\u00e9es entre les Anges et les D\u00e9mons. Est-ce pour cela que son \u0153uvre est \u00e0 la fois fort classique et empreinte d&rsquo;une magistrale fantaisie qui confine parfois \u00e0 la folie ? Peut-\u00eatre\u2026 En tous les cas, les pages qu&rsquo;il nous a laiss\u00e9es sont si puissamment personnelles que deux ou trois mesures suffisent pour dire \u00ab\u00a0C&rsquo;est du POULENC\u00a0\u00bb !<\/p>\n<p>Nous vous proposons, en INT\u00c9GRALE, le <strong><em>Concerto pour Deux Pianos en r\u00e9 mineur<\/em><\/strong>, objet d&rsquo;une commande de la Princesse EDMOND de POLIGNAC (heureux temps o\u00f9 des Princes subventionnait des cr\u00e9ations ? \u00c7a se discute\u2026). Il fut cr\u00e9\u00e9 par le composteur et Jacques F\u00c9VRIER, pianiste de renom dont POULENC admirait la virtuosit\u00e9, en 1932, \u00e0 Venise. Il connut imm\u00e9diatement un grand succ\u00e8s.<\/p>\n<p>Dans ce concerto flamboyant, les pianos, parfois, deviennent percutants comme le Gamelan de Bali que les europ\u00e9ens d\u00e9couvrirent \u00e0 l&rsquo;occasion de l&rsquo;Exposition Coloniale de 1931 qui \u00e9tala les richesses du Monde ; parfois, d&rsquo;un lyrisme exacerb\u00e9, \u00e9voquant tr\u00e8s nettement le Concerto N\u00b021 de Mozart ; parfois enfin, aussi audacieux dans les harmonies que le fut Ravel dans son Concerto en Sol\u2026 Mais ces influences, ces citations, ces emprunts comme on voudra, qui sont de tradition dans la composition, ont toujours \u00e9t\u00e9 remis \u00e0 la sauce POULENC avec intelligence et maestria.<\/p>\n<p>Nous retrouvons ces deux interpr\u00e8tes au d\u00e9but des ann\u00e9es soixante, sous la baguette de Georges PR\u00caTRE, enregistr\u00e9 par la RTF avec un soin remarquable\u2026 Il s&rsquo;agit l\u00e0 d&rsquo;un document incomparable !<\/p>\n<p style=\"text-align: center;\"><strong><em> LE PREMIER MOUVEMENT, allegro ma non troppo<\/em><\/strong><br \/>\n<object width=\"580\" height=\"465\" classid=\"clsid:d27cdb6e-ae6d-11cf-96b8-444553540000\" codebase=\"http:\/\/download.macromedia.com\/pub\/shockwave\/cabs\/flash\/swflash.cab#version=6,0,40,0\"><param name=\"allowFullScreen\" value=\"true\" \/><param name=\"allowscriptaccess\" value=\"always\" \/><param name=\"src\" value=\"http:\/\/www.youtube.com\/v\/cC4kJiTHTtQ?fs=1&amp;hl=fr_FR\" \/><param name=\"allowfullscreen\" value=\"true\" \/><embed width=\"580\" height=\"465\" type=\"application\/x-shockwave-flash\" src=\"http:\/\/www.youtube.com\/v\/cC4kJiTHTtQ?fs=1&amp;hl=fr_FR\" allowFullScreen=\"true\" allowscriptaccess=\"always\" allowfullscreen=\"true\" \/><\/object><br \/>\n<strong><em> LE SECOND MOUVEMENT, larghetto<\/em><\/strong><br \/>\n<object width=\"580\" height=\"465\" classid=\"clsid:d27cdb6e-ae6d-11cf-96b8-444553540000\" codebase=\"http:\/\/download.macromedia.com\/pub\/shockwave\/cabs\/flash\/swflash.cab#version=6,0,40,0\"><param name=\"allowFullScreen\" value=\"true\" \/><param name=\"allowscriptaccess\" value=\"always\" \/><param name=\"src\" value=\"http:\/\/www.youtube.com\/v\/Z2B5xTGInzI?fs=1&amp;hl=fr_FR\" \/><param name=\"allowfullscreen\" value=\"true\" \/><embed width=\"580\" height=\"465\" type=\"application\/x-shockwave-flash\" src=\"http:\/\/www.youtube.com\/v\/Z2B5xTGInzI?fs=1&amp;hl=fr_FR\" allowFullScreen=\"true\" allowscriptaccess=\"always\" allowfullscreen=\"true\" \/><\/object><br \/>\n<strong><em> LE TROISI\u00c8ME MOUVEMENT, allegro molto<\/em><\/strong><br \/>\n<object width=\"580\" height=\"465\" classid=\"clsid:d27cdb6e-ae6d-11cf-96b8-444553540000\" codebase=\"http:\/\/download.macromedia.com\/pub\/shockwave\/cabs\/flash\/swflash.cab#version=6,0,40,0\"><param name=\"allowFullScreen\" value=\"true\" \/><param name=\"allowscriptaccess\" value=\"always\" \/><param name=\"src\" value=\"http:\/\/www.youtube.com\/v\/Z2B5xTGInzI?fs=1&amp;hl=fr_FR\" \/><param name=\"allowfullscreen\" value=\"true\" \/><embed width=\"580\" height=\"465\" type=\"application\/x-shockwave-flash\" src=\"http:\/\/www.youtube.com\/v\/Z2B5xTGInzI?fs=1&amp;hl=fr_FR\" allowFullScreen=\"true\" allowscriptaccess=\"always\" allowfullscreen=\"true\" \/><\/object><\/p>\n<p style=\"text-align: left;\">Si vous voulez nous proposer ou nous demander une \u0153uvre, r\u00e9agir, commenter ou signaler un \u00e9v\u00e9nement dans les Yvelines\u2026 l&rsquo;adresse courriel de <strong>RITMY<\/strong> est faite pour vous !<\/p>\n<p style=\"text-align: center;\"><a href=\"mailto:contact.ritmy@gmail.com\"><strong><span style=\"color: #000080;\">contact.ritmy@gmail.com<\/span><\/strong><\/a><\/p>\n","protected":false},"excerpt":{"rendered":"<p>FRANCIS POULENC INTERPR\u00c8TE DE\u2026 FRANCIS POULENC \u00ab\u00a0Moine ou voyou ?\u00a0\u00bb C&rsquo;est ainsi que le critique Claude ROSTAND d\u00e9finissait POULENC. Il est vrai que la vie et l&rsquo;inspiration de ce grand compositeur fran\u00e7ais, mort en 1963, ont \u00e9t\u00e9 fort tourment\u00e9es, constamment plac\u00e9es entre les Anges et les D\u00e9mons. Est-ce pour cela que son \u0153uvre est \u00e0 &hellip; <\/p>\n<p><a class=\"more-link btn\" href=\"https:\/\/ritmy.fr\/essais\/compositeur-interprete\/\">Lire la suite<\/a><\/p>\n","protected":false},"author":2,"featured_media":0,"comment_status":"open","ping_status":"open","sticky":false,"template":"","format":"standard","meta":{"footnotes":""},"categories":[3],"tags":[],"class_list":["post-6829","post","type-post","status-publish","format-standard","hentry","category-les-oeuvres","nodate","item-wrap"],"_links":{"self":[{"href":"https:\/\/ritmy.fr\/essais\/wp-json\/wp\/v2\/posts\/6829","targetHints":{"allow":["GET"]}}],"collection":[{"href":"https:\/\/ritmy.fr\/essais\/wp-json\/wp\/v2\/posts"}],"about":[{"href":"https:\/\/ritmy.fr\/essais\/wp-json\/wp\/v2\/types\/post"}],"author":[{"embeddable":true,"href":"https:\/\/ritmy.fr\/essais\/wp-json\/wp\/v2\/users\/2"}],"replies":[{"embeddable":true,"href":"https:\/\/ritmy.fr\/essais\/wp-json\/wp\/v2\/comments?post=6829"}],"version-history":[{"count":10,"href":"https:\/\/ritmy.fr\/essais\/wp-json\/wp\/v2\/posts\/6829\/revisions"}],"predecessor-version":[{"id":6840,"href":"https:\/\/ritmy.fr\/essais\/wp-json\/wp\/v2\/posts\/6829\/revisions\/6840"}],"wp:attachment":[{"href":"https:\/\/ritmy.fr\/essais\/wp-json\/wp\/v2\/media?parent=6829"}],"wp:term":[{"taxonomy":"category","embeddable":true,"href":"https:\/\/ritmy.fr\/essais\/wp-json\/wp\/v2\/categories?post=6829"},{"taxonomy":"post_tag","embeddable":true,"href":"https:\/\/ritmy.fr\/essais\/wp-json\/wp\/v2\/tags?post=6829"}],"curies":[{"name":"wp","href":"https:\/\/api.w.org\/{rel}","templated":true}]}}