{"id":29695,"date":"2025-02-10T19:11:19","date_gmt":"2025-02-10T18:11:19","guid":{"rendered":"https:\/\/ritmy.fr\/essais\/?p=29695"},"modified":"2025-09-06T10:31:29","modified_gmt":"2025-09-06T09:31:29","slug":"abracadabrass-le-concert-a-orgerus","status":"publish","type":"post","link":"https:\/\/ritmy.fr\/essais\/abracadabrass-le-concert-a-orgerus\/","title":{"rendered":"ABRACADA&rsquo;BRASS : Le concert \u00e0 Orgerus"},"content":{"rendered":"\n<script language=\"Javascript\">\n<!--\nfunction isMobileDevice() \n{ \nif (\/Mobil\/i.test(navigator.userAgent))\n  {\n  window.open(\"https:\/\/ritmy.fr\/essais\/orgerus2025-mob\/\", \"_top\");\n  }\n}\n\/\/-->\n<\/script>\n<script type=\"text\/javascript\">isMobileDevice()<\/script>\n\n\n\n<p class=\"has-large-font-size\">Ce dimanche \u00e0 ORGERUS\u2026Un concert tout en harmonies \u00ab&nbsp;cuivr\u00e9es&nbsp;\u00bb&nbsp;!<\/p>\n\n\n<div class=\"wp-block-image\">\n<figure class=\"aligncenter size-large\"><img loading=\"lazy\" decoding=\"async\" width=\"1000\" height=\"576\" src=\"https:\/\/ritmy.fr\/essais\/wp-content\/uploads\/2025\/02\/P1370046-1000x576.jpg\" alt=\"\" class=\"wp-image-29696\" srcset=\"https:\/\/ritmy.fr\/essais\/wp-content\/uploads\/2025\/02\/P1370046-1000x576.jpg 1000w, https:\/\/ritmy.fr\/essais\/wp-content\/uploads\/2025\/02\/P1370046-300x173.jpg 300w, https:\/\/ritmy.fr\/essais\/wp-content\/uploads\/2025\/02\/P1370046-768x442.jpg 768w, https:\/\/ritmy.fr\/essais\/wp-content\/uploads\/2025\/02\/P1370046-803x462.jpg 803w, https:\/\/ritmy.fr\/essais\/wp-content\/uploads\/2025\/02\/P1370046.jpg 1280w\" sizes=\"auto, (max-width: 1000px) 100vw, 1000px\" \/><\/figure><\/div>\n\n\n<p class=\"has-large-font-size\">Avec l\u2019ensemble ABRACADA\u2019BRASS, l\u2019ambiance de cette fin d\u2019apr\u00e8s-midi maussade et bien humide a soudainement pris une grande et belle envol\u00e9e ensoleill\u00e9e dans la salle des f\u00eates d\u2019ORGERUS.<br>Il a fallu rajouter des chaises pour asseoir les derniers spectateurs, venus une fois de plus en nombre&nbsp;!<\/p>\n\n\n<div class=\"wp-block-image\">\n<figure class=\"aligncenter size-large\"><img loading=\"lazy\" decoding=\"async\" width=\"1000\" height=\"417\" src=\"https:\/\/ritmy.fr\/essais\/wp-content\/uploads\/2025\/02\/P1370076-1000x417.jpg\" alt=\"\" class=\"wp-image-29697\" srcset=\"https:\/\/ritmy.fr\/essais\/wp-content\/uploads\/2025\/02\/P1370076-1000x417.jpg 1000w, https:\/\/ritmy.fr\/essais\/wp-content\/uploads\/2025\/02\/P1370076-300x125.jpg 300w, https:\/\/ritmy.fr\/essais\/wp-content\/uploads\/2025\/02\/P1370076-768x320.jpg 768w, https:\/\/ritmy.fr\/essais\/wp-content\/uploads\/2025\/02\/P1370076-803x335.jpg 803w, https:\/\/ritmy.fr\/essais\/wp-content\/uploads\/2025\/02\/P1370076.jpg 1280w\" sizes=\"auto, (max-width: 1000px) 100vw, 1000px\" \/><\/figure><\/div>\n\n\n<p><\/p>\n\n\n\n<p class=\"has-large-font-size\">Et le public n\u2019a pas \u00e9t\u00e9 d\u00e9\u00e7u\u2026<\/p>\n\n\n\n<p class=\"has-large-font-size\">Car ce remarquable ensemble de cuivres (trompettes, trombones, euphoniums et tuba) a d\u00e9montr\u00e9 tout son talent, en proposant tour \u00e0 tour des adaptations de standards bien connus (\u00ab&nbsp;Asturias&nbsp;\u00bb d\u2019I. Alb\u00e9niz, \u00ab&nbsp;Out of Africa&nbsp;\u00bb de J. Barry), mais \u00e9galement des medleys de musiques de films (superbes \u00e9vocations des chefs d\u2019\u0153uvres d\u2019Ennio Morricone), plus quelques compositions plus classiques de Bruckner, Gershwin \u2026<\/p>\n\n\n\n<p class=\"has-large-font-size\">Et quel plaisir que cet arrangement de la \u00ab&nbsp;Danse macabre&nbsp;\u00bb de Saint-Sa\u00ebns !<\/p>\n\n\n<div class=\"wp-block-image\">\n<figure class=\"aligncenter size-large\"><img loading=\"lazy\" decoding=\"async\" width=\"1000\" height=\"560\" src=\"https:\/\/ritmy.fr\/essais\/wp-content\/uploads\/2025\/02\/Les-euphoniums-2-1000x560.jpg\" alt=\"\" class=\"wp-image-29703\" srcset=\"https:\/\/ritmy.fr\/essais\/wp-content\/uploads\/2025\/02\/Les-euphoniums-2-1000x560.jpg 1000w, https:\/\/ritmy.fr\/essais\/wp-content\/uploads\/2025\/02\/Les-euphoniums-2-300x168.jpg 300w, https:\/\/ritmy.fr\/essais\/wp-content\/uploads\/2025\/02\/Les-euphoniums-2-768x430.jpg 768w, https:\/\/ritmy.fr\/essais\/wp-content\/uploads\/2025\/02\/Les-euphoniums-2-1536x861.jpg 1536w, https:\/\/ritmy.fr\/essais\/wp-content\/uploads\/2025\/02\/Les-euphoniums-2-803x450.jpg 803w, https:\/\/ritmy.fr\/essais\/wp-content\/uploads\/2025\/02\/Les-euphoniums-2.jpg 1542w\" sizes=\"auto, (max-width: 1000px) 100vw, 1000px\" \/><\/figure><\/div>\n\n<div class=\"wp-block-image\">\n<figure class=\"aligncenter size-large\"><img loading=\"lazy\" decoding=\"async\" width=\"1000\" height=\"413\" src=\"https:\/\/ritmy.fr\/essais\/wp-content\/uploads\/2025\/02\/Les-trompettes-et-les-trombones-1-1000x413.jpg\" alt=\"\" class=\"wp-image-29700\" srcset=\"https:\/\/ritmy.fr\/essais\/wp-content\/uploads\/2025\/02\/Les-trompettes-et-les-trombones-1-1000x413.jpg 1000w, https:\/\/ritmy.fr\/essais\/wp-content\/uploads\/2025\/02\/Les-trompettes-et-les-trombones-1-300x124.jpg 300w, https:\/\/ritmy.fr\/essais\/wp-content\/uploads\/2025\/02\/Les-trompettes-et-les-trombones-1-768x317.jpg 768w, https:\/\/ritmy.fr\/essais\/wp-content\/uploads\/2025\/02\/Les-trompettes-et-les-trombones-1-1536x635.jpg 1536w, https:\/\/ritmy.fr\/essais\/wp-content\/uploads\/2025\/02\/Les-trompettes-et-les-trombones-1-2048x846.jpg 2048w, https:\/\/ritmy.fr\/essais\/wp-content\/uploads\/2025\/02\/Les-trompettes-et-les-trombones-1-803x332.jpg 803w\" sizes=\"auto, (max-width: 1000px) 100vw, 1000px\" \/><\/figure><\/div>\n\n\n<p class=\"has-large-font-size\">De superbes harmonies qui ont \u00e9t\u00e9 ovationn\u00e9es par notre public, enchant\u00e9 d\u2019avoir pu, l\u2019espace d\u2019un temps de concert, oublier la grisaille et la pluie de l\u2019ext\u00e9rieur&nbsp;!<\/p>\n\n\n\n<p class=\"has-large-font-size\">Venus des quatre coins de la France, Maxime, Wilfried, Rapha\u00ebl (trombones), Pierre et Emile (Euphonium), Medhi, Tristan, Jonathan et Antoine (trompettes), et Cl\u00e9ment (tuba) ont unis leurs talents pour nous offrir ces moments privil\u00e9gi\u00e9s.<\/p>\n\n\n<div class=\"wp-block-image\">\n<figure class=\"aligncenter size-large\"><img loading=\"lazy\" decoding=\"async\" width=\"1000\" height=\"513\" src=\"https:\/\/ritmy.fr\/essais\/wp-content\/uploads\/2025\/02\/P1370102-1000x513.jpg\" alt=\"\" class=\"wp-image-29705\" srcset=\"https:\/\/ritmy.fr\/essais\/wp-content\/uploads\/2025\/02\/P1370102-1000x513.jpg 1000w, https:\/\/ritmy.fr\/essais\/wp-content\/uploads\/2025\/02\/P1370102-300x154.jpg 300w, https:\/\/ritmy.fr\/essais\/wp-content\/uploads\/2025\/02\/P1370102-768x394.jpg 768w, https:\/\/ritmy.fr\/essais\/wp-content\/uploads\/2025\/02\/P1370102-803x412.jpg 803w, https:\/\/ritmy.fr\/essais\/wp-content\/uploads\/2025\/02\/P1370102.jpg 1280w\" sizes=\"auto, (max-width: 1000px) 100vw, 1000px\" \/><\/figure><\/div>\n\n\n<p class=\"has-large-font-size\">Un grand BRAVO \u00e0 tous&nbsp;!<\/p>\n\n\n\n<hr class=\"wp-block-separator has-alpha-channel-opacity is-style-wide\"\/>\n\n\n\n<p class=\"has-vivid-cyan-blue-color has-text-color has-link-color has-larger-font-size wp-elements-a40456645926e21da2ce9f81d6b9235d\" id=\"block-66a8d6b4-3e56-4501-ae73-e70fd5d696c5\" style=\"line-height:1.6\"><strong>Prochain rendez-vous de RITMY, le dimanche 9 mars 2025 \u00e0 HOUDAN avec Maria MIRANTE, soprano, et Paul BEYNET, piano<\/strong>.<\/p>\n\n\n\n<p class=\"has-vivid-cyan-blue-color has-text-color has-link-color has-large-font-size wp-elements-2b7664c2ad1bec2316231a15eed730e2\"><strong>Toutes les informations dans cet <a href=\"https:\/\/ritmy.fr\/essais\/concerts-2\/tout-sur-les-35es-saisons\/houdan-2\/\">ARTICLE<\/a>.<\/strong><\/p>\n","protected":false},"excerpt":{"rendered":"<p>Ce dimanche \u00e0 ORGERUS\u2026Un concert tout en harmonies \u00ab&nbsp;cuivr\u00e9es&nbsp;\u00bb&nbsp;! Avec l\u2019ensemble ABRACADA\u2019BRASS, l\u2019ambiance de cette fin d\u2019apr\u00e8s-midi maussade et bien humide a soudainement pris une grande et belle envol\u00e9e ensoleill\u00e9e dans la salle des f\u00eates d\u2019ORGERUS.Il a fallu rajouter des chaises pour asseoir les derniers spectateurs, venus une fois de plus en nombre&nbsp;! Et le &hellip; <\/p>\n<p><a class=\"more-link btn\" href=\"https:\/\/ritmy.fr\/essais\/abracadabrass-le-concert-a-orgerus\/\">Lire la suite<\/a><\/p>\n","protected":false},"author":5,"featured_media":29696,"comment_status":"closed","ping_status":"closed","sticky":true,"template":"","format":"standard","meta":{"footnotes":""},"categories":[1],"tags":[],"class_list":["post-29695","post","type-post","status-publish","format-standard","has-post-thumbnail","hentry","category-ritmy","nodate","item-wrap"],"_links":{"self":[{"href":"https:\/\/ritmy.fr\/essais\/wp-json\/wp\/v2\/posts\/29695","targetHints":{"allow":["GET"]}}],"collection":[{"href":"https:\/\/ritmy.fr\/essais\/wp-json\/wp\/v2\/posts"}],"about":[{"href":"https:\/\/ritmy.fr\/essais\/wp-json\/wp\/v2\/types\/post"}],"author":[{"embeddable":true,"href":"https:\/\/ritmy.fr\/essais\/wp-json\/wp\/v2\/users\/5"}],"replies":[{"embeddable":true,"href":"https:\/\/ritmy.fr\/essais\/wp-json\/wp\/v2\/comments?post=29695"}],"version-history":[{"count":7,"href":"https:\/\/ritmy.fr\/essais\/wp-json\/wp\/v2\/posts\/29695\/revisions"}],"predecessor-version":[{"id":30514,"href":"https:\/\/ritmy.fr\/essais\/wp-json\/wp\/v2\/posts\/29695\/revisions\/30514"}],"wp:featuredmedia":[{"embeddable":true,"href":"https:\/\/ritmy.fr\/essais\/wp-json\/wp\/v2\/media\/29696"}],"wp:attachment":[{"href":"https:\/\/ritmy.fr\/essais\/wp-json\/wp\/v2\/media?parent=29695"}],"wp:term":[{"taxonomy":"category","embeddable":true,"href":"https:\/\/ritmy.fr\/essais\/wp-json\/wp\/v2\/categories?post=29695"},{"taxonomy":"post_tag","embeddable":true,"href":"https:\/\/ritmy.fr\/essais\/wp-json\/wp\/v2\/tags?post=29695"}],"curies":[{"name":"wp","href":"https:\/\/api.w.org\/{rel}","templated":true}]}}