{"id":29671,"date":"2025-01-27T12:31:46","date_gmt":"2025-01-27T11:31:46","guid":{"rendered":"https:\/\/ritmy.fr\/essais\/?p=29671"},"modified":"2025-09-06T10:32:18","modified_gmt":"2025-09-06T09:32:18","slug":"quartet-delommel-a-maule","status":"publish","type":"post","link":"https:\/\/ritmy.fr\/essais\/quartet-delommel-a-maule\/","title":{"rendered":"R\u00e9solument JAZZ \u00e0 MAULE\u00a0!"},"content":{"rendered":"\n<p class=\"has-vivid-cyan-blue-color has-text-color has-link-color has-large-font-size wp-elements-f70239736ea22d34865250d924f0e38d\"><\/p>\n\n\n\n<script language=\"Javascript\">\n<!--\nfunction isMobileDevice() \n{ \nif (\/Mobil\/i.test(navigator.userAgent))\n  {\n  window.open(\"https:\/\/ritmy.fr\/essais\/maule2025-mob\/\", \"_top\");\n  }\n}\n\/\/-->\n<\/script>\n<script type=\"text\/javascript\">isMobileDevice()<\/script>\n\n\n\n<p class=\"has-large-font-size\"><\/p>\n\n\n\n<p class=\"has-large-font-size\">En ce dimanche gris et bien humide, un rayon de soleil bienfaisant pour notre fid\u00e8le public au complexe des deux sc\u00e8nes de MAULE&nbsp;!<\/p>\n\n\n<div class=\"wp-block-image\">\n<figure class=\"aligncenter size-large\"><img loading=\"lazy\" decoding=\"async\" width=\"1000\" height=\"504\" src=\"https:\/\/ritmy.fr\/essais\/wp-content\/uploads\/2025\/01\/0e-1000x504.jpg\" alt=\"\" class=\"wp-image-29677\" srcset=\"https:\/\/ritmy.fr\/essais\/wp-content\/uploads\/2025\/01\/0e-1000x504.jpg 1000w, https:\/\/ritmy.fr\/essais\/wp-content\/uploads\/2025\/01\/0e-300x151.jpg 300w, https:\/\/ritmy.fr\/essais\/wp-content\/uploads\/2025\/01\/0e-768x387.jpg 768w, https:\/\/ritmy.fr\/essais\/wp-content\/uploads\/2025\/01\/0e-803x405.jpg 803w, https:\/\/ritmy.fr\/essais\/wp-content\/uploads\/2025\/01\/0e.jpg 1280w\" sizes=\"auto, (max-width: 1000px) 100vw, 1000px\" \/><\/figure><\/div>\n\n\n<p class=\"has-large-font-size\">Le quartet DELOMMEL (les deux fr\u00e8res, Nicolas et Florent, plus Damien ARGENTIERI et Cyril DRAPE) nous a offert une belle \u00e9vasion vers quelques \u00ab&nbsp;standards&nbsp;\u00bb (tel Kind Folk, de Kenny WHEELER), mais aussi de plus personnelles et&nbsp; remarquables compositions (Fant\u00f4me, Esmeralda, Berceuse ou Gambit, entre autres \u0153uvres de ce sympathique ensemble).<\/p>\n\n\n<div class=\"wp-block-image\">\n<figure class=\"aligncenter size-large\"><img loading=\"lazy\" decoding=\"async\" width=\"1000\" height=\"516\" src=\"https:\/\/ritmy.fr\/essais\/wp-content\/uploads\/2025\/01\/musiciens-1-1000x516.jpg\" alt=\"\" class=\"wp-image-29680\" srcset=\"https:\/\/ritmy.fr\/essais\/wp-content\/uploads\/2025\/01\/musiciens-1-1000x516.jpg 1000w, https:\/\/ritmy.fr\/essais\/wp-content\/uploads\/2025\/01\/musiciens-1-300x155.jpg 300w, https:\/\/ritmy.fr\/essais\/wp-content\/uploads\/2025\/01\/musiciens-1-768x397.jpg 768w, https:\/\/ritmy.fr\/essais\/wp-content\/uploads\/2025\/01\/musiciens-1-1536x793.jpg 1536w, https:\/\/ritmy.fr\/essais\/wp-content\/uploads\/2025\/01\/musiciens-1-803x415.jpg 803w, https:\/\/ritmy.fr\/essais\/wp-content\/uploads\/2025\/01\/musiciens-1.jpg 1549w\" sizes=\"auto, (max-width: 1000px) 100vw, 1000px\" \/><\/figure><\/div>\n\n\n<p class=\"has-large-font-size\">Avec le piano et la contrebasse, le saxophone et la trompette des fr\u00e8res DELOMMEL nous ont r\u00e9gal\u00e9s aussi de quelques beaux clins d\u2019\u0153il \u00e0 des m\u00e9lodies bien connues, telle cette \u00ab&nbsp;Javanaise&nbsp;\u00bb de Serge GAINSBOURG\u2026<\/p>\n\n\n<div class=\"wp-block-image\">\n<figure class=\"aligncenter size-large\"><img loading=\"lazy\" decoding=\"async\" width=\"1000\" height=\"560\" src=\"https:\/\/ritmy.fr\/essais\/wp-content\/uploads\/2025\/01\/musiciens-2-1000x560.jpg\" alt=\"\" class=\"wp-image-29681\" srcset=\"https:\/\/ritmy.fr\/essais\/wp-content\/uploads\/2025\/01\/musiciens-2-1000x560.jpg 1000w, https:\/\/ritmy.fr\/essais\/wp-content\/uploads\/2025\/01\/musiciens-2-300x168.jpg 300w, https:\/\/ritmy.fr\/essais\/wp-content\/uploads\/2025\/01\/musiciens-2-768x430.jpg 768w, https:\/\/ritmy.fr\/essais\/wp-content\/uploads\/2025\/01\/musiciens-2-803x450.jpg 803w, https:\/\/ritmy.fr\/essais\/wp-content\/uploads\/2025\/01\/musiciens-2.jpg 1428w\" sizes=\"auto, (max-width: 1000px) 100vw, 1000px\" \/><\/figure><\/div>\n\n\n<p class=\"has-large-font-size\">Rythmes envo\u00fbtants, brillantes improvisations, une immersion dans ce monde passionnant de ce style de musique&nbsp;!<\/p>\n\n\n\n<p class=\"has-large-font-size\">Cr\u00e9\u00e9 en 2021, pour r\u00e9agir et positiver apr\u00e8s ces longs mois de crise sanitaire de triste m\u00e9moire, le quartet DOLOMMEL s\u2019inspire d\u2019influences diverses et vari\u00e9es.<\/p>\n\n\n\n<p class=\"has-large-font-size\">Ce fut une lumineuse et tr\u00e8s agr\u00e9able parenth\u00e8se qui a permis d\u2019oublier, en cette fin d\u2019apr\u00e8s-midi, un hiver qui manque tellement de soleil\u2026&nbsp;<\/p>\n\n\n<div class=\"wp-block-image\">\n<figure class=\"aligncenter size-large\"><img loading=\"lazy\" decoding=\"async\" width=\"1000\" height=\"619\" src=\"https:\/\/ritmy.fr\/essais\/wp-content\/uploads\/2025\/01\/P1360688-1000x619.jpg\" alt=\"\" class=\"wp-image-29679\" srcset=\"https:\/\/ritmy.fr\/essais\/wp-content\/uploads\/2025\/01\/P1360688-1000x619.jpg 1000w, https:\/\/ritmy.fr\/essais\/wp-content\/uploads\/2025\/01\/P1360688-300x186.jpg 300w, https:\/\/ritmy.fr\/essais\/wp-content\/uploads\/2025\/01\/P1360688-768x475.jpg 768w, https:\/\/ritmy.fr\/essais\/wp-content\/uploads\/2025\/01\/P1360688-803x497.jpg 803w, https:\/\/ritmy.fr\/essais\/wp-content\/uploads\/2025\/01\/P1360688.jpg 1280w\" sizes=\"auto, (max-width: 1000px) 100vw, 1000px\" \/><\/figure><\/div>\n\n\n<p class=\"has-large-font-size\">A l\u2019issue du concert, une d\u00e9dicace de leur premier CD et des dialogues avec le public sont venus clore ce rendez-vous de janvier.<\/p>\n\n\n<div class=\"wp-block-image\">\n<figure class=\"aligncenter size-large\"><img loading=\"lazy\" decoding=\"async\" width=\"1000\" height=\"827\" src=\"https:\/\/ritmy.fr\/essais\/wp-content\/uploads\/2025\/01\/P1360707-1000x827.jpg\" alt=\"\" class=\"wp-image-29678\" srcset=\"https:\/\/ritmy.fr\/essais\/wp-content\/uploads\/2025\/01\/P1360707-1000x827.jpg 1000w, https:\/\/ritmy.fr\/essais\/wp-content\/uploads\/2025\/01\/P1360707-300x248.jpg 300w, https:\/\/ritmy.fr\/essais\/wp-content\/uploads\/2025\/01\/P1360707-768x635.jpg 768w, https:\/\/ritmy.fr\/essais\/wp-content\/uploads\/2025\/01\/P1360707-803x664.jpg 803w, https:\/\/ritmy.fr\/essais\/wp-content\/uploads\/2025\/01\/P1360707.jpg 1238w\" sizes=\"auto, (max-width: 1000px) 100vw, 1000px\" \/><\/figure><\/div>\n\n\n<hr class=\"wp-block-separator has-alpha-channel-opacity is-style-wide\"\/>\n\n\n\n<p class=\"has-vivid-cyan-blue-color has-text-color has-link-color has-larger-font-size wp-elements-01e3067480f920fac9a3899b7b4a7ca8\" id=\"block-66a8d6b4-3e56-4501-ae73-e70fd5d696c5\" style=\"line-height:1.6\"><strong>Prochain rendez-vous de RITMY, le dimanche 9 f\u00e9vrier 2025 \u00e0 ORGERUS avec l&rsquo;ensemble ABRACADA&rsquo;BRASS<\/strong>.<\/p>\n\n\n\n<p class=\"has-vivid-cyan-blue-color has-text-color has-link-color has-large-font-size wp-elements-3fc16fc7fea66aa4ace1d1a1bf41e397\"><strong>Toutes les informations dans cet <a href=\"https:\/\/ritmy.fr\/essais\/concerts-2\/tout-sur-les-35es-saisons\/orgerus-2\/\">ARTICLE<\/a>.<\/strong><\/p>\n","protected":false},"excerpt":{"rendered":"<p>En ce dimanche gris et bien humide, un rayon de soleil bienfaisant pour notre fid\u00e8le public au complexe des deux sc\u00e8nes de MAULE&nbsp;! Le quartet DELOMMEL (les deux fr\u00e8res, Nicolas et Florent, plus Damien ARGENTIERI et Cyril DRAPE) nous a offert une belle \u00e9vasion vers quelques \u00ab&nbsp;standards&nbsp;\u00bb (tel Kind Folk, de Kenny WHEELER), mais aussi &hellip; <\/p>\n<p><a class=\"more-link btn\" href=\"https:\/\/ritmy.fr\/essais\/quartet-delommel-a-maule\/\">Lire la suite<\/a><\/p>\n","protected":false},"author":5,"featured_media":29677,"comment_status":"closed","ping_status":"closed","sticky":true,"template":"","format":"standard","meta":{"footnotes":""},"categories":[1],"tags":[],"class_list":["post-29671","post","type-post","status-publish","format-standard","has-post-thumbnail","hentry","category-ritmy","nodate","item-wrap"],"_links":{"self":[{"href":"https:\/\/ritmy.fr\/essais\/wp-json\/wp\/v2\/posts\/29671","targetHints":{"allow":["GET"]}}],"collection":[{"href":"https:\/\/ritmy.fr\/essais\/wp-json\/wp\/v2\/posts"}],"about":[{"href":"https:\/\/ritmy.fr\/essais\/wp-json\/wp\/v2\/types\/post"}],"author":[{"embeddable":true,"href":"https:\/\/ritmy.fr\/essais\/wp-json\/wp\/v2\/users\/5"}],"replies":[{"embeddable":true,"href":"https:\/\/ritmy.fr\/essais\/wp-json\/wp\/v2\/comments?post=29671"}],"version-history":[{"count":9,"href":"https:\/\/ritmy.fr\/essais\/wp-json\/wp\/v2\/posts\/29671\/revisions"}],"predecessor-version":[{"id":30516,"href":"https:\/\/ritmy.fr\/essais\/wp-json\/wp\/v2\/posts\/29671\/revisions\/30516"}],"wp:featuredmedia":[{"embeddable":true,"href":"https:\/\/ritmy.fr\/essais\/wp-json\/wp\/v2\/media\/29677"}],"wp:attachment":[{"href":"https:\/\/ritmy.fr\/essais\/wp-json\/wp\/v2\/media?parent=29671"}],"wp:term":[{"taxonomy":"category","embeddable":true,"href":"https:\/\/ritmy.fr\/essais\/wp-json\/wp\/v2\/categories?post=29671"},{"taxonomy":"post_tag","embeddable":true,"href":"https:\/\/ritmy.fr\/essais\/wp-json\/wp\/v2\/tags?post=29671"}],"curies":[{"name":"wp","href":"https:\/\/api.w.org\/{rel}","templated":true}]}}