{"id":28912,"date":"2023-11-20T13:52:59","date_gmt":"2023-11-20T12:52:59","guid":{"rendered":"https:\/\/ritmy.fr\/essais\/?p=28912"},"modified":"2023-11-23T12:05:20","modified_gmt":"2023-11-23T11:05:20","slug":"neauphle2023","status":"publish","type":"post","link":"https:\/\/ritmy.fr\/essais\/neauphle2023\/","title":{"rendered":"Un fort TEMPERAMENT pour ce deuxi\u00e8me concert de RITMY \u00e0 NEAUPHLE LE CH\u00c2TEAU\u00a0!"},"content":{"rendered":"\n<script language=\"Javascript\">\n<!--\nfunction isMobileDevice() \n{ \nif (\/Mobil\/i.test(navigator.userAgent))\n  {\n  window.open(\"https:\/\/ritmy.fr\/essais\/neauphle2023-mob\/\", \"_top\");\n  }\n}\n\/\/-->\n<\/script>\n<script type=\"text\/javascript\">isMobileDevice()<\/script>\n\n\n\n<p><span style=\"font-size:18.0pt;line-height:107%;\nfont-family:&quot;Times New Roman&quot;,serif;mso-fareast-font-family:Calibri;mso-fareast-theme-font:\nminor-latin;mso-ansi-language:FR;mso-fareast-language:FR;mso-bidi-language:\nAR-SA\"><\/span><\/p>\n\n\n<div class=\"wp-block-image\">\n<figure class=\"aligncenter size-large\"><img loading=\"lazy\" decoding=\"async\" width=\"1000\" height=\"581\" src=\"https:\/\/ritmy.fr\/essais\/wp-content\/uploads\/2023\/11\/image-1-1000x581.jpg\" alt=\"\" class=\"wp-image-28914\" srcset=\"https:\/\/ritmy.fr\/essais\/wp-content\/uploads\/2023\/11\/image-1-1000x581.jpg 1000w, https:\/\/ritmy.fr\/essais\/wp-content\/uploads\/2023\/11\/image-1-300x174.jpg 300w, https:\/\/ritmy.fr\/essais\/wp-content\/uploads\/2023\/11\/image-1-768x446.jpg 768w, https:\/\/ritmy.fr\/essais\/wp-content\/uploads\/2023\/11\/image-1-803x467.jpg 803w, https:\/\/ritmy.fr\/essais\/wp-content\/uploads\/2023\/11\/image-1.jpg 1153w\" sizes=\"auto, (max-width: 1000px) 100vw, 1000px\" \/><\/figure><\/div>\n\n\n<p><\/p>\n\n\n\n<p class=\"has-large-font-size\">Le ch\u0153ur de chambre \u00ab&nbsp;TEMPERAMENS VARIATIONS&nbsp;\u00bb a impressionn\u00e9 un public venu nombreux en l\u2019\u00e9glise St Nicolas de NEAUPHLE LE CH\u00c2TEAU ce dimanche 19 novembre.<\/p>\n\n\n<div class=\"wp-block-image\">\n<figure class=\"aligncenter size-large\"><img loading=\"lazy\" decoding=\"async\" width=\"1000\" height=\"467\" src=\"https:\/\/ritmy.fr\/essais\/wp-content\/uploads\/2023\/11\/image-2-1000x467.jpg\" alt=\"\" class=\"wp-image-28915\" srcset=\"https:\/\/ritmy.fr\/essais\/wp-content\/uploads\/2023\/11\/image-2-1000x467.jpg 1000w, https:\/\/ritmy.fr\/essais\/wp-content\/uploads\/2023\/11\/image-2-300x140.jpg 300w, https:\/\/ritmy.fr\/essais\/wp-content\/uploads\/2023\/11\/image-2-768x359.jpg 768w, https:\/\/ritmy.fr\/essais\/wp-content\/uploads\/2023\/11\/image-2-1536x717.jpg 1536w, https:\/\/ritmy.fr\/essais\/wp-content\/uploads\/2023\/11\/image-2-803x375.jpg 803w, https:\/\/ritmy.fr\/essais\/wp-content\/uploads\/2023\/11\/image-2.jpg 1546w\" sizes=\"auto, (max-width: 1000px) 100vw, 1000px\" \/><\/figure><\/div>\n\n\n<p><\/p>\n\n\n\n<p class=\"has-large-font-size\">Sous la direction \u00e9clair\u00e9e de Thibault LAM QUANG, cette trentaine de chanteurs (non professionnels) ma\u00eetrisant parfaitement leur art et les quatre solistes (Soanny FAY, soprano, Jennifer GLEINIG, alto, S\u00e9bastien OBRECHT, t\u00e9nor, et Eric MARTIN-BONNET, basse) ont remarquablement interpr\u00e9t\u00e9 ce magnifique Requiem de GOUNOD, accompagn\u00e9s \u00e0 la harpe par V\u00e9ronique GHESQUIERE, et \u00e0 l\u2019orgue par Emmanuel HOCDE.<\/p>\n\n\n<div class=\"wp-block-image\">\n<figure class=\"aligncenter size-large\"><img loading=\"lazy\" decoding=\"async\" width=\"1000\" height=\"657\" src=\"https:\/\/ritmy.fr\/essais\/wp-content\/uploads\/2023\/11\/image-3-1000x657.jpg\" alt=\"\" class=\"wp-image-28916\" srcset=\"https:\/\/ritmy.fr\/essais\/wp-content\/uploads\/2023\/11\/image-3-1000x657.jpg 1000w, https:\/\/ritmy.fr\/essais\/wp-content\/uploads\/2023\/11\/image-3-300x197.jpg 300w, https:\/\/ritmy.fr\/essais\/wp-content\/uploads\/2023\/11\/image-3-768x505.jpg 768w, https:\/\/ritmy.fr\/essais\/wp-content\/uploads\/2023\/11\/image-3-803x528.jpg 803w, https:\/\/ritmy.fr\/essais\/wp-content\/uploads\/2023\/11\/image-3.jpg 1201w\" sizes=\"auto, (max-width: 1000px) 100vw, 1000px\" \/><\/figure><\/div>\n\n\n<p><\/p>\n\n\n\n<p class=\"has-large-font-size\">La \u00ab&nbsp;Marche solennelle&nbsp;\u00bb en ut majeur pour orgue seul, une \u00ab&nbsp;Pri\u00e8re du soir&nbsp;\u00bb (motet pour ch\u0153ur et orgue) et un \u00ab&nbsp;Stabat Mater&nbsp;\u00bb (paraphras\u00e9 en fran\u00e7ais) compl\u00e9taient harmonieusement ce superbe programme GOUNOD.<\/p>\n\n\n\n<p class=\"has-large-font-size\">Malgr\u00e9 une impr\u00e9vue panne de chauffage, le public n\u2019a pas boud\u00e9 son plaisir, et a fait une longue ovation \u00e0 ces remarquables interpr\u00e8tes \u00e0 la fin du concert.<\/p>\n\n\n<div class=\"wp-block-image\">\n<figure class=\"aligncenter size-large\"><img loading=\"lazy\" decoding=\"async\" width=\"1000\" height=\"746\" src=\"https:\/\/ritmy.fr\/essais\/wp-content\/uploads\/2023\/11\/image-4-1000x746.jpg\" alt=\"\" class=\"wp-image-28917\" srcset=\"https:\/\/ritmy.fr\/essais\/wp-content\/uploads\/2023\/11\/image-4-1000x746.jpg 1000w, https:\/\/ritmy.fr\/essais\/wp-content\/uploads\/2023\/11\/image-4-300x224.jpg 300w, https:\/\/ritmy.fr\/essais\/wp-content\/uploads\/2023\/11\/image-4-768x573.jpg 768w, https:\/\/ritmy.fr\/essais\/wp-content\/uploads\/2023\/11\/image-4-335x250.jpg 335w, https:\/\/ritmy.fr\/essais\/wp-content\/uploads\/2023\/11\/image-4-803x599.jpg 803w, https:\/\/ritmy.fr\/essais\/wp-content\/uploads\/2023\/11\/image-4.jpg 1266w\" sizes=\"auto, (max-width: 1000px) 100vw, 1000px\" \/><\/figure><\/div>\n\n\n<p><\/p>\n\n\n\n<p> <\/p>\n\n\n\n<hr class=\"wp-block-separator has-alpha-channel-opacity is-style-wide\"\/>\n\n\n\n<p class=\"has-vivid-cyan-blue-color has-text-color has-larger-font-size\" style=\"line-height:1.5\"><strong>Prochain rendez-vous de RITMY, le dimanche 10 d\u00e9cembre 2023 \u00e0 RICHEBOURG, avec l&rsquo;ensemble A\u00cfLACK<\/strong><\/p>\n\n\n\n<p class=\"has-vivid-cyan-blue-color has-text-color has-large-font-size\"><strong>Toutes les informations dans cet <em><a href=\"https:\/\/ritmy.fr\/essais\/concerts-2\/les-34es-saisons-2\/richebourg\/\">AR<\/a><\/em><\/strong><em><strong><a href=\"https:\/\/ritmy.fr\/essais\/concerts-2\/les-34es-saisons-2\/richebourg\/\">TICL<\/a><\/strong><\/em><strong><em><a href=\"https:\/\/ritmy.fr\/essais\/concerts-2\/les-34es-saisons-2\/richebourg\/\">E<\/a><\/em><\/strong>.<\/p>\n","protected":false},"excerpt":{"rendered":"<p>Le ch\u0153ur de chambre \u00ab\u00a0TEMPERAMENS VARIATIONS\u00a0\u00bb a impressionn\u00e9 un public venu nombreux en l\u2019\u00e9glise St Nicolas de NEAUPHLE LE CH\u00c2TEAU ce dimanche 19 novembre.<\/p><p><a class=\"more-link btn\" href=\"https:\/\/ritmy.fr\/essais\/neauphle2023\/\">Lire la suite<\/a><\/p>\n","protected":false},"author":5,"featured_media":28916,"comment_status":"closed","ping_status":"closed","sticky":true,"template":"","format":"standard","meta":{"footnotes":""},"categories":[3,1],"tags":[],"class_list":["post-28912","post","type-post","status-publish","format-standard","has-post-thumbnail","hentry","category-les-oeuvres","category-ritmy","nodate","item-wrap"],"_links":{"self":[{"href":"https:\/\/ritmy.fr\/essais\/wp-json\/wp\/v2\/posts\/28912","targetHints":{"allow":["GET"]}}],"collection":[{"href":"https:\/\/ritmy.fr\/essais\/wp-json\/wp\/v2\/posts"}],"about":[{"href":"https:\/\/ritmy.fr\/essais\/wp-json\/wp\/v2\/types\/post"}],"author":[{"embeddable":true,"href":"https:\/\/ritmy.fr\/essais\/wp-json\/wp\/v2\/users\/5"}],"replies":[{"embeddable":true,"href":"https:\/\/ritmy.fr\/essais\/wp-json\/wp\/v2\/comments?post=28912"}],"version-history":[{"count":10,"href":"https:\/\/ritmy.fr\/essais\/wp-json\/wp\/v2\/posts\/28912\/revisions"}],"predecessor-version":[{"id":28932,"href":"https:\/\/ritmy.fr\/essais\/wp-json\/wp\/v2\/posts\/28912\/revisions\/28932"}],"wp:featuredmedia":[{"embeddable":true,"href":"https:\/\/ritmy.fr\/essais\/wp-json\/wp\/v2\/media\/28916"}],"wp:attachment":[{"href":"https:\/\/ritmy.fr\/essais\/wp-json\/wp\/v2\/media?parent=28912"}],"wp:term":[{"taxonomy":"category","embeddable":true,"href":"https:\/\/ritmy.fr\/essais\/wp-json\/wp\/v2\/categories?post=28912"},{"taxonomy":"post_tag","embeddable":true,"href":"https:\/\/ritmy.fr\/essais\/wp-json\/wp\/v2\/tags?post=28912"}],"curies":[{"name":"wp","href":"https:\/\/api.w.org\/{rel}","templated":true}]}}