{"id":28882,"date":"2023-10-26T17:41:14","date_gmt":"2023-10-26T16:41:14","guid":{"rendered":"https:\/\/ritmy.fr\/essais\/?p=28882"},"modified":"2023-10-26T18:00:56","modified_gmt":"2023-10-26T17:00:56","slug":"gounod-mob","status":"publish","type":"post","link":"https:\/\/ritmy.fr\/essais\/gounod-mob\/","title":{"rendered":"Gounod n&rsquo;a pas compos\u00e9 que Faust et l&rsquo;Ave Maria"},"content":{"rendered":"\n<p class=\"has-regular-font-size\">Notre prochain concert le 19 novembre 2023 \u00e0 Neauphle-le-Ch\u00e2teau, va nous faire d\u00e9couvrir une musique de Gounod assez peu connue du grand public. Il s&rsquo;agit de ses compositions religieuses.<\/p>\n\n\n\n<p class=\"has-regular-font-size\">En introduction \u00e0 ce concert, je vous propose cette courte biographie suivie de liens qui vous permettront d&rsquo;en savoir plus sur ce compositeur.<\/p>\n\n\n\n<hr class=\"wp-block-separator has-alpha-channel-opacity\"\/>\n\n\n<div class=\"wp-block-image\">\n<figure class=\"aligncenter size-full is-resized\"><img loading=\"lazy\" decoding=\"async\" width=\"200\" height=\"250\" src=\"https:\/\/ritmy.fr\/essais\/wp-content\/uploads\/2023\/10\/Gounod.jpg\" alt=\"\" class=\"wp-image-28865\" style=\"aspect-ratio:0.8;width:502px;height:auto\"\/><\/figure><\/div>\n\n\n<p class=\"has-regular-font-size\">Fortement inspir\u00e9 par la musique de Bach, Mozart, Beethoven et Mendelssohn, mais aussi par celle du compositeur italien du 16e si\u00e8cle Palestrina, Charles Gounod, par son style \u00e9pur\u00e9 et \u00e9l\u00e9gant, innove et donne un nouveau souffle \u00e0 l\u2019op\u00e9ra fran\u00e7ais du 19<sup>e<\/sup> si\u00e8cle. A cet \u00e9gard, Georges Bizet, \u00c9douard Lalo, Massenet, Saint-Sa\u00ebns lui seront redevables.<\/p>\n\n\n\n<p class=\"has-regular-font-size\">N\u00e9 \u00e0 Paris le 17 juin 1818, son parcours musical commence sous la tutelle de sa m\u00e8re, une pianiste talentueuse. Ses d\u00e9buts prometteurs le conduisent au prestigieux Conservatoire de Paris, o\u00f9 il perfectionne ses talents de composition et remporte le tr\u00e8s convoit\u00e9 Prix de Rome en 1839.<\/p>\n\n\n\n<p class=\"has-regular-font-size\">Le talent artistique de Gounod s&rsquo;\u00e9panouit pendant son s\u00e9jour en Italie qui a profond\u00e9ment marqu\u00e9 son style musical. De retour \u00e0 Paris, il se lance dans une carri\u00e8re consacr\u00e9e \u00e0 la musique lyrique. Alors que ses premiers op\u00e9ras comme \u00ab&nbsp;Sapho&nbsp;\u00bb et \u00ab&nbsp;La nonne sanglante&nbsp;\u00bb n\u2019eurent que peu de succ\u00e8s, c&rsquo;est la premi\u00e8re de \u00ab&nbsp;Faust&nbsp;\u00bb en 1859 qui lui valut une renomm\u00e9e internationale. Cet op\u00e9ra, qui remporta un succ\u00e8s consid\u00e9rable avec 70 repr\u00e9sentations la premi\u00e8re ann\u00e9e, reste une \u0153uvre fondamentale du r\u00e9pertoire lyrique.<\/p>\n\n\n\n<p class=\"has-regular-font-size\">En 1864 son op\u00e9ra \u00ab&nbsp;Mireille&nbsp;\u00bb obtient un succ\u00e8s mitig\u00e9. En revanche, pendant l&rsquo;Exposition universelle de 1867, \u00ab&nbsp;Rom\u00e9o et Juliette&nbsp;\u00bb conna\u00eet un tr\u00e8s vif succ\u00e8s.<\/p>\n\n\n\n<p class=\"has-regular-font-size\">Au-del\u00e0 de ses triomphes lyriques, Gounod se passionne aussi pour la musique sacr\u00e9e. Dans la deuxi\u00e8me partie de sa vie, il compose notamment un grand nombre de messes et deux oratorios \u00ab&nbsp;La R\u00e9demption&nbsp;\u00bb (1882) et \u00ab&nbsp;Mors et vita&nbsp;\u00bb (1885).<\/p>\n\n\n\n<p class=\"has-regular-font-size\">Charles Gounod est \u00e9galement l\u2019auteur de deux symphonies, cinq quatuors \u00e0 cordes et de nombreuses m\u00e9lodies sur des po\u00e8mes de Lamartine, d&rsquo;Alfred de Musset, Victor Hugo ou Jean Racine.<\/p>\n\n\n\n<p class=\"has-regular-font-size\">Charles Gounod meurt le 18 octobre 1893 \u00e0 Saint-Cloud, peu de temps apr\u00e8s avoir parachev\u00e9 son \u00ab Requiem en do majeur \u00bb devenu son chant du cygne.<\/p>\n\n\n\n<div class=\"wp-block-group\"><div class=\"wp-block-group__inner-container is-layout-constrained wp-block-group-is-layout-constrained\">\n<div class=\"wp-block-group\"><div class=\"wp-block-group__inner-container is-layout-constrained wp-block-group-is-layout-constrained\">\n<div class=\"wp-block-group\"><div class=\"wp-block-group__inner-container is-layout-constrained wp-block-group-is-layout-constrained\">\n<figure class=\"wp-block-table aligncenter is-style-regular has-regular-font-size\"><table class=\"has-fixed-layout\"><tbody><tr><td class=\"has-text-align-center\" data-align=\"center\"><strong>LES PLUS BEAUX AIRS D\u2019OP\u00c9RA<\/strong><\/td><\/tr><tr><td class=\"has-text-align-center\" data-align=\"center\"><a rel=\"noreferrer noopener\" href=\"https:\/\/www.youtube.com\/results?search_query=gounod+Faust+Ah+je+ris\" target=\"_blank\">L\u2019air des bijoux<\/a> (Faust)<\/td><\/tr><tr><td class=\"has-text-align-center\" data-align=\"center\"><a rel=\"noreferrer noopener\" href=\"https:\/\/www.youtube.com\/results?search_query=gounod+Faust+Le+Veau+D%27or\" target=\"_blank\">Le Veau D&rsquo;or est toujours debout<\/a> (Faust)<\/td><\/tr><tr><td class=\"has-text-align-center\" data-align=\"center\"><a rel=\"noreferrer noopener\" href=\"https:\/\/www.youtube.com\/results?search_query=gounod+Faust+Anges+purs%2C+anges+radieux\" target=\"_blank\">Anges purs, anges radieux<\/a><strong> <\/strong>(Faust)<\/td><\/tr><tr><td class=\"has-text-align-center\" data-align=\"center\"><a rel=\"noreferrer noopener\" href=\"https:\/\/www.youtube.com\/results?search_query=gounod+Faust+Salut!+Demeure+chaste+et+pure!\" target=\"_blank\">Salut! Demeure chaste et pure!<\/a><strong> <\/strong>(Faust)<\/td><\/tr><tr><td class=\"has-text-align-center\" data-align=\"center\"><a rel=\"noreferrer noopener\" href=\"https:\/\/www.youtube.com\/results?search_query=gounod+Faust+Ch%C5%93ur+des+soldats\" target=\"_blank\">Ch\u0153ur des soldats<\/a> (Faust)<\/td><\/tr><tr><td class=\"has-text-align-center\" data-align=\"center\"><a rel=\"noreferrer noopener\" href=\"https:\/\/www.youtube.com\/results?search_query=gounod+romeo+et+juliette+je+veux+vivre+dessay\" target=\"_blank\">Je veux vivre<\/a><strong> <\/strong>(Romeo et Juliette)<\/td><\/tr><tr><td class=\"has-text-align-center\" data-align=\"center\"><a rel=\"noreferrer noopener\" href=\"https:\/\/www.youtube.com\/results?search_query=gounod+mireille+La+brise+est+douce+et+parfum%C3%A9e\" target=\"_blank\">La brise est douce et parfum\u00e9e<\/a> (Mireille)<\/td><\/tr><tr><td class=\"has-text-align-center\" data-align=\"center\"><\/td><\/tr><tr><td class=\"has-text-align-center\" data-align=\"center\"><strong>LES PLUS BELLES \u0152UVRES RELIGIEUSES<\/strong><\/td><\/tr><tr><td class=\"has-text-align-center\" data-align=\"center\"><a rel=\"noreferrer noopener\" href=\"https:\/\/www.youtube.com\/results?search_query=gounod+requiem+en+do+majeur+1893&amp;sp=EgIYAg%253D%253D\" target=\"_blank\">Requiem en do majeur (1893)<\/a><\/td><\/tr><tr><td class=\"has-text-align-center\" data-align=\"center\"><a rel=\"noreferrer noopener\" href=\"https:\/\/www.youtube.com\/results?search_query=gounod+messe+solennelle+de+sainte+cecile&amp;sp=EgIYAg%253D%253D\" target=\"_blank\">Messe solennelle en l&rsquo;honneur de Sainte-C\u00e9cile<\/a><\/td><\/tr><tr><td class=\"has-text-align-center\" data-align=\"center\"><a rel=\"noreferrer noopener\" href=\"https:\/\/www.youtube.com\/results?search_query=gounod+stabat+mater\" target=\"_blank\">Stabat Mater<\/a><\/td><\/tr><tr><td class=\"has-text-align-center\" data-align=\"center\"><a rel=\"noreferrer noopener\" href=\"https:\/\/www.youtube.com\/results?search_query=gounod+ave+maria\" target=\"_blank\">Ave Maria (sur le 1er pr\u00e9lude de Bach)<\/a><\/td><\/tr><tr><td class=\"has-text-align-center\" data-align=\"center\"><\/td><\/tr><tr><td class=\"has-text-align-center\" data-align=\"center\"><strong>AUTRES \u0152UVRES<\/strong><\/td><\/tr><tr><td class=\"has-text-align-center\" data-align=\"center\"><a rel=\"noreferrer noopener\" href=\"https:\/\/www.youtube.com\/results?search_query=charles+gounod+symphony+no+1+\" target=\"_blank\">Symphonie n\u00b01<\/a><\/td><\/tr><tr><td class=\"has-text-align-center\" data-align=\"center\"><a rel=\"noreferrer noopener\" href=\"https:\/\/www.youtube.com\/results?search_query=charles+gounod+symphony+no+2+\" target=\"_blank\">Symphonie n\u00b02<\/a><\/td><\/tr><tr><td class=\"has-text-align-center\" data-align=\"center\"><a rel=\"noreferrer noopener\" href=\"https:\/\/www.youtube.com\/results?search_query=gounod+petite+symphonie+pour+vents\" target=\"_blank\">Petite symphonie pour vents<\/a><\/td><\/tr><tr><td class=\"has-text-align-center\" data-align=\"center\"><a rel=\"noreferrer noopener\" href=\"https:\/\/www.youtube.com\/results?search_query=charles+gounod+marche+fun%C3%A8bre+d%27une+marionnette\" target=\"_blank\">Marche fun\u00e8bre d&rsquo;une marionnette<\/a><\/td><\/tr><tr><td class=\"has-text-align-center\" data-align=\"center\"><\/td><\/tr><\/tbody><\/table><\/figure>\n<\/div><\/div>\n<\/div><\/div>\n<\/div><\/div>\n\n\n\n<p class=\"has-regular-font-size\"><strong>Pour en savoir plus : <\/strong><\/p>\n\n\n\n<p class=\"has-regular-font-size\">Un site complet cr\u00e9\u00e9 par l&rsquo;un des descendants de Charles Gounod : <a href=\"https:\/\/www.charles-gounod.com\/\" data-type=\"link\" data-id=\"https:\/\/www.charles-gounod.com\/\">Charles-Gounod<\/a><br>Une biographie sur <a href=\"https:\/\/www.musicologie.org\/Biographies\/g\/gounod_charles.html\">Musicologie.org<\/a><br>Une biographie sur <a href=\"https:\/\/fr.wikipedia.org\/wiki\/Charles_Gounod\">Wikipedia<\/a><br>Une biographie sur <a href=\"https:\/\/www.larousse.fr\/encyclopedie\/musdico\/Gounod\/167959\" target=\"_blank\" rel=\"noopener\">l&rsquo;encyclop\u00e9die Larousse<\/a><br>Une page sur le site <a href=\"https:\/\/classic-intro.net\/introductionalamusique\/compositeurs\/Gounod.html\">classic-intro.net<\/a><\/p>\n\n\n\n<p class=\"has-regular-font-size\"><\/p>\n\n\n\n<p><\/p>\n","protected":false},"excerpt":{"rendered":"<p>Notre prochain concert le 19 novembre 2023 \u00e0 Neauphle-le-Ch\u00e2teau, va nous faire d\u00e9couvrir une musique de Gounod assez peu connue du grand public. Il s&rsquo;agit de ses compositions religieuses. En introduction \u00e0 ce concert, je vous propose cette courte biographie suivie de liens qui vous permettront d&rsquo;en savoir plus sur ce compositeur. Fortement inspir\u00e9 par &hellip; <\/p>\n<p><a class=\"more-link btn\" href=\"https:\/\/ritmy.fr\/essais\/gounod-mob\/\">Lire la suite<\/a><\/p>\n","protected":false},"author":5,"featured_media":0,"comment_status":"closed","ping_status":"closed","sticky":false,"template":"","format":"standard","meta":{"footnotes":""},"categories":[433,1],"tags":[],"class_list":["post-28882","post","type-post","status-publish","format-standard","hentry","category-article-non-affiche-dans-le-journal","category-ritmy","nodate","item-wrap"],"_links":{"self":[{"href":"https:\/\/ritmy.fr\/essais\/wp-json\/wp\/v2\/posts\/28882","targetHints":{"allow":["GET"]}}],"collection":[{"href":"https:\/\/ritmy.fr\/essais\/wp-json\/wp\/v2\/posts"}],"about":[{"href":"https:\/\/ritmy.fr\/essais\/wp-json\/wp\/v2\/types\/post"}],"author":[{"embeddable":true,"href":"https:\/\/ritmy.fr\/essais\/wp-json\/wp\/v2\/users\/5"}],"replies":[{"embeddable":true,"href":"https:\/\/ritmy.fr\/essais\/wp-json\/wp\/v2\/comments?post=28882"}],"version-history":[{"count":5,"href":"https:\/\/ritmy.fr\/essais\/wp-json\/wp\/v2\/posts\/28882\/revisions"}],"predecessor-version":[{"id":28895,"href":"https:\/\/ritmy.fr\/essais\/wp-json\/wp\/v2\/posts\/28882\/revisions\/28895"}],"wp:attachment":[{"href":"https:\/\/ritmy.fr\/essais\/wp-json\/wp\/v2\/media?parent=28882"}],"wp:term":[{"taxonomy":"category","embeddable":true,"href":"https:\/\/ritmy.fr\/essais\/wp-json\/wp\/v2\/categories?post=28882"},{"taxonomy":"post_tag","embeddable":true,"href":"https:\/\/ritmy.fr\/essais\/wp-json\/wp\/v2\/tags?post=28882"}],"curies":[{"name":"wp","href":"https:\/\/api.w.org\/{rel}","templated":true}]}}