{"id":28460,"date":"2022-09-30T16:29:00","date_gmt":"2022-09-30T15:29:00","guid":{"rendered":"https:\/\/ritmy.fr\/essais\/?p=28460"},"modified":"2023-06-08T16:34:23","modified_gmt":"2023-06-08T15:34:23","slug":"les-33es-saisons-musicales","status":"publish","type":"post","link":"https:\/\/ritmy.fr\/essais\/les-33es-saisons-musicales\/","title":{"rendered":"Les 33es Saisons Musicales"},"content":{"rendered":"\n<script language=\"Javascript\">\n<!--\nfunction isMobileDevice() \n{ \nif (\/Mobil\/i.test(navigator.userAgent))\n  {\n  window.open(\"https:\/\/ritmy.fr\/essais\/33es-mobile\", \"_top\");\n  }\n}\n\/\/-->\n<\/script>\n<script type=\"text\/javascript\">isMobileDevice()<\/script>\n\n\n\n<p class=\"has-black-color has-text-color has-large-font-size\" id=\"block-d1935af6-c8e9-4b22-beba-ea319827fbc3\"><strong>Nous avons le plaisir de vous pr\u00e9senter le programme de nos 33<sup>es<\/sup> Saisons Musicales 2022-2023<\/strong><\/p>\n\n\n\n<p class=\"has-black-color has-text-color has-large-font-size\" id=\"block-143314c4-cc85-47bc-9ae3-96b56c369976\">Cette nouvelle saison, construite avec toujours la m\u00eame exigence de qualit\u00e9 et de vari\u00e9t\u00e9 de styles, d\u00e9butera en octobre  2022, et nous permettra d&rsquo;entendre du piano, des voix, des ensembles, du jazz, de la musique du monde\u2026 donnant lieu parfois \u00e0 des rencontres artistiques in\u00e9dites !<\/p>\n\n\n\n<script language=\"Javascript\">\n<!--\nfunction isMobileDevice() \n{ \nif (\/Mobil\/i.test(navigator.userAgent))\n  {\n  document.write(\"<p class='has-large-font-size'>En voici le calendrier :<\/p><p class='has-background has-large-font-size' style='background-color:#c1e7ff'><u>Dimanche 9 octobre 2022<\/u> \u00e0 Mareil-sur-Mauldre : DELTA DUO, fl\u00fbte de pan et harpe<br><br><u>Dimanche 13 novembre 2022<\/u> \u00e0 Neauphe-Le-Ch\u00e2teau : Thomas LEFORT, violon et Pierre-Yves HODIQUE, piano.<br><br><u>Dimanche 11 d\u00e9cembre 2022<\/u> \u00e0 Richebourg : Quatuor CALIENTE : \u00ab Doube A \u00bb.<br><br><u>Dimanche 22 janvier 2023<\/u> \u00e0 Maule : LOCO CELLO, Fran\u00e7ois SALQUE en trio.<br><br><u>Dimanche 12 mars 2023<\/u> \u00e0 M\u00e9r\u00e9 : COULEUR CUIVRE, quintette de cuivres.<br><br><u>Dimanche 16 avril 2023<\/u> \u00e0 Houdan: M\u00e9lodie MICHEL, orgue classique fran\u00e7ais.<\/p>\");\n  }\n else \n  {\n  document.write(\"<p class='has-large-font-size'>Vous en trouverez le calendrier dans l'agenda ci-contre.<\/p>\");\n  }\n}\n\/\/-->\n<\/script>\n     \n<script type=\"text\/javascript\">isMobileDevice()<\/script>\n\n\n\n<div class=\"wp-block-media-text is-stacked-on-mobile is-image-fill\" style=\"grid-template-columns:32% auto\"><figure class=\"wp-block-media-text__media\" style=\"background-image:url(https:\/\/ritmy.fr\/essais\/wp-content\/uploads\/2022\/03\/enhco.jpg);background-position:50% 50%\"><img loading=\"lazy\" decoding=\"async\" width=\"607\" height=\"779\" src=\"https:\/\/ritmy.fr\/essais\/wp-content\/uploads\/2022\/03\/enhco.jpg\" alt=\"\" class=\"wp-image-27135 size-full\" srcset=\"https:\/\/ritmy.fr\/essais\/wp-content\/uploads\/2022\/03\/enhco.jpg 607w, https:\/\/ritmy.fr\/essais\/wp-content\/uploads\/2022\/03\/enhco-234x300.jpg 234w\" sizes=\"auto, (max-width: 607px) 100vw, 607px\" \/><\/figure><div class=\"wp-block-media-text__content\">\n<p class=\"has-black-color has-text-color has-large-font-size\">Le trompettiste<strong> David Enhco<\/strong> nous fera l&rsquo;honneur d&rsquo;\u00eatre notre parrain<strong> <\/strong>pour ces 33<sup>es<\/sup> Saisons Musicales :<\/p>\n\n\n\n<p class=\"has-large-font-size\"><em>\u00abJ\u2019ai eu le plaisir de jouer dans le cadre de la saison musicale RITMY \u00e0 Orgerus en 2015, avec le Trio Casadesus-Enhco que je partage avec ma m\u00e8re, Caroline Casadesus et mon fr\u00e8re, Thomas Enhco et \u00e0 Maule en 2022 avec Family Tree.<br>Je suis heureux d\u2019\u00eatre le parrain de cette nouvelle saison de concerts imagin\u00e9e par la belle \u00e9quipe de RITMY.<br>Les points communs entre tous les artistes que vous pourrez y d\u00e9couvrir ?<br>\u00c9clectisme, partage, d\u00e9couverte et qualit\u00e9 !Allez-y les yeux ferm\u00e9s, vous ne serez pas d\u00e9\u00e7us !\u00bb<\/em><\/p>\n<\/div><\/div>\n\n\n\n<p class=\"has-large-font-size\" id=\"block-b2e26af2-9176-4c8f-be0e-c088c9775745\"><\/p>\n\n\n\n<div style=\"height:30px\" aria-hidden=\"true\" class=\"wp-block-spacer\"><\/div>\n\n\n\n<h2 class=\"wp-block-heading has-text-align-center has-text-color\" id=\"block-29d721ab-0450-4d2b-81a2-01139357643c\" style=\"color:#046298;font-size:48px\"><strong>LES ARTISTE<\/strong>S<\/h2>\n\n\n\n<p><\/p>\n\n\n\n<p class=\"has-text-align-center has-vivid-cyan-blue-color has-text-color has-larger-font-size\" style=\"line-height:1.5\"><strong>DELTA DUO &#8211; Fl\u00fbte de pan et harpe<br><\/strong><span class=\"has-text-align-center has-large-font-size\"><strong>MAREIL-SUR-MAULDRE &#8211; Dimanche 9 octobre 2022, \u00e0 17h.<\/strong><\/span><\/p>\n\n\n\n<p class=\"has-black-color has-text-color has-large-font-size\" style=\"line-height:1.5\"><strong>Jeanne Gollut<\/strong>, fl\u00fbte de pan &amp; <strong>C\u00e9line Gay des Combes<\/strong>, harpe<\/p>\n\n\n\n<p class=\"has-black-color has-text-color has-large-font-size\">Ce magnifique concert vous est propos\u00e9 sous les vo\u00fbtes de l\u2019\u00e9glise Saint-Martin pour ouvrir notre nouvelle saison.<br>Un duo exceptionnel, une fl\u00fbtiste d\u2019une rare virtuosit\u00e9, un r\u00e9pertoire \u00e9clectique allant de Debussy \u00e0 Tcha\u00efkovski en passant par Villa-Lobos, de Falla, Bellini \u2026<br>Par leur jeu a\u00e9rien, intense, espi\u00e8gle, toujours expressif, Jeanne Gollut et C\u00e9line Gay des Combes excellent dans l\u2019art raffin\u00e9 de faire dialoguer les cordes et le bambou, les doigts et le souffle, les arp\u00e8ges et la m\u00e9lodie.<\/p>\n\n\n<div class=\"wp-block-image\">\n<figure class=\"aligncenter size-large\"><img loading=\"lazy\" decoding=\"async\" width=\"1000\" height=\"662\" src=\"https:\/\/ritmy.fr\/essais\/wp-content\/uploads\/2022\/03\/Delta-duo-1000x662.jpg\" alt=\"\" class=\"wp-image-27115\" srcset=\"https:\/\/ritmy.fr\/essais\/wp-content\/uploads\/2022\/03\/Delta-duo-1000x662.jpg 1000w, https:\/\/ritmy.fr\/essais\/wp-content\/uploads\/2022\/03\/Delta-duo-300x199.jpg 300w, https:\/\/ritmy.fr\/essais\/wp-content\/uploads\/2022\/03\/Delta-duo-768x509.jpg 768w, https:\/\/ritmy.fr\/essais\/wp-content\/uploads\/2022\/03\/Delta-duo-803x532.jpg 803w, https:\/\/ritmy.fr\/essais\/wp-content\/uploads\/2022\/03\/Delta-duo.jpg 1108w\" sizes=\"auto, (max-width: 1000px) 100vw, 1000px\" \/><\/figure><\/div>\n\n\n<p class=\"has-black-color has-text-color has-large-font-size\"><strong>Jeanne GOLLUT<\/strong> est passionn\u00e9e par la fl\u00fbte de Pan depuis son plus jeune \u00e2ge et choisit d\u2019en faire son m\u00e9tier. Elle \u00e9tudie \u00e0 la Haute \u00c9cole de Musique de Lausanne et \u00e0 la Soci\u00e9t\u00e9 Suisse de P\u00e9dagogie Musicale. \u00c0 c\u00f4t\u00e9 de sa carri\u00e8re de soliste, elle enseigne au Conservatoire Montreux-Vevey-Riviera.<\/p>\n\n\n\n<p class=\"has-black-color has-text-color has-large-font-size\"><strong>C\u00e9line GAY DES COMBES<\/strong> est titulaire des dipl\u00f4mes d\u2019Enseignement, de Concert et de Soliste \u00e0 la Haute \u00c9cole de Musique de Lausanne dans la classe de Chantal Mathieu et laur\u00e9ate de plusieurs concours, C\u00e9line partage son temps entre sa carri\u00e8re de soliste, de chambriste et d\u2019enseignante.<\/p>\n\n\n\n<p style=\"line-height:1\"><\/p>\n\n\n\n<p class=\"has-black-color has-text-color has-large-font-size\"><strong>Au programme<\/strong> de ce duo harpe et fl\u00fbte de pan&nbsp;:<br>H. Villa-Lobos, A. Piazzolla, J. Ibert, G. Bizet, M. De Falla, C. Debussy, F. Bellini, P. I. Tcha\u00efkovsky, B. Andr\u00e8s, J. Molnar et V. Monti.<\/p>\n\n\n\n<p style=\"line-height:0\"><\/p>\n\n\n\n<p class=\"has-black-color has-text-color has-large-font-size\" id=\"block-cd3d1198-92c8-4b9a-a7d8-d7087b738695\">D\u00e9couvrez-les avec cette <em><strong><a rel=\"noreferrer noopener\" href=\"https:\/\/youtu.be\/7Y0s8FC-MOA\" target=\"_blank\">vid\u00e9o<\/a><\/strong><\/em>, et en visitant leurs sites internet : <a rel=\"noreferrer noopener\" href=\"https:\/\/www.jeannegollut.ch\/\" target=\"_blank\"><strong><em>Jeanne Gollut<\/em><\/strong><\/a>  et <strong><a rel=\"noreferrer noopener\" href=\"http:\/\/www.gaydescombes.ch\/\" target=\"_blank\"><em>C\u00e9line Gay Des Combes<\/em><\/a><\/strong><\/p>\n\n\n\n<p class=\"has-black-color has-text-color has-large-font-size\" id=\"block-bb7cc342-13e4-4317-a741-b62f2f0129aa\">Plus de d\u00e9tails sur ce concert sur <strong><em><a href=\"https:\/\/ritmy.fr\/essais\/concerts-2\/concerts-33e-saison\/delta-duo\/\">cette page<\/a><\/em><\/strong><\/p>\n\n\n\n<hr class=\"wp-block-separator has-css-opacity is-style-wide\"\/>\n\n\n\n<p class=\"has-text-align-center has-vivid-cyan-blue-color has-text-color has-larger-font-size\" style=\"line-height:1.5\"><strong>Thomas LEFORT, Violon<\/strong><br><span class=\"has-text-align-center has-luminous-vivid-orange-color has-text-color has-large-font-size\" style=\"line-height:1\">Laur\u00e9at au dernier Concours Isaac Stern de Shangha\u00ef<\/span><br><span class=\"has-text-align-center has-vivid-cyan-blue-color has-text-color has-larger-font-size\" style=\"line-height:1\"><strong>accompagn\u00e9 de Pierre-Yves HODIQUE, Piano<strong><br><\/strong><span class=\"has-text-align-center has-large-font-size\"><strong><strong>NEAUPHLE-LE-CHATEAU<\/strong>&#8211; Dimanche 13 novembre 2022  \u00e0 17h<strong>, \u00e9glise Saint-Nicolas<\/strong><\/strong><\/span> <\/strong><\/span><\/p>\n\n\n<div class=\"wp-block-image\">\n<figure class=\"aligncenter size-full\"><img loading=\"lazy\" decoding=\"async\" width=\"1000\" height=\"649\" src=\"https:\/\/ritmy.fr\/essais\/wp-content\/uploads\/2022\/03\/Lefort-Hodique.png\" alt=\"\" class=\"wp-image-27187\" srcset=\"https:\/\/ritmy.fr\/essais\/wp-content\/uploads\/2022\/03\/Lefort-Hodique.png 1000w, https:\/\/ritmy.fr\/essais\/wp-content\/uploads\/2022\/03\/Lefort-Hodique-300x195.png 300w, https:\/\/ritmy.fr\/essais\/wp-content\/uploads\/2022\/03\/Lefort-Hodique-768x498.png 768w, https:\/\/ritmy.fr\/essais\/wp-content\/uploads\/2022\/03\/Lefort-Hodique-803x521.png 803w\" sizes=\"auto, (max-width: 1000px) 100vw, 1000px\" \/><\/figure><\/div>\n\n\n<p class=\"has-black-color has-text-color has-large-font-size\" style=\"line-height:0\"><strong>Thomas LEFORT<\/strong><\/p>\n\n\n\n<p class=\"has-black-color has-text-color has-large-font-size\" id=\"block-599fa822-2601-42bc-828f-c07dd1a72940\">Adoub\u00e9 par Salvatore Accardo et Ivry Gitlis, laur\u00e9at de nombreux concours internationaux, ce jeune virtuose (n\u00e9 en 1994) prend place parmi les violonistes les plus inspir\u00e9s de la nouvelle g\u00e9n\u00e9ration.<br>Il commence le violon d\u00e8s l&rsquo;\u00e2ge de quatre ans et fait ses d\u00e9buts en soliste tr\u00e8s t\u00f4t. \u00c0 l&rsquo;\u00e2ge de 12 ans, il remporte son premier concours international en Italie et se produit pour la premi\u00e8re fois avec orchestre. Il obtient plusieurs prix au Concours International Ginette Neveu, au Concours International Rodolfo Lipizer, Premier Prix Jeune Talent d\u2019\u00cele-de-France, Prix du Public lors du Festival Musical d\u2019Automne des Jeunes Interpr\u00e8tes, laur\u00e9at de la Fondation Banque Populaire et Prix de la Fondation de France.<\/p>\n\n\n\n<p style=\"line-height:0\"><\/p>\n\n\n\n<p class=\"has-black-color has-text-color has-large-font-size\" style=\"line-height:0\"><strong>Pierre-Yves HODIQUE<\/strong><\/p>\n\n\n\n<p class=\"has-black-color has-text-color has-large-font-size\">Pierre-Yves Hodique a remport\u00e9 en 2011 le Prix du meilleur pianiste accompagnateur lors du Concours international Tchaikovsky de violoncelle \u00e0 Moscou.<br>Il compte les plus grands solistes parmi ses partenaires de musique de chambre.<br>Pierre-Yves s\u2019est produit au Th\u00e9\u00e2tre Mariinsky de Saint-P\u00e9tersbourg, \u00e0 la Philharmonie de Berlin, \u00e0 l\u2019Elbphilharmonie de Hambourg, au Konzerthaus de Vienne, au Concertgebouw d\u2019Amsterdam&#8230;<br>Il est laur\u00e9at de la Fondation Banque Populaire, de la Yamaha Music Foundation of Europe, de la Fondation Meyer, du Prix Oriolis.<\/p>\n\n\n\n<p style=\"line-height:0\"><\/p>\n\n\n\n<p class=\"has-black-color has-text-color has-large-font-size\"><strong>Au programme <\/strong>: Des \u0153uvres de Mozart, Beethoven, Massenet, Dvorak, Saint-Sa\u00ebns, Granados,  Pablo de Sarasate, Kreisler, Barok, Piazzolla, Scott Joplin.<\/p>\n\n\n\n<p><\/p>\n\n\n\n<p class=\"has-black-color has-text-color has-large-font-size\" id=\"block-851566da-33e6-4d71-8f23-892762de599d\">D\u00e9couvrez-les avec cette <em><strong><a rel=\"noreferrer noopener\" href=\"https:\/\/youtu.be\/Nfj0H6mOc2I\" target=\"_blank\">vid\u00e9o<\/a><\/strong><\/em> et Thomas Lefort sur son <em><strong><a rel=\"noreferrer noopener\" href=\"http:\/\/thomaslefort.com\/\" target=\"_blank\">site internet<\/a><\/strong><\/em>.<\/p>\n\n\n\n<p class=\"has-black-color has-text-color has-large-font-size\" id=\"block-95ced154-1309-4cb9-9354-98ed7507ec9b\" style=\"line-height:1.5\">Plus de d\u00e9tails sur ce concert sur <strong><em><a href=\"https:\/\/ritmy.fr\/essais\/concerts-2\/concerts-33e-saison\/thomas-lefort\/\">cette page<\/a><\/em><\/strong><\/p>\n\n\n\n<hr class=\"wp-block-separator has-alpha-channel-opacity is-style-wide\" id=\"block-590f436f-5b2a-467f-82c4-49abca61b5a4\"\/>\n\n\n\n<p class=\"has-text-align-center has-vivid-cyan-blue-color has-text-color has-larger-font-size\" id=\"block-47e60b48-0290-4043-ad4e-0caaf3ba64cb\" style=\"line-height:1.5\">Musique du monde<br><strong>QUATUOR CALIENTE<\/strong> : \u00ab\u00a0Double A\u00a0\u00bb<strong><strong><br><\/strong><span class=\"has-text-align-center has-large-font-size\"><strong><strong>RICHEBOURG<\/strong> &#8211; Dimanche 11 d\u00e9cembre 2022  \u00e0 17h, Salle \u00c9dith Piaf<\/strong><\/span> <\/strong><\/p>\n\n\n\n<p style=\"line-height:0\"><\/p>\n\n\n\n<p class=\"has-black-color has-text-color has-large-font-size\"> Le Quatuor CALIENTE est compos\u00e9 de  Lysandre DONOSO, Bandon\u00e9on &#8211; Michel BERRIER, Violon &#8211; Eric CHALAN, Contrebasse &#8211; C\u00e9dric LOREL, Piano<\/p>\n\n\n<div class=\"wp-block-image\">\n<figure class=\"aligncenter size-large\"><img loading=\"lazy\" decoding=\"async\" width=\"1000\" height=\"667\" src=\"https:\/\/ritmy.fr\/essais\/wp-content\/uploads\/2022\/03\/1Y9A9822-1000x667.jpg\" alt=\"\" class=\"wp-image-27117\" srcset=\"https:\/\/ritmy.fr\/essais\/wp-content\/uploads\/2022\/03\/1Y9A9822-1000x667.jpg 1000w, https:\/\/ritmy.fr\/essais\/wp-content\/uploads\/2022\/03\/1Y9A9822-300x200.jpg 300w, https:\/\/ritmy.fr\/essais\/wp-content\/uploads\/2022\/03\/1Y9A9822-768x512.jpg 768w, https:\/\/ritmy.fr\/essais\/wp-content\/uploads\/2022\/03\/1Y9A9822-1536x1024.jpg 1536w, https:\/\/ritmy.fr\/essais\/wp-content\/uploads\/2022\/03\/1Y9A9822-2048x1365.jpg 2048w, https:\/\/ritmy.fr\/essais\/wp-content\/uploads\/2022\/03\/1Y9A9822-803x535.jpg 803w\" sizes=\"auto, (max-width: 1000px) 100vw, 1000px\" \/><\/figure><\/div>\n\n\n<p class=\"has-black-color has-text-color has-large-font-size\">Au c\u0153ur de ce spectacle, la passion, la fougue, la sensualit\u00e9 et l\u2019empreinte nostalgique d\u2019une \u00e9poque lointaine et pourtant si vivante.<br>Le quatuor Caliente d\u00e9bordant d\u2019originalit\u00e9 vous fera d\u00e9couvrir un r\u00e9pertoire \u00e9largi de Bach \u00e0 Juan Carlos Cobian.<br>A l\u2019approche des f\u00eates, c\u2019est \u00e0 un voyage mythique que vous serez convi\u00e9s, une \u00e9vasion tonifiante port\u00e9e par quatre musiciens r\u00e9guli\u00e8rement invit\u00e9s et salu\u00e9s par la critique dans les festivals internationaux et diffus\u00e9s r\u00e9guli\u00e8rement sur les ondes (France Musique, Mezzo, FIP\u2026).<br>Le Tango Nuevo sera \u00e0 Richebourg pour un concert tr\u00e8s caliente.<\/p>\n\n\n\n<p style=\"line-height:0\"><\/p>\n\n\n\n<p class=\"has-black-color has-text-color has-large-font-size\"><strong>Au programme&nbsp;:<\/strong>  \u0152uvres de Jean S\u00e9bastien BACH, Astor PIAZZOLLA, Heitor VILLA LOBOS, Horacio SALGAN et Juan Carlos COBIAN.<\/p>\n\n\n\n<p style=\"line-height:0\"><\/p>\n\n\n\n<p class=\"has-black-color has-text-color has-large-font-size\" id=\"block-db091b31-48ff-4337-bbcc-3df6a42d270d\">D\u00e9couvrez-les avec cette <em><strong><a href=\"https:\/\/youtu.be\/bKyXMROpmnA\" target=\"_blank\" rel=\"noreferrer noopener\">vid\u00e9o<\/a><\/strong><\/em>, ainsi que  sur leur <em><a rel=\"noreferrer noopener\" href=\"https:\/\/quatuorcaliente.com\/\" target=\"_blank\"><strong>site interne<\/strong>t<\/a><\/em> <\/p>\n\n\n\n<p class=\"has-black-color has-text-color has-large-font-size\" id=\"block-4488b1bd-d146-4188-ab8c-9868957bca90\">Plus de d\u00e9tails sur ce concert sur <strong><em><a href=\"https:\/\/ritmy.fr\/essais\/concerts-2\/concerts-33e-saison\/quatuor-caliente\/\">cette page<\/a><\/em><\/strong><\/p>\n\n\n\n<hr class=\"wp-block-separator has-alpha-channel-opacity is-style-wide\" id=\"block-dfc22556-f562-419a-a13b-1590a0d1bae0\"\/>\n\n\n\n<p class=\"has-text-align-center has-vivid-cyan-blue-color has-text-color has-larger-font-size\" id=\"block-47e60b48-0290-4043-ad4e-0caaf3ba64cb\" style=\"line-height:1.5\"><strong>LOCO CELLO : Fran\u00e7ois SALQUE en trio<br><\/strong><span class=\"has-text-align-center has-large-font-size\"><strong><strong>MAULE &#8211; Dimanche 22 janvier 2023  \u00e0 17h<\/strong><\/strong><\/span><\/p>\n\n\n<div class=\"wp-block-image\">\n<figure class=\"aligncenter size-large\" id=\"block-efa11f0e-fa23-485a-83d4-7e4ce0a44543\"><img loading=\"lazy\" decoding=\"async\" width=\"1000\" height=\"562\" src=\"https:\/\/ritmy.fr\/essais\/wp-content\/uploads\/2022\/03\/lococello-1000x562.jpg\" alt=\"\" class=\"wp-image-27119\" srcset=\"https:\/\/ritmy.fr\/essais\/wp-content\/uploads\/2022\/03\/lococello-1000x562.jpg 1000w, https:\/\/ritmy.fr\/essais\/wp-content\/uploads\/2022\/03\/lococello-300x169.jpg 300w, https:\/\/ritmy.fr\/essais\/wp-content\/uploads\/2022\/03\/lococello-768x431.jpg 768w, https:\/\/ritmy.fr\/essais\/wp-content\/uploads\/2022\/03\/lococello-803x451.jpg 803w, https:\/\/ritmy.fr\/essais\/wp-content\/uploads\/2022\/03\/lococello.jpg 1020w\" sizes=\"auto, (max-width: 1000px) 100vw, 1000px\" \/><\/figure><\/div>\n\n\n<p class=\"has-black-color has-text-color has-large-font-size\">Loco Cello  (\u00ab\u00a0le violoncelle en folie\u00a0\u00bb) est ici compos\u00e9 de Fran\u00e7ois Salque (personnalit\u00e9 incontournable du classique) au violoncelle, Samuel Strouk (Grand prix de l\u2019Acad\u00e9mie Charles Cros 2018 pour l\u2019album m\u00e9morable Trintignant-Mille-Piazzolla) \u00e0 la guitare, et Zacharie Abraham \u00e0 la contrebasse<\/p>\n\n\n\n<p class=\"has-black-color has-text-color has-large-font-size\">Loco Cello fait swinguer de mani\u00e8re in\u00e9dite et \u00e9l\u00e9gante musique de chambre et jazz, Mendelssohn et Django Reinhardt. Ce groupe d\u2019une cr\u00e9ativit\u00e9 hors normes fusionne l\u2019\u00e9nergie manouche \u00e0 leurs intuitions musicales jubilatoires. Loco, c\u2019est fou !<\/p>\n\n\n\n<p class=\"has-black-color has-text-color has-large-font-size\">Django Reinhardt, Piazzolla, Grappelli, Mendelssohn ou Chopin\u2026 Leur r\u00e9pertoire crois\u00e9 unit classique et jazz dans une revisitation \u00e9nergisante. Les fronti\u00e8res musicales s\u2019estompent pour laisser place \u00e0 une imagination sans limite. Voil\u00e0 un groupe d\u2019un nouveau type qui ne s\u2019embarrasse pas d\u2019\u00e9tiquette, explosant les genres avec grand bonheur et virtuosit\u00e9.<\/p>\n\n\n\n<p class=\"has-black-color has-text-color has-large-font-size\" id=\"block-364e0e3d-a2af-405b-8e3d-c687792c3226\">D\u00e9couvrez Loco Cello avec cette <strong><em><a rel=\"noreferrer noopener\" href=\"https:\/\/youtu.be\/pbuQFhjcpnA\" target=\"_blank\">vid\u00e9o<\/a><\/em><\/strong>, ainsi que Fran\u00e7ois Salque sur <a href=\"https:\/\/fr.wikipedia.org\/wiki\/Fran%C3%A7ois_Salque\" target=\"_blank\" rel=\"noreferrer noopener\"><em><strong>Wikipedia<\/strong><\/em><\/a>.<\/p>\n\n\n\n<p class=\"has-black-color has-text-color has-large-font-size\" id=\"block-aa32c075-d567-420f-9a70-c717c5724e7e\">Plus de d\u00e9tails sur ce concert sur <strong><em><a href=\"https:\/\/ritmy.fr\/essais\/concerts-2\/concerts-33e-saison\/loco-cello\/\">cette page<\/a><\/em><\/strong><\/p>\n\n\n\n<hr class=\"wp-block-separator has-alpha-channel-opacity is-style-wide\" id=\"block-a948e27e-6e5e-478f-8da8-7c37cd66cf1e\"\/>\n\n\n\n<p class=\"has-text-align-center has-vivid-cyan-blue-color has-text-color has-larger-font-size\" id=\"block-47e60b48-0290-4043-ad4e-0caaf3ba64cb\" style=\"line-height:1.5\"><strong>COULEUR CUIVRE<br><\/strong><span class=\"has-text-align-center has-large-font-size\"><strong><strong>MERE &#8211; Dimanche 12 mars 2023  \u00e0 17h, \u00e9glise Saint-Denis<\/strong><\/strong><\/span><\/p>\n\n\n<div class=\"wp-block-image\">\n<figure class=\"aligncenter size-large\"><img loading=\"lazy\" decoding=\"async\" width=\"1000\" height=\"667\" src=\"https:\/\/ritmy.fr\/essais\/wp-content\/uploads\/2022\/03\/CouleurCuivre-1-1000x667.jpg\" alt=\"\" class=\"wp-image-27114\" srcset=\"https:\/\/ritmy.fr\/essais\/wp-content\/uploads\/2022\/03\/CouleurCuivre-1-1000x667.jpg 1000w, https:\/\/ritmy.fr\/essais\/wp-content\/uploads\/2022\/03\/CouleurCuivre-1-300x200.jpg 300w, https:\/\/ritmy.fr\/essais\/wp-content\/uploads\/2022\/03\/CouleurCuivre-1-768x512.jpg 768w, https:\/\/ritmy.fr\/essais\/wp-content\/uploads\/2022\/03\/CouleurCuivre-1-1536x1024.jpg 1536w, https:\/\/ritmy.fr\/essais\/wp-content\/uploads\/2022\/03\/CouleurCuivre-1-2048x1365.jpg 2048w, https:\/\/ritmy.fr\/essais\/wp-content\/uploads\/2022\/03\/CouleurCuivre-1-803x535.jpg 803w\" sizes=\"auto, (max-width: 1000px) 100vw, 1000px\" \/><\/figure><\/div>\n\n\n<p class=\"has-black-color has-text-color has-large-font-size\">Un trombone, deux trompettes, un cor, un tuba. Coralie, Gilles, Ludovic, Norbert et Thierry, cinq amis qui se sont rencontr\u00e9s au sein de l\u2019orchestre de l\u2019op\u00e9ra de Massy, r\u00e9unis par le plaisir de jouer ensemble et de faire partager l&rsquo;univers des cuivres.<br>L\u2019\u00e9tendue de leur r\u00e9pertoire, le soin apport\u00e9 \u00e0 la pr\u00e9sentation des \u0153uvres ainsi que le haut niveau d\u2019ex\u00e9cution sont une garantie de leur succ\u00e8s. <\/p>\n\n\n\n<p class=\"has-black-color has-text-color has-large-font-size\">Ils se produisent en concert depuis plus de vingt ans, et vous invitent \u00e0 d\u00e9couvrir quatre si\u00e8cles de musique. Un voyage temporel \u00e0 travers diff\u00e9rentes \u00e9poques musicales : baroque, classique, romantique, moderne, jazz, musique de films&#8230;<\/p>\n\n\n\n<p class=\"has-black-color has-text-color has-large-font-size\" style=\"line-height:1.5\">Pour ce concert, ils ont carte blanche pour nous faire d\u00e9couvrir les cuivres de la Renaissance \u00e0 nos jours. <\/p>\n\n\n\n<p class=\"has-black-color has-text-color has-large-font-size\">D\u00e9couvrez-les avec cette <em><strong><a href=\"https:\/\/ritmy.fr\/essais\/wp-content\/uploads\/2022\/04\/couleur-cuivre.mp4\" target=\"_blank\" rel=\"noreferrer noopener\">vid\u00e9o<\/a><\/strong><\/em>, ainsi que sur <strong><em><a rel=\"noreferrer noopener\" href=\"https:\/\/sites.google.com\/site\/5ttecouleurcuivre\/\" target=\"_blank\">ce site<\/a><\/em><\/strong>.<\/p>\n\n\n\n<p class=\"has-black-color has-text-color has-large-font-size\">Plus de d\u00e9tails sur ce concert sur <strong><em><a href=\"https:\/\/ritmy.fr\/essais\/concerts-2\/concerts-33e-saison\/couleur-cuivre\/\">cette page<\/a><\/em><\/strong><\/p>\n\n\n\n<hr class=\"wp-block-separator has-alpha-channel-opacity is-style-wide\" id=\"block-d663e152-e82c-485f-8d52-8fe3a57abca5\"\/>\n\n\n\n<p class=\"has-text-align-center has-vivid-cyan-blue-color has-text-color has-larger-font-size\" id=\"block-47e60b48-0290-4043-ad4e-0caaf3ba64cb\" style=\"line-height:1.5\">Jeune talent et patrimoine<br><strong>M\u00e9lodie MICHEL &#8211; Orgue classique fran\u00e7ais<br><\/strong><span class=\"has-text-align-center has-large-font-size\"><strong>HOUDAN &#8211; Dimanche 16 avril 2023  \u00e0 17h, \u00e9glise Saint-Jacques<\/strong><\/span><\/p>\n\n\n\n<p id=\"block-174e0f17-6b18-450a-a26b-0255f3749d34\" style=\"line-height:0\"><\/p>\n\n\n<div class=\"wp-block-image\">\n<figure class=\"aligncenter size-full\"><img loading=\"lazy\" decoding=\"async\" width=\"720\" height=\"408\" src=\"https:\/\/ritmy.fr\/essais\/wp-content\/uploads\/2022\/04\/melodie-michel-2a.jpg\" alt=\"\" class=\"wp-image-27458\" srcset=\"https:\/\/ritmy.fr\/essais\/wp-content\/uploads\/2022\/04\/melodie-michel-2a.jpg 720w, https:\/\/ritmy.fr\/essais\/wp-content\/uploads\/2022\/04\/melodie-michel-2a-300x170.jpg 300w\" sizes=\"auto, (max-width: 720px) 100vw, 720px\" \/><\/figure><\/div>\n\n\n<p class=\"has-black-color has-text-color has-large-font-size\">Apr\u00e8s avoir \u00e9t\u00e9 form\u00e9e \u00e0 l\u2019orgue par Jean-Baptiste Robin au CRR de Versailles o\u00f9 elle a obtenu son DEM (Dipl\u00f4me d&rsquo;\u00e9tudes musicales) d\u2019Orgue mention tr\u00e8s bien, M\u00e9lodie Michel est entr\u00e9e dans la classe d\u2019orgue d\u2019Olivier Latry et de Michel Bouvard au CNSMDP en 2020, \u00e0 l\u2019\u00e2ge de 16 ans.<\/p>\n\n\n\n<p class=\"has-black-color has-text-color has-large-font-size\">M\u00e9lodie a \u00e9galement \u00e9tudi\u00e9 le piano, le violon et l\u2019alto au CRR de Versailles o\u00f9 elle a obtenu son DEM &nbsp;de piano, son CEM (Certificat d&rsquo;\u00e9tudes musicales) de violon, et son DEM de formation musicale.<\/p>\n\n\n\n<p class=\"has-black-color has-text-color has-large-font-size\">En tant qu\u2019organiste, M\u00e9lodie s\u2019est d\u00e9j\u00e0 produite en concert \u00e0 la Chapelle Royale de Versailles, \u00e0 l\u2019Abbaye de Royaumont, \u00e0 la Cath\u00e9drale Saint-Louis de Versailles, \u00e0 l\u2019\u00c9glise Sainte-Radegonde de Poitiers, \u00e0 l\u2019orgue Walcker de l\u2019\u00c9glise Saint-Paul de Strasbourg. En octobre 2019 elle a donn\u00e9 un concert \u00e0 l\u2019\u00c9glise Notre-Dame-de-Lourdes \u00e0 Saint-Petersbourg, en Russie.<\/p>\n\n\n\n<p class=\"has-black-color has-text-color has-large-font-size\">Autour d\u2019un programme de musique classique fran\u00e7aise, Nicolas de Grigny et Louis Marchand, elle jouera sur l\u2019orgue historique Clicquot de Houdan, datant de 1734 .<\/p>\n\n\n\n<p class=\"has-black-color has-text-color has-large-font-size\" id=\"block-2bd0ca77-3542-4a8a-8015-7cd7f1284e49\">D\u00e9couvrez-la avec cette <em><strong><a rel=\"noreferrer noopener\" href=\"https:\/\/youtu.be\/WXBW2wC0di4\" target=\"_blank\">vid\u00e9o<\/a><\/strong><\/em> enregistr\u00e9e en 2018 \u00e0 l&rsquo;\u00e2ge de 14 ans. <\/p>\n\n\n\n<p class=\"has-black-color has-text-color has-large-font-size\" id=\"block-5160566a-9d32-4aa3-8d25-3389d75428aa\">Plus de d\u00e9tails sur ce concert sur <strong><em><a href=\"https:\/\/ritmy.fr\/essais\/concerts-2\/concerts-33e-saison\/melodie-michel\/\">cette page<\/a><\/em><\/strong><\/p>\n\n\n\n<hr class=\"wp-block-separator has-alpha-channel-opacity is-style-wide\" id=\"block-f14ca9f3-8de8-49cf-988c-cbfd386d738e\"\/>\n\n\n\n<hr class=\"wp-block-separator has-alpha-channel-opacity is-style-default\" id=\"block-5cf38ca5-82bc-4e80-a495-60b48a1adcbb\"\/>\n\n\n\n<p class=\"has-black-color has-text-color has-large-font-size\" id=\"block-e1216ea8-dc60-4428-a48a-6bfb6b49bb3e\">Cette Saison Musicale devrait, nous l\u2019esp\u00e9rons, satisfaire tous les go\u00fbts musicaux et vous offrir de belles \u00e9motions et d\u00e9couvertes musicales ! Des articles, avec plus de d\u00e9tails sur chaque concert, les artistes, compositeurs\u2026 seront r\u00e9guli\u00e8rement mis en ligne dans notre site. Donc rendez-nous visite tout au long de ces  33<sup>es<\/sup>  Saisons Musicales RITMY.<\/p>\n\n\n\n<p class=\"has-black-color has-text-color has-large-font-size\" id=\"block-e45e71d6-8448-442e-b981-ddcb21af0e48\">Les&nbsp;<strong>R\u00c9SERVATIONS<\/strong>&nbsp;sont d\u00e8s maintenant possibles : pour&nbsp;cela aller dans la rubrique &lsquo;R\u00c9SERVER&rsquo; du site en cliquant sur le bouton ci-dessous.<br>Les <strong>formules d&rsquo;abonnements<\/strong>&nbsp;(\u00e0 partir de 3 concerts) vous permettent de b\u00e9n\u00e9ficier d&rsquo;une tarification int\u00e9ressante et de places r\u00e9serv\u00e9es aux abonn\u00e9s lors des concerts.<\/p>\n\n\n\n<div class=\"wp-block-buttons is-horizontal is-content-justification-center is-layout-flex wp-container-core-buttons-is-layout-499968f5 wp-block-buttons-is-layout-flex\">\n<div class=\"wp-block-button\"><a class=\"wp-block-button__link wp-element-button\" href=\"https:\/\/ritmy.fr\/essais\/reserver\/\">R\u00c9SERVATIONS<\/a><\/div>\n<\/div>\n\n\n\n<p class=\"has-black-color has-text-color has-large-font-size\" id=\"block-861f9a80-4b7b-4f83-a57c-f0bfcc14fd47\"><br>Les nombres de places seront limit\u00e9s, n&rsquo;h\u00e9sitez pas \u00e0 r\u00e9server d\u00e8s que possible. En cas d&rsquo;annulation de notre part, les billets seront int\u00e9gralement rembours\u00e9s.<\/p>\n\n\n\n<p class=\"has-black-color has-text-color has-large-font-size\" id=\"block-db97e977-4167-490c-9362-de363c50a9ee\">Si vous souhaitez plus d&rsquo;informations sur ce programme, n&rsquo;h\u00e9sitez pas \u00e0 nous contacter par courriel :<\/p>\n\n\n\n<p class=\"has-text-align-center has-large-font-size\" id=\"block-08862923-4edf-4aa0-bf37-fd32e7cb1906\"><a rel=\"noreferrer noopener\" href=\"mailto:contact.ritmy@gmail.com\" target=\"_blank\"><em>contact.ritmy@gmail.com<\/em><\/a><\/p>\n","protected":false},"excerpt":{"rendered":"<p>Nous avons le plaisir de vous pr\u00e9senter le programme de nos 33es Saisons Musicales 2022-2023 Cette nouvelle saison, construite avec toujours la m\u00eame exigence de qualit\u00e9 et de vari\u00e9t\u00e9 de styles, d\u00e9butera en octobre 2022, et nous permettra d&rsquo;entendre du piano, des voix, des ensembles, du jazz, de la musique du monde\u2026 donnant lieu parfois &hellip; <\/p>\n<p><a class=\"more-link btn\" href=\"https:\/\/ritmy.fr\/essais\/les-33es-saisons-musicales\/\">Lire la suite<\/a><\/p>\n","protected":false},"author":5,"featured_media":27554,"comment_status":"closed","ping_status":"closed","sticky":true,"template":"","format":"standard","meta":{"footnotes":""},"categories":[3,1],"tags":[],"class_list":["post-28460","post","type-post","status-publish","format-standard","has-post-thumbnail","hentry","category-les-oeuvres","category-ritmy","nodate","item-wrap"],"_links":{"self":[{"href":"https:\/\/ritmy.fr\/essais\/wp-json\/wp\/v2\/posts\/28460","targetHints":{"allow":["GET"]}}],"collection":[{"href":"https:\/\/ritmy.fr\/essais\/wp-json\/wp\/v2\/posts"}],"about":[{"href":"https:\/\/ritmy.fr\/essais\/wp-json\/wp\/v2\/types\/post"}],"author":[{"embeddable":true,"href":"https:\/\/ritmy.fr\/essais\/wp-json\/wp\/v2\/users\/5"}],"replies":[{"embeddable":true,"href":"https:\/\/ritmy.fr\/essais\/wp-json\/wp\/v2\/comments?post=28460"}],"version-history":[{"count":2,"href":"https:\/\/ritmy.fr\/essais\/wp-json\/wp\/v2\/posts\/28460\/revisions"}],"predecessor-version":[{"id":28463,"href":"https:\/\/ritmy.fr\/essais\/wp-json\/wp\/v2\/posts\/28460\/revisions\/28463"}],"wp:featuredmedia":[{"embeddable":true,"href":"https:\/\/ritmy.fr\/essais\/wp-json\/wp\/v2\/media\/27554"}],"wp:attachment":[{"href":"https:\/\/ritmy.fr\/essais\/wp-json\/wp\/v2\/media?parent=28460"}],"wp:term":[{"taxonomy":"category","embeddable":true,"href":"https:\/\/ritmy.fr\/essais\/wp-json\/wp\/v2\/categories?post=28460"},{"taxonomy":"post_tag","embeddable":true,"href":"https:\/\/ritmy.fr\/essais\/wp-json\/wp\/v2\/tags?post=28460"}],"curies":[{"name":"wp","href":"https:\/\/api.w.org\/{rel}","templated":true}]}}