{"id":27757,"date":"2022-11-14T18:53:56","date_gmt":"2022-11-14T17:53:56","guid":{"rendered":"https:\/\/ritmy.fr\/essais\/?p=27757"},"modified":"2022-11-22T18:35:17","modified_gmt":"2022-11-22T17:35:17","slug":"lefort","status":"publish","type":"post","link":"https:\/\/ritmy.fr\/essais\/lefort\/","title":{"rendered":"Remarquable duo (violon-piano) \u00e0 NEAUPHLE LE CH\u00c2TEAU\u00a0!"},"content":{"rendered":"\n<script language=\"Javascript\">\n<!--\nfunction isMobileDevice() \n{ \nif (\/Mobil\/i.test(navigator.userAgent))\n  {\n  window.open(\"https:\/\/ritmy.fr\/essais\/lefort-mobile\/\", \"_top\");\n  }\n}\n\/\/-->\n<\/script>\n<script type=\"text\/javascript\">isMobileDevice()<\/script>\n\n\n\n<p class=\"has-large-font-size\">\u2026Et, au final, une v\u00e9ritable \u00ab&nbsp;standing ovation&nbsp;\u00bb pour Thomas LEFORT (violon) et Pierre-Yves HODIQUE (piano), amplement m\u00e9rit\u00e9e.<\/p>\n\n\n\n<p class=\"has-large-font-size\">Notre fid\u00e8le public \u00e9tait venu en nombre pour ce deuxi\u00e8me rendez-vous des 33es Saisons Musicales, en l\u2019\u00e9glise St Nicolas de NEAUPHLE LE CH\u00c2TEAU, ce dimanche 13 novembre.<\/p>\n\n\n<div class=\"wp-block-image\">\n<figure class=\"aligncenter size-large\"><img loading=\"lazy\" decoding=\"async\" width=\"1000\" height=\"707\" src=\"https:\/\/ritmy.fr\/essais\/wp-content\/uploads\/2022\/11\/Th.-Lefort-P-Y.-Hodique-a-Neauphle-1-1000x707.jpeg\" alt=\"\" class=\"wp-image-27807\" srcset=\"https:\/\/ritmy.fr\/essais\/wp-content\/uploads\/2022\/11\/Th.-Lefort-P-Y.-Hodique-a-Neauphle-1-1000x707.jpeg 1000w, https:\/\/ritmy.fr\/essais\/wp-content\/uploads\/2022\/11\/Th.-Lefort-P-Y.-Hodique-a-Neauphle-1-300x212.jpeg 300w, https:\/\/ritmy.fr\/essais\/wp-content\/uploads\/2022\/11\/Th.-Lefort-P-Y.-Hodique-a-Neauphle-1-768x543.jpeg 768w, https:\/\/ritmy.fr\/essais\/wp-content\/uploads\/2022\/11\/Th.-Lefort-P-Y.-Hodique-a-Neauphle-1-803x567.jpeg 803w, https:\/\/ritmy.fr\/essais\/wp-content\/uploads\/2022\/11\/Th.-Lefort-P-Y.-Hodique-a-Neauphle-1.jpeg 1053w\" sizes=\"auto, (max-width: 1000px) 100vw, 1000px\" \/><\/figure><\/div>\n\n\n<p class=\"has-large-font-size\">Un programme vari\u00e9 qui avait de quoi s\u00e9duire, de MOZART (sonate n\u00b0 18 en sol majeur) \u00e0 Astor PIAZZOLLA (Tanti anni Prima), en passant par BARTOK et ses Danses roumaines, BEETHOVEN (adaptation de la Romance pour violon et orchestre n\u00b01), mais aussi SAINT-SA\u00cbNS, GRANADOS ou SCOTT JOPLIN, et surtout FRITZ KREISLER  dans un magnifique \u00ab&nbsp;Pr\u00e9lude et Allegro&nbsp;\u00bb, un remarquable \u00ab&nbsp;Liebeslied&nbsp;\u00bb, et une adaptation de \u00ab&nbsp;Danse espagnole&nbsp;\u00bb de GRANADOS.<\/p>\n\n\n\n<figure class=\"wp-block-video aligncenter\"><video controls src=\"https:\/\/ritmy.fr\/essais\/wp-content\/uploads\/2022\/11\/IMG_9428.mov\"><\/video><\/figure>\n\n\n\n<p class=\"has-large-font-size\">La c\u00e9l\u00e8bre \u00ab&nbsp;m\u00e9ditation de THA\u00cfS&nbsp;\u00bb, de MASSENET, fut \u00e9galement un grand moment d\u2019\u00e9motion pour tous les spectateurs.<\/p>\n\n\n\n<div class=\"wp-block-columns is-layout-flex wp-container-core-columns-is-layout-9d6595d7 wp-block-columns-is-layout-flex\">\n<div class=\"wp-block-column is-layout-flow wp-block-column-is-layout-flow\"><div class=\"wp-block-image\">\n<figure class=\"aligncenter size-large is-resized\"><img loading=\"lazy\" decoding=\"async\" src=\"https:\/\/ritmy.fr\/essais\/wp-content\/uploads\/2022\/11\/Th.-Lefort-P-Y.-Hodique-a-Neauphle-16-1-1000x750.jpeg\" alt=\"\" class=\"wp-image-27809\" width=\"572\" height=\"429\" srcset=\"https:\/\/ritmy.fr\/essais\/wp-content\/uploads\/2022\/11\/Th.-Lefort-P-Y.-Hodique-a-Neauphle-16-1-1000x750.jpeg 1000w, https:\/\/ritmy.fr\/essais\/wp-content\/uploads\/2022\/11\/Th.-Lefort-P-Y.-Hodique-a-Neauphle-16-1-300x225.jpeg 300w, https:\/\/ritmy.fr\/essais\/wp-content\/uploads\/2022\/11\/Th.-Lefort-P-Y.-Hodique-a-Neauphle-16-1-768x576.jpeg 768w, https:\/\/ritmy.fr\/essais\/wp-content\/uploads\/2022\/11\/Th.-Lefort-P-Y.-Hodique-a-Neauphle-16-1-1536x1152.jpeg 1536w, https:\/\/ritmy.fr\/essais\/wp-content\/uploads\/2022\/11\/Th.-Lefort-P-Y.-Hodique-a-Neauphle-16-1-2048x1536.jpeg 2048w, https:\/\/ritmy.fr\/essais\/wp-content\/uploads\/2022\/11\/Th.-Lefort-P-Y.-Hodique-a-Neauphle-16-1-803x602.jpeg 803w\" sizes=\"auto, (max-width: 572px) 100vw, 572px\" \/><\/figure><\/div><\/div>\n\n\n\n<div class=\"wp-block-column is-layout-flow wp-block-column-is-layout-flow\"><div class=\"wp-block-image\">\n<figure class=\"aligncenter size-large is-resized\"><img loading=\"lazy\" decoding=\"async\" src=\"https:\/\/ritmy.fr\/essais\/wp-content\/uploads\/2022\/11\/Th.-Lefort-P-Y.-Hodique-a-Neauphle-10-1-1000x760.jpeg\" alt=\"\" class=\"wp-image-27808\" width=\"563\" height=\"427\" srcset=\"https:\/\/ritmy.fr\/essais\/wp-content\/uploads\/2022\/11\/Th.-Lefort-P-Y.-Hodique-a-Neauphle-10-1-1000x760.jpeg 1000w, https:\/\/ritmy.fr\/essais\/wp-content\/uploads\/2022\/11\/Th.-Lefort-P-Y.-Hodique-a-Neauphle-10-1-300x228.jpeg 300w, https:\/\/ritmy.fr\/essais\/wp-content\/uploads\/2022\/11\/Th.-Lefort-P-Y.-Hodique-a-Neauphle-10-1-768x583.jpeg 768w, https:\/\/ritmy.fr\/essais\/wp-content\/uploads\/2022\/11\/Th.-Lefort-P-Y.-Hodique-a-Neauphle-10-1-1536x1167.jpeg 1536w, https:\/\/ritmy.fr\/essais\/wp-content\/uploads\/2022\/11\/Th.-Lefort-P-Y.-Hodique-a-Neauphle-10-1-2048x1556.jpeg 2048w, https:\/\/ritmy.fr\/essais\/wp-content\/uploads\/2022\/11\/Th.-Lefort-P-Y.-Hodique-a-Neauphle-10-1-803x610.jpeg 803w\" sizes=\"auto, (max-width: 563px) 100vw, 563px\" \/><\/figure><\/div><\/div>\n<\/div>\n\n\n\n<p class=\"has-large-font-size\">Les quelques 190 personnes venues assister \u00e0 ce concert furent totalement conquises par un programme alliant l\u2019extraordinaire virtuosit\u00e9, l\u2019interpr\u00e9tation toute en sensibilit\u00e9, l\u2019\u00e9mouvante int\u00e9riorit\u00e9 et la simplicit\u00e9 de ces deux tr\u00e8s talentueux interpr\u00e8tes.<\/p>\n\n\n<div class=\"wp-block-image\">\n<figure class=\"aligncenter size-large\"><img loading=\"lazy\" decoding=\"async\" width=\"1000\" height=\"709\" src=\"https:\/\/ritmy.fr\/essais\/wp-content\/uploads\/2022\/11\/Lefort-4-1000x709.jpg\" alt=\"\" class=\"wp-image-27759\" srcset=\"https:\/\/ritmy.fr\/essais\/wp-content\/uploads\/2022\/11\/Lefort-4-1000x709.jpg 1000w, https:\/\/ritmy.fr\/essais\/wp-content\/uploads\/2022\/11\/Lefort-4-300x213.jpg 300w, https:\/\/ritmy.fr\/essais\/wp-content\/uploads\/2022\/11\/Lefort-4-768x544.jpg 768w, https:\/\/ritmy.fr\/essais\/wp-content\/uploads\/2022\/11\/Lefort-4-803x569.jpg 803w, https:\/\/ritmy.fr\/essais\/wp-content\/uploads\/2022\/11\/Lefort-4.jpg 1235w\" sizes=\"auto, (max-width: 1000px) 100vw, 1000px\" \/><\/figure><\/div>\n\n\n<p class=\"has-large-font-size\">En fin de concert, le public a pu acqu\u00e9rir et faire d\u00e9dicacer le CD \u00ab&nbsp;Folk&nbsp;\u00bb, sorti en 2019 chez MIRARE, un floril\u00e8ge de ces superbes harmonies folkloriques dont certaines \u00e9taient au programme de la soir\u00e9e.<\/p>\n\n\n\n<p class=\"has-large-font-size\"><strong>Quelques photos des r\u00e9p\u00e9titions et du concert :<\/strong><\/p>\n\n\n\n<figure class=\"wp-block-video aligncenter\"><video controls src=\"https:\/\/ritmy.fr\/essais\/wp-content\/uploads\/2022\/11\/Thomas-Lefort-et-P.Y-Hodique-1.m4v\"><\/video><\/figure>\n\n\n\n<p class=\"has-large-font-size\">Pour ceux et celles qui souhaiteraient retrouver les jeunes talents du prochain festival \u00ab&nbsp;les \u00e9toiles du classique&nbsp;\u00bb, \u00e0 St GERMAIN EN LAYE, dont Thomas LEFORT est le cr\u00e9ateur et le directeur artistique, la prochaine \u00e9dition aura lieu du 30 juin au 2 juillet 2023 (<a href=\"http:\/\/www.lesetoilesduclassique.fr\">www.lesetoile<\/a><a href=\"http:\/\/www.lesetoilesduclassique.fr\" target=\"_blank\" rel=\"noreferrer noopener\">sduclassique.fr<\/a> ).<\/p>\n\n\n\n<p class=\"has-large-font-size\">Pour retrouver actualit\u00e9s et informations plus quelques vid\u00e9os de Thomas LEFORT&nbsp;: <a href=\"http:\/\/www.thomaslefort.com\" target=\"_blank\" rel=\"noreferrer noopener\">www.thomaslefort.com<\/a> &nbsp;<\/p>\n\n\n\n<p class=\"has-vivid-cyan-blue-color has-text-color has-larger-font-size\"><strong>Prochain rendez-vous de RITMY, le dimanche 11 d\u00e9cembre 2022 \u00e0 RICHEBOURG, avec le Quatuor Caliente.<\/strong><\/p>\n\n\n\n<p class=\"has-large-font-size\"><strong>Toutes les informations dans cet <em><a href=\"https:\/\/ritmy.fr\/essais\/concerts-2\/concerts-33e-saison\/quatuor-caliente\/\">AR<\/a><\/em><\/strong><em><strong><a href=\"https:\/\/ritmy.fr\/essais\/concerts-2\/concerts-33e-saison\/quatuor-caliente\/\">TICL<\/a><\/strong><\/em><strong><em><a href=\"https:\/\/ritmy.fr\/essais\/concerts-2\/concerts-33e-saison\/quatuor-caliente\/\">E<\/a><\/em><\/strong>.<\/p>\n","protected":false},"excerpt":{"rendered":"<p>\u2026Et, au final, une v\u00e9ritable \u00ab&nbsp;standing ovation&nbsp;\u00bb pour Thomas LEFORT (violon) et Pierre-Yves HODIQUE (piano), amplement m\u00e9rit\u00e9e. Notre fid\u00e8le public \u00e9tait venu en nombre pour ce deuxi\u00e8me rendez-vous des 33es Saisons Musicales, en l\u2019\u00e9glise St Nicolas de NEAUPHLE LE CH\u00c2TEAU, ce dimanche 13 novembre. Un programme vari\u00e9 qui avait de quoi s\u00e9duire, de MOZART (sonate &hellip; <\/p>\n<p><a class=\"more-link btn\" href=\"https:\/\/ritmy.fr\/essais\/lefort\/\">Lire la suite<\/a><\/p>\n","protected":false},"author":5,"featured_media":27187,"comment_status":"closed","ping_status":"closed","sticky":true,"template":"","format":"standard","meta":{"footnotes":""},"categories":[1],"tags":[],"class_list":["post-27757","post","type-post","status-publish","format-standard","has-post-thumbnail","hentry","category-ritmy","nodate","item-wrap"],"_links":{"self":[{"href":"https:\/\/ritmy.fr\/essais\/wp-json\/wp\/v2\/posts\/27757","targetHints":{"allow":["GET"]}}],"collection":[{"href":"https:\/\/ritmy.fr\/essais\/wp-json\/wp\/v2\/posts"}],"about":[{"href":"https:\/\/ritmy.fr\/essais\/wp-json\/wp\/v2\/types\/post"}],"author":[{"embeddable":true,"href":"https:\/\/ritmy.fr\/essais\/wp-json\/wp\/v2\/users\/5"}],"replies":[{"embeddable":true,"href":"https:\/\/ritmy.fr\/essais\/wp-json\/wp\/v2\/comments?post=27757"}],"version-history":[{"count":16,"href":"https:\/\/ritmy.fr\/essais\/wp-json\/wp\/v2\/posts\/27757\/revisions"}],"predecessor-version":[{"id":27814,"href":"https:\/\/ritmy.fr\/essais\/wp-json\/wp\/v2\/posts\/27757\/revisions\/27814"}],"wp:featuredmedia":[{"embeddable":true,"href":"https:\/\/ritmy.fr\/essais\/wp-json\/wp\/v2\/media\/27187"}],"wp:attachment":[{"href":"https:\/\/ritmy.fr\/essais\/wp-json\/wp\/v2\/media?parent=27757"}],"wp:term":[{"taxonomy":"category","embeddable":true,"href":"https:\/\/ritmy.fr\/essais\/wp-json\/wp\/v2\/categories?post=27757"},{"taxonomy":"post_tag","embeddable":true,"href":"https:\/\/ritmy.fr\/essais\/wp-json\/wp\/v2\/tags?post=27757"}],"curies":[{"name":"wp","href":"https:\/\/api.w.org\/{rel}","templated":true}]}}