{"id":27697,"date":"2022-11-10T17:31:35","date_gmt":"2022-11-10T16:31:35","guid":{"rendered":"https:\/\/ritmy.fr\/essais\/?p=27697"},"modified":"2023-04-30T15:57:47","modified_gmt":"2023-04-30T14:57:47","slug":"2022-franck","status":"publish","type":"post","link":"https:\/\/ritmy.fr\/essais\/2022-franck\/","title":{"rendered":"2022 Bicentenaire de la naissance de C\u00e9sar Franck"},"content":{"rendered":"\n<script language=\"Javascript\">\n<!--\nfunction isMobileDevice() \n{ \nif (\/Mobil\/i.test(navigator.userAgent))\n  {\n  window.open(\"https:\/\/ritmy.fr\/essais\/2022-franck-mobile\/\", \"_top\");\n  }\n}\n\/\/-->\n<\/script>\n<script type=\"text\/javascript\">isMobileDevice()<\/script>\n\n\n\n<p class=\"has-vivid-cyan-blue-color has-text-color has-large-font-size\"><strong>Cette ann\u00e9e 2022 marque le bicentenaire de la naissance de C\u00e9sar Franck, n\u00e9 le 10 d\u00e9cembre 1822.<\/strong><\/p>\n\n\n\n<p class=\"has-large-font-size\">La deuxi\u00e8me moiti\u00e9 du 19e si\u00e8cle voit l\u2019apparition de 2 courants musicaux principaux&nbsp;:<br>&#8211;&nbsp;&nbsp;Un courant post-wagn\u00e9rien repr\u00e9sent\u00e9 par <strong>C\u00e9sar Franck<\/strong> et ses \u00e9l\u00e8ves Vincent d\u2019Indy, Ernest Chausson, Henri Duparc, ainsi que par Emmanuel Chabrier et Alb\u00e9ric Magnard.<br>&#8211;&nbsp;&nbsp;Un courant plus classique et plus acad\u00e9mique, mais aussi plus typiquement fran\u00e7ais, repr\u00e9sent\u00e9 par <strong><a href=\"https:\/\/ritmy.fr\/essais\/anniversaire-de-saint-saens\/\" target=\"_blank\" rel=\"noreferrer noopener\">Camille Saint-Sa\u00ebns<\/a><\/strong> (dont nous avons c\u00e9l\u00e9br\u00e9 le centenaire de la mort en 2021), Gabriel Faur\u00e9, Edouard Lalo, Georges Bizet, L\u00e9o Delibes, Paul Dukas.<\/p>\n\n\n\n<div class=\"wp-block-media-text is-stacked-on-mobile is-image-fill\" style=\"grid-template-columns:38% auto\"><figure class=\"wp-block-media-text__media\" style=\"background-image:url(https:\/\/ritmy.fr\/essais\/wp-content\/uploads\/2022\/11\/Cesar-Franck-2g-948x1000.jpg);background-position:33% 52%\"><img loading=\"lazy\" decoding=\"async\" width=\"948\" height=\"1000\" src=\"https:\/\/ritmy.fr\/essais\/wp-content\/uploads\/2022\/11\/Cesar-Franck-2g-948x1000.jpg\" alt=\"\" class=\"wp-image-27699 size-full\" srcset=\"https:\/\/ritmy.fr\/essais\/wp-content\/uploads\/2022\/11\/Cesar-Franck-2g-948x1000.jpg 948w, https:\/\/ritmy.fr\/essais\/wp-content\/uploads\/2022\/11\/Cesar-Franck-2g-284x300.jpg 284w, https:\/\/ritmy.fr\/essais\/wp-content\/uploads\/2022\/11\/Cesar-Franck-2g-768x810.jpg 768w, https:\/\/ritmy.fr\/essais\/wp-content\/uploads\/2022\/11\/Cesar-Franck-2g-803x847.jpg 803w, https:\/\/ritmy.fr\/essais\/wp-content\/uploads\/2022\/11\/Cesar-Franck-2g.jpg 1024w\" sizes=\"auto, (max-width: 948px) 100vw, 948px\" \/><\/figure><div class=\"wp-block-media-text__content\">\n<p class=\"has-large-font-size\">C\u00e9sar Franck est n\u00e9 le 10 d\u00e9cembre 1822 \u00e0 Li\u00e8ge. Il entre au conservatoire de Li\u00e8ge en 1830 o\u00f9 il obtient les premiers prix de solf\u00e8ge et de piano. Son talent est tr\u00e8s vite exploit\u00e9 par son p\u00e8re qui, tr\u00e8s t\u00f4t, organise des concerts dans diff\u00e9rentes villes belges.<\/p>\n\n\n\n<p class=\"has-large-font-size\">En 1835, sa&nbsp; famille s\u2019installe \u00e0 Paris o\u00f9 il \u00e9tudie avec Antoine Reicha,&nbsp; ancien professeur de Berlioz, Liszt et Gounod.<\/p>\n\n\n\n<p class=\"has-large-font-size\">Les formalit\u00e9s de naturalisation fran\u00e7aise diligent\u00e9es par son p\u00e8re lui permettent d\u2019entrer au conservatoire en 1837, o\u00f9 il remporte le premier prix de piano en 1838.<\/p>\n\n\n\n<p class=\"has-large-font-size\">Il est nomm\u00e9 en 1858 organiste \u00e0 l&rsquo;\u00e9glise Sainte-Clotilde. Toute sa carri\u00e8re de compositeur  s&rsquo;est d\u00e9roul\u00e9e autour de l&rsquo;orgue <a rel=\"noreferrer noopener\" href=\"https:\/\/classic-intro.net\/introductionalamusique\/romantisme3.html#_orgue\" target=\"_blank\">Cavaill\u00e9-Coll<\/a> de Sainte-Clotilde qu\u2019il tint de 1859 jusqu&rsquo;\u00e0 sa mort. Son influence a \u00e9t\u00e9 pr\u00e9pond\u00e9rante dans le domaine de l&rsquo;orgue dont il a renouvel\u00e9 l&rsquo;esth\u00e9tique tout en se r\u00e9v\u00e9lant un pr\u00e9curseur de la symphonie pour orgue.<\/p>\n<\/div><\/div>\n\n\n\n<p class=\"has-large-font-size\">En 1872 il obtient le poste de professeur d\u2019orgue au Conservatoire de Paris o\u00f9 il r\u00e9unit ses \u00e9l\u00e8ves dans la c\u00e9l\u00e8bre \u00ab&nbsp;bande \u00e0 Franck&nbsp;\u00bb, dont font partie <a href=\"https:\/\/classic-intro.net\/introductionalamusique\/postromantisme1.html#_Vincent_dIndy_(1851-1931)\">Vincent d\u2019Indy<\/a>, <a href=\"https:\/\/classic-intro.net\/introductionalamusique\/postromantisme1.html#_Henri_Duparc_(1848-1933)\">Henri Duparc<\/a>, <a href=\"https:\/\/classic-intro.net\/introductionalamusique\/postromantisme1.html#_Ernest_Chausson_(1855-1899)\">Ernest Chausson<\/a>.<\/p>\n\n\n\n<p class=\"has-large-font-size\">En 1886, il prend la pr\u00e9sidence de la Soci\u00e9t\u00e9 Nationale de Musique.<\/p>\n\n\n\n<p class=\"has-large-font-size\">C\u00e9sar Franck meurt \u00e0 Paris le 8 novembre 1890.<\/p>\n\n\n\n<p class=\"has-large-font-size\">Parmi les plus belles \u0153uvres de C\u00e9sar Franck, citons la<strong> \u00ab&nbsp;<\/strong><a rel=\"noreferrer noopener\" href=\"https:\/\/www.youtube.com\/results?lclk=long&amp;filters=long&amp;search_query=cesar+franck+symphonie+en+r%C3%A9+mineur\" target=\"_blank\"><em>Symphonie en r\u00e9 mineur<\/em><\/a><em>&nbsp;\u00bb<\/em>, les \u00ab&nbsp;<a rel=\"noreferrer noopener\" href=\"https:\/\/www.youtube.com\/results?search_query=Cesar+Franck+Variations+symphoniques\" target=\"_blank\"><em>Variations symphoniques<\/em><\/a>&nbsp;\u00bb pour piano et orchestre, la <a rel=\"noreferrer noopener\" href=\"https:\/\/www.youtube.com\/results?filters=long&amp;lclk=long&amp;search_query=cesar+franck+sonate+pour+violon+et+piano\" target=\"_blank\"><em>Sonate pour violon et piano<\/em><\/a><em>,<\/em> ainsi que son <a rel=\"noreferrer noopener\" href=\"https:\/\/www.youtube.com\/results?search_query=c%C3%A9sar+franck+organ+works&amp;sp=EgIYAg%253D%253D\" target=\"_blank\">\u0153uvre pour orgue<\/a>.<\/p>\n\n\n\n<hr class=\"wp-block-separator has-css-opacity\"\/>\n\n\n\n<p class=\"has-large-font-size\" style=\"line-height:1\"><strong>Quelques liens pour en savoir plus&nbsp;:<\/strong><\/p>\n\n\n\n<ul class=\"wp-block-list\">\n<li>Sur <a href=\"https:\/\/classic-intro.net\/introductionalamusique\/compositeurs\/Franck.html\" target=\"_blank\" rel=\"noreferrer noopener\">classic-intro.net<\/a><\/li>\n\n\n\n<li>Une <a rel=\"noreferrer noopener\" href=\"https:\/\/www.larousse.fr\/encyclopedie\/musdico\/Franck\/167715\" target=\"_blank\">Biographie sur Larousse<\/a><\/li>\n\n\n\n<li>Le  <a rel=\"noreferrer noopener\" href=\"https:\/\/www.musiqueorguequebec.ca\/catal\/franck\/frac.html\" target=\"_blank\">Catalogue&nbsp; C\u00e9sar Franc<\/a>k<\/li>\n<\/ul>\n\n\n\n<p><\/p>\n","protected":false},"excerpt":{"rendered":"<p>Cette ann\u00e9e 2022 marque le bicentenaire de la naissance de C\u00e9sar Franck, n\u00e9 le 10 d\u00e9cembre 1822. La deuxi\u00e8me moiti\u00e9 du 19e si\u00e8cle voit l\u2019apparition de 2 courants musicaux principaux&nbsp;:&#8211;&nbsp;&nbsp;Un courant post-wagn\u00e9rien repr\u00e9sent\u00e9 par C\u00e9sar Franck et ses \u00e9l\u00e8ves Vincent d\u2019Indy, Ernest Chausson, Henri Duparc, ainsi que par Emmanuel Chabrier et Alb\u00e9ric Magnard.&#8211;&nbsp;&nbsp;Un courant plus &hellip; <\/p>\n<p><a class=\"more-link btn\" href=\"https:\/\/ritmy.fr\/essais\/2022-franck\/\">Lire la suite<\/a><\/p>\n","protected":false},"author":5,"featured_media":27699,"comment_status":"closed","ping_status":"closed","sticky":true,"template":"","format":"standard","meta":{"footnotes":""},"categories":[1],"tags":[],"class_list":["post-27697","post","type-post","status-publish","format-standard","has-post-thumbnail","hentry","category-ritmy","nodate","item-wrap"],"_links":{"self":[{"href":"https:\/\/ritmy.fr\/essais\/wp-json\/wp\/v2\/posts\/27697","targetHints":{"allow":["GET"]}}],"collection":[{"href":"https:\/\/ritmy.fr\/essais\/wp-json\/wp\/v2\/posts"}],"about":[{"href":"https:\/\/ritmy.fr\/essais\/wp-json\/wp\/v2\/types\/post"}],"author":[{"embeddable":true,"href":"https:\/\/ritmy.fr\/essais\/wp-json\/wp\/v2\/users\/5"}],"replies":[{"embeddable":true,"href":"https:\/\/ritmy.fr\/essais\/wp-json\/wp\/v2\/comments?post=27697"}],"version-history":[{"count":12,"href":"https:\/\/ritmy.fr\/essais\/wp-json\/wp\/v2\/posts\/27697\/revisions"}],"predecessor-version":[{"id":28017,"href":"https:\/\/ritmy.fr\/essais\/wp-json\/wp\/v2\/posts\/27697\/revisions\/28017"}],"wp:featuredmedia":[{"embeddable":true,"href":"https:\/\/ritmy.fr\/essais\/wp-json\/wp\/v2\/media\/27699"}],"wp:attachment":[{"href":"https:\/\/ritmy.fr\/essais\/wp-json\/wp\/v2\/media?parent=27697"}],"wp:term":[{"taxonomy":"category","embeddable":true,"href":"https:\/\/ritmy.fr\/essais\/wp-json\/wp\/v2\/categories?post=27697"},{"taxonomy":"post_tag","embeddable":true,"href":"https:\/\/ritmy.fr\/essais\/wp-json\/wp\/v2\/tags?post=27697"}],"curies":[{"name":"wp","href":"https:\/\/api.w.org\/{rel}","templated":true}]}}