{"id":26703,"date":"2021-12-14T14:55:33","date_gmt":"2021-12-14T13:55:33","guid":{"rendered":"https:\/\/ritmy.fr\/essais\/?p=26703"},"modified":"2021-12-18T12:21:56","modified_gmt":"2021-12-18T11:21:56","slug":"uskudar","status":"publish","type":"post","link":"https:\/\/ritmy.fr\/essais\/uskudar\/","title":{"rendered":"Ils sont all\u00e9s \u00e0 \u00ab USKUDAR \u00bb !"},"content":{"rendered":"\n<script language=\"Javascript\">\n<!--\nfunction isMobileDevice() \n{ \nif (\/Mobil\/i.test(navigator.userAgent))\n  {\n  window.open(\"https:\/\/ritmy.fr\/essais\/uskudar-mobile\/\", \"_top\");\n  }\n}\n\/\/-->\n<\/script>\n<script type=\"text\/javascript\">isMobileDevice()<\/script>\n\n\n\n<p class=\"has-large-font-size\">Belle affluence ce dimanche 12 d\u00e9cembre \u00e0 RICHEBOURG, pour un voyage insolite et r\u00e9jouissant.<\/p>\n\n\n\n<div class=\"wp-block-image\"><figure class=\"aligncenter size-large\"><img loading=\"lazy\" decoding=\"async\" width=\"1000\" height=\"398\" src=\"https:\/\/ritmy.fr\/essais\/wp-content\/uploads\/2021\/12\/aman-1-1000x398.jpg\" alt=\"\" class=\"wp-image-26705\" srcset=\"https:\/\/ritmy.fr\/essais\/wp-content\/uploads\/2021\/12\/aman-1-1000x398.jpg 1000w, https:\/\/ritmy.fr\/essais\/wp-content\/uploads\/2021\/12\/aman-1-300x119.jpg 300w, https:\/\/ritmy.fr\/essais\/wp-content\/uploads\/2021\/12\/aman-1-768x305.jpg 768w, https:\/\/ritmy.fr\/essais\/wp-content\/uploads\/2021\/12\/aman-1-803x319.jpg 803w, https:\/\/ritmy.fr\/essais\/wp-content\/uploads\/2021\/12\/aman-1.jpg 1200w\" sizes=\"auto, (max-width: 1000px) 100vw, 1000px\" \/><\/figure><\/div>\n\n\n\n<p class=\"has-large-font-size\">Pour la reprise de ces 32<sup>\u00e8mes<\/sup> Saisons Musicales, RITMY avait convi\u00e9 son fid\u00e8le public \u00e0 un d\u00e9paysement total, gr\u00e2ce \u00e0 ce remarquable ensemble (\u00ab&nbsp;Les oreilles d\u2019AMAN&nbsp;\u00bb) qui a litt\u00e9ralement enthousiasm\u00e9 l\u2019assistance, avec des rythmes envo\u00fbtants, aux origines de la musique KLEZMER.<\/p>\n\n\n\n<p class=\"has-large-font-size\">De quoi donner une furieuse envie de d\u00e9couvrir ce quartier d\u2019ISTANBOUL (\u00ab&nbsp;USKUDAR&nbsp;\u00bb), et l\u2019on se prend \u00e0 r\u00eaver de ces harmonies si particuli\u00e8res.<\/p>\n\n\n\n<p class=\"has-large-font-size\">Pendant plus d\u2019une heure trente, l\u2019\u00e9l\u00e9gance classique, la \u00ab&nbsp;folie&nbsp;\u00bb tzigane, l\u2019imagination orientale et une \u00e9poustouflante spontan\u00e9it\u00e9 dans l\u2019improvisation ont \u00e9t\u00e9 au rendez-vous de ce concert, que nous avons tant attendu, apr\u00e8s plus d\u2019un an et demi d\u2019interruption due aux restrictions et annulations en s\u00e9rie.<\/p>\n\n\n\n<div class=\"wp-block-columns is-layout-flex wp-container-core-columns-is-layout-9d6595d7 wp-block-columns-is-layout-flex\">\n<div class=\"wp-block-column is-layout-flow wp-block-column-is-layout-flow\">\n<figure class=\"wp-block-image size-large\"><img loading=\"lazy\" decoding=\"async\" width=\"750\" height=\"1000\" src=\"https:\/\/ritmy.fr\/essais\/wp-content\/uploads\/2021\/12\/aman-2b-1-750x1000.jpg\" alt=\"\" class=\"wp-image-26736\" srcset=\"https:\/\/ritmy.fr\/essais\/wp-content\/uploads\/2021\/12\/aman-2b-1-750x1000.jpg 750w, https:\/\/ritmy.fr\/essais\/wp-content\/uploads\/2021\/12\/aman-2b-1-225x300.jpg 225w, https:\/\/ritmy.fr\/essais\/wp-content\/uploads\/2021\/12\/aman-2b-1-768x1024.jpg 768w, https:\/\/ritmy.fr\/essais\/wp-content\/uploads\/2021\/12\/aman-2b-1-803x1071.jpg 803w, https:\/\/ritmy.fr\/essais\/wp-content\/uploads\/2021\/12\/aman-2b-1.jpg 900w\" sizes=\"auto, (max-width: 750px) 100vw, 750px\" \/><figcaption>L\u00e9a Platini<\/figcaption><\/figure>\n<\/div>\n\n\n\n<div class=\"wp-block-column is-layout-flow wp-block-column-is-layout-flow\">\n<figure class=\"wp-block-image size-large\"><img loading=\"lazy\" decoding=\"async\" width=\"750\" height=\"1000\" src=\"https:\/\/ritmy.fr\/essais\/wp-content\/uploads\/2021\/12\/aman-5c-1-750x1000.jpg\" alt=\"\" class=\"wp-image-26737\" srcset=\"https:\/\/ritmy.fr\/essais\/wp-content\/uploads\/2021\/12\/aman-5c-1-750x1000.jpg 750w, https:\/\/ritmy.fr\/essais\/wp-content\/uploads\/2021\/12\/aman-5c-1-225x300.jpg 225w, https:\/\/ritmy.fr\/essais\/wp-content\/uploads\/2021\/12\/aman-5c-1-768x1024.jpg 768w, https:\/\/ritmy.fr\/essais\/wp-content\/uploads\/2021\/12\/aman-5c-1-803x1071.jpg 803w, https:\/\/ritmy.fr\/essais\/wp-content\/uploads\/2021\/12\/aman-5c-1.jpg 900w\" sizes=\"auto, (max-width: 750px) 100vw, 750px\" \/><figcaption> Lionel ROMIEU <\/figcaption><\/figure>\n<\/div>\n<\/div>\n\n\n\n<p class=\"has-large-font-size\"> Sous la direction de L\u00e9a PLATINI (clarinette et chant, l\u2019\u00e2me fondatrice de cet ensemble), cinq autres talentueux musiciens&nbsp;: Mathilde DUPUCH (accord\u00e9on), Jacotte RECOLIN (violon), Thomas BOURGEOIS (percussions), Lionel ROMIEU (trompette et oud), et Arthur RENDU (contrebasse). \u00ab&nbsp;Les oreilles d\u2019AMAN&nbsp;\u00bb nous ont transport\u00e9s en ces contr\u00e9es \u00e0 la fois proches et lointaines. Musique Yiddish, le KLEZMER offre des envol\u00e9es endiabl\u00e9es ou nostalgiques autour de ces peuples nomades, juifs ASHKENASE, qui ont sillonn\u00e9 pendant des si\u00e8cles l\u2019Europe de l\u2019Est.  <\/p>\n\n\n\n<div class=\"wp-block-columns is-layout-flex wp-container-core-columns-is-layout-9d6595d7 wp-block-columns-is-layout-flex\">\n<div class=\"wp-block-column is-layout-flow wp-block-column-is-layout-flow\">\n<figure class=\"wp-block-image size-large\"><img loading=\"lazy\" decoding=\"async\" width=\"1000\" height=\"750\" src=\"https:\/\/ritmy.fr\/essais\/wp-content\/uploads\/2021\/12\/aman-3a-1000x750.jpg\" alt=\"\" class=\"wp-image-26708\" srcset=\"https:\/\/ritmy.fr\/essais\/wp-content\/uploads\/2021\/12\/aman-3a-1000x750.jpg 1000w, https:\/\/ritmy.fr\/essais\/wp-content\/uploads\/2021\/12\/aman-3a-300x225.jpg 300w, https:\/\/ritmy.fr\/essais\/wp-content\/uploads\/2021\/12\/aman-3a-768x576.jpg 768w, https:\/\/ritmy.fr\/essais\/wp-content\/uploads\/2021\/12\/aman-3a-803x602.jpg 803w, https:\/\/ritmy.fr\/essais\/wp-content\/uploads\/2021\/12\/aman-3a.jpg 1200w\" sizes=\"auto, (max-width: 1000px) 100vw, 1000px\" \/><figcaption> Mathilde DUPUCH <\/figcaption><\/figure>\n<\/div>\n\n\n\n<div class=\"wp-block-column is-layout-flow wp-block-column-is-layout-flow\">\n<figure class=\"wp-block-image size-large\"><img loading=\"lazy\" decoding=\"async\" width=\"1000\" height=\"750\" src=\"https:\/\/ritmy.fr\/essais\/wp-content\/uploads\/2021\/12\/aman-6-1000x750.jpg\" alt=\"\" class=\"wp-image-26713\" srcset=\"https:\/\/ritmy.fr\/essais\/wp-content\/uploads\/2021\/12\/aman-6-1000x750.jpg 1000w, https:\/\/ritmy.fr\/essais\/wp-content\/uploads\/2021\/12\/aman-6-300x225.jpg 300w, https:\/\/ritmy.fr\/essais\/wp-content\/uploads\/2021\/12\/aman-6-768x576.jpg 768w, https:\/\/ritmy.fr\/essais\/wp-content\/uploads\/2021\/12\/aman-6-803x602.jpg 803w, https:\/\/ritmy.fr\/essais\/wp-content\/uploads\/2021\/12\/aman-6.jpg 1200w\" sizes=\"auto, (max-width: 1000px) 100vw, 1000px\" \/><figcaption> Thomas BOURGEOIS <\/figcaption><\/figure>\n<\/div>\n<\/div>\n\n\n\n<div class=\"wp-block-columns is-layout-flex wp-container-core-columns-is-layout-9d6595d7 wp-block-columns-is-layout-flex\">\n<div class=\"wp-block-column is-layout-flow wp-block-column-is-layout-flow\">\n<figure class=\"wp-block-image size-large\"><img loading=\"lazy\" decoding=\"async\" width=\"1000\" height=\"750\" src=\"https:\/\/ritmy.fr\/essais\/wp-content\/uploads\/2021\/12\/aman-4-1000x750.jpg\" alt=\"\" class=\"wp-image-26710\" srcset=\"https:\/\/ritmy.fr\/essais\/wp-content\/uploads\/2021\/12\/aman-4-1000x750.jpg 1000w, https:\/\/ritmy.fr\/essais\/wp-content\/uploads\/2021\/12\/aman-4-300x225.jpg 300w, https:\/\/ritmy.fr\/essais\/wp-content\/uploads\/2021\/12\/aman-4-768x576.jpg 768w, https:\/\/ritmy.fr\/essais\/wp-content\/uploads\/2021\/12\/aman-4-803x602.jpg 803w, https:\/\/ritmy.fr\/essais\/wp-content\/uploads\/2021\/12\/aman-4.jpg 1200w\" sizes=\"auto, (max-width: 1000px) 100vw, 1000px\" \/><figcaption> Jacotte RECOLIN <\/figcaption><\/figure>\n<\/div>\n\n\n\n<div class=\"wp-block-column is-layout-flow wp-block-column-is-layout-flow\">\n<figure class=\"wp-block-image size-large\"><img loading=\"lazy\" decoding=\"async\" width=\"1000\" height=\"750\" src=\"https:\/\/ritmy.fr\/essais\/wp-content\/uploads\/2021\/12\/aman-7-1000x750.jpg\" alt=\"\" class=\"wp-image-26714\" srcset=\"https:\/\/ritmy.fr\/essais\/wp-content\/uploads\/2021\/12\/aman-7-1000x750.jpg 1000w, https:\/\/ritmy.fr\/essais\/wp-content\/uploads\/2021\/12\/aman-7-300x225.jpg 300w, https:\/\/ritmy.fr\/essais\/wp-content\/uploads\/2021\/12\/aman-7-768x576.jpg 768w, https:\/\/ritmy.fr\/essais\/wp-content\/uploads\/2021\/12\/aman-7-803x602.jpg 803w, https:\/\/ritmy.fr\/essais\/wp-content\/uploads\/2021\/12\/aman-7.jpg 1200w\" sizes=\"auto, (max-width: 1000px) 100vw, 1000px\" \/><figcaption> Arthur RENDU <\/figcaption><\/figure>\n<\/div>\n<\/div>\n\n\n\n<p class=\"has-large-font-size\">Le public venu \u00e0 RICHEBOURG, apr\u00e8s avoir vibr\u00e9 \u00e0 ces harmonies magnifiquement mises en valeur par les artistes et leurs instruments, a r\u00e9serv\u00e9 une v\u00e9ritable ovation aux six musiciens, qui n\u2019ont pas h\u00e9sit\u00e9 \u00e0 offrir un superbe \u00ab&nbsp;bis&nbsp;\u00bb, avant de d\u00e9dicacer leur CD, et d\u2019enregistrer de nombreuses commandes quand le stock a \u00e9t\u00e9 \u00e9puis\u00e9.<\/p>\n\n\n\n<div class=\"wp-block-image\"><figure class=\"aligncenter size-large\"><img loading=\"lazy\" decoding=\"async\" width=\"1000\" height=\"578\" src=\"https:\/\/ritmy.fr\/essais\/wp-content\/uploads\/2021\/12\/aman-8-1000x578.jpg\" alt=\"\" class=\"wp-image-26715\" srcset=\"https:\/\/ritmy.fr\/essais\/wp-content\/uploads\/2021\/12\/aman-8-1000x578.jpg 1000w, https:\/\/ritmy.fr\/essais\/wp-content\/uploads\/2021\/12\/aman-8-300x174.jpg 300w, https:\/\/ritmy.fr\/essais\/wp-content\/uploads\/2021\/12\/aman-8-768x444.jpg 768w, https:\/\/ritmy.fr\/essais\/wp-content\/uploads\/2021\/12\/aman-8-803x464.jpg 803w, https:\/\/ritmy.fr\/essais\/wp-content\/uploads\/2021\/12\/aman-8.jpg 1200w\" sizes=\"auto, (max-width: 1000px) 100vw, 1000px\" \/><\/figure><\/div>\n\n\n\n<hr class=\"wp-block-separator\"\/>\n\n\n\n<p class=\"has-large-font-size\"> Pour rester dans l\u2019atmosph\u00e8re KLEZMER,  voici la pr\u00e9sentation de leur spectacle  :<\/p>\n\n\n\n<figure class=\"wp-block-embed is-type-video is-provider-youtube wp-block-embed-youtube wp-embed-aspect-16-9 wp-has-aspect-ratio\"><div class=\"wp-block-embed__wrapper\">\n<iframe loading=\"lazy\" title=\"En Allant \u00e0 Uskudar - Les Oreilles d&#039;Aman ( teaser spectacle 2018)\" width=\"803\" height=\"452\" src=\"https:\/\/www.youtube.com\/embed\/mh7KtdRPobE?feature=oembed\" frameborder=\"0\" allow=\"accelerometer; autoplay; clipboard-write; encrypted-media; gyroscope; picture-in-picture\" allowfullscreen><\/iframe>\n<\/div><\/figure>\n\n\n\n<p class=\"has-large-font-size\">Et un extrait de leur Album \u00ab\u00a0En allant \u00e0 Uskudar\u00a0\u00bb :<\/p>\n\n\n\n<figure class=\"wp-block-embed is-type-video is-provider-youtube wp-block-embed-youtube wp-embed-aspect-16-9 wp-has-aspect-ratio\"><div class=\"wp-block-embed__wrapper\">\n<iframe loading=\"lazy\" title=\"Extrait de l&#039;album &quot;En Allant \u00e0 Uskudar&quot;\" width=\"803\" height=\"452\" src=\"https:\/\/www.youtube.com\/embed\/FPvAnfBmLFw?feature=oembed\" frameborder=\"0\" allow=\"accelerometer; autoplay; clipboard-write; encrypted-media; gyroscope; picture-in-picture\" allowfullscreen><\/iframe>\n<\/div><\/figure>\n\n\n\n<p class=\"has-vivid-cyan-blue-color has-text-color has-large-font-size\"><strong>Prochain rendez-vous de RITMY, le dimanche 16 janvier 2022, \u00e9glise St Nicolas de NEAUPHLE-LE-CH\u00c2TEAU (17h), pour un duo de piano \u00e0 deux et quatre mains, avec Audrey LONCA-ALBERTO et Paolo RIGUTTO. <\/strong><\/p>\n\n\n\n<p class=\"has-large-font-size\"><strong>Toutes les informations dans cet <em><a href=\"https:\/\/ritmy.fr\/essais\/concerts-2\/concerts-32eme-saison-2-mobile\/a-lonca-alberto-et-p-rigutto-a-neauphle\/\" target=\"_blank\" rel=\"noreferrer noopener\">AR<\/a><\/em><\/strong><em><strong><a href=\"https:\/\/ritmy.fr\/essais\/concerts-2\/concerts-32eme-saison-2-mobile\/a-lonca-alberto-et-p-rigutto-a-neauphle\/\" target=\"_blank\" rel=\"noreferrer noopener\">TICL<\/a><\/strong><\/em><strong><em><a href=\"https:\/\/ritmy.fr\/essais\/concerts-2\/concerts-32eme-saison-2-mobile\/a-lonca-alberto-et-p-rigutto-a-neauphle\/\" target=\"_blank\" rel=\"noreferrer noopener\">E<\/a><\/em><\/strong>.<\/p>\n\n\n\n<p class=\"has-vivid-cyan-blue-color has-text-color has-large-font-size\"><strong>Pensez \u00e0 r\u00e9server, et\u2026abonnez-vous\u00a0!<\/strong><\/p>\n","protected":false},"excerpt":{"rendered":"<p>Belle affluence ce dimanche 12 d\u00e9cembre \u00e0 RICHEBOURG, pour un voyage insolite et r\u00e9jouissant. Pour la reprise de ces 32\u00e8mes Saisons Musicales, RITMY avait convi\u00e9 son fid\u00e8le public \u00e0 un d\u00e9paysement total, gr\u00e2ce \u00e0 ce remarquable ensemble (\u00ab&nbsp;Les oreilles d\u2019AMAN&nbsp;\u00bb) qui a litt\u00e9ralement enthousiasm\u00e9 l\u2019assistance, avec des rythmes envo\u00fbtants, aux origines de la musique KLEZMER. &hellip; <\/p>\n<p><a class=\"more-link btn\" href=\"https:\/\/ritmy.fr\/essais\/uskudar\/\">Lire la suite<\/a><\/p>\n","protected":false},"author":5,"featured_media":26621,"comment_status":"closed","ping_status":"closed","sticky":true,"template":"","format":"standard","meta":{"footnotes":""},"categories":[3,1],"tags":[],"class_list":["post-26703","post","type-post","status-publish","format-standard","has-post-thumbnail","hentry","category-les-oeuvres","category-ritmy","nodate","item-wrap"],"_links":{"self":[{"href":"https:\/\/ritmy.fr\/essais\/wp-json\/wp\/v2\/posts\/26703","targetHints":{"allow":["GET"]}}],"collection":[{"href":"https:\/\/ritmy.fr\/essais\/wp-json\/wp\/v2\/posts"}],"about":[{"href":"https:\/\/ritmy.fr\/essais\/wp-json\/wp\/v2\/types\/post"}],"author":[{"embeddable":true,"href":"https:\/\/ritmy.fr\/essais\/wp-json\/wp\/v2\/users\/5"}],"replies":[{"embeddable":true,"href":"https:\/\/ritmy.fr\/essais\/wp-json\/wp\/v2\/comments?post=26703"}],"version-history":[{"count":27,"href":"https:\/\/ritmy.fr\/essais\/wp-json\/wp\/v2\/posts\/26703\/revisions"}],"predecessor-version":[{"id":26843,"href":"https:\/\/ritmy.fr\/essais\/wp-json\/wp\/v2\/posts\/26703\/revisions\/26843"}],"wp:featuredmedia":[{"embeddable":true,"href":"https:\/\/ritmy.fr\/essais\/wp-json\/wp\/v2\/media\/26621"}],"wp:attachment":[{"href":"https:\/\/ritmy.fr\/essais\/wp-json\/wp\/v2\/media?parent=26703"}],"wp:term":[{"taxonomy":"category","embeddable":true,"href":"https:\/\/ritmy.fr\/essais\/wp-json\/wp\/v2\/categories?post=26703"},{"taxonomy":"post_tag","embeddable":true,"href":"https:\/\/ritmy.fr\/essais\/wp-json\/wp\/v2\/tags?post=26703"}],"curies":[{"name":"wp","href":"https:\/\/api.w.org\/{rel}","templated":true}]}}