{"id":26185,"date":"2021-08-15T11:02:00","date_gmt":"2021-08-15T10:02:00","guid":{"rendered":"https:\/\/ritmy.fr\/essais\/?p=26185"},"modified":"2023-04-18T16:13:45","modified_gmt":"2023-04-18T15:13:45","slug":"32emes-saisons-musicales-2021-2022","status":"publish","type":"post","link":"https:\/\/ritmy.fr\/essais\/32emes-saisons-musicales-2021-2022\/","title":{"rendered":"&nbsp;&nbsp;32\u00e8mes Saisons Musicales 2021-2022"},"content":{"rendered":"\n<p>Diaporama-7<\/p>\n\n\n\n<p class=\"has-text-align-center has-large-font-size has-vivid-cyan-blue-color has-text-color has-larger-font-size\" style=\"line-height:1.5\"><strong><strong><strong><strong><strong><strong><strong>Magali L\u00c9GER et l&rsquo;Ensemble RosaSolis <\/strong>&#8211;<em>\u00ab\u00a0Le Passioni dell&rsquo;Anima\u00a0\u00bb<\/em><\/strong><\/strong><\/strong><\/strong><\/strong><br><\/strong><span class=\"has-text-align-center has-large-font-size\"><strong><strong><strong><strong><strong><strong><strong>HOUDAN &#8211; Dimanche 15 mai 2022, \u00e0 17h, \u00e9glise Saint-Jacques<\/strong><\/strong><\/strong><\/strong><\/strong><\/strong><\/strong><\/span><\/p>\n\n\n\n<p class=\"has-large-font-size\" id=\"block-4ff411e6-e6ea-4b33-9eae-a494120fdbfe\">La soprano Magali L\u00c9GER est une habitu\u00e9e des plus grandes sc\u00e8nes de concert et d&rsquo;op\u00e9ra dans le monde, o\u00f9 elle aborde aussi bien le r\u00e9pertoire baroque et la cr\u00e9ation contemporaine que les chefs-d\u2019\u0153uvre classiques et romantiques. <br>L&rsquo;<strong>Ensemble RosaSolis<\/strong> se consacre \u00e0 la musique vocale et instrumentale des XVIIe et XVIIIe si\u00e8cles, ses membres collaborent avec les plus prestigieux ensembles de musique ancienne europ\u00e9ens. <strong><br>Magali L\u00c9GER<\/strong> est leur principale partenaire &lsquo;vocale&rsquo;, explorant avec charme et talent l\u2019univers du r\u00e9pertoire baroque<\/p>\n\n\n\n<div class=\"wp-block-media-text is-stacked-on-mobile\"><figure class=\"wp-block-media-text__media\"><img decoding=\"async\" src=\"https:\/\/ritmy.fr\/essais\/wp-content\/uploads\/2020\/05\/MAGALI_0123-copie-1000x750.jpg\" alt=\"\"\/><\/figure><div class=\"wp-block-media-text__content\">\n<p class=\"has-large-font-size\">Pour notre concert, <strong>Magali L\u00c9GER<\/strong>&nbsp;(\u00e0 gauche) sera accompagn\u00e9e par <strong>Julie Blais <\/strong>au clavecin et <strong>Nicolas Crnanjski<\/strong> au violoncelle. <br>Leurs interpr\u00e9tations sinc\u00e8res, vivantes et sensuelles ont su, au fil des ann\u00e9es, gagner l\u2019estime et la confiance de nombreux festivals et de leurs publics.<\/p>\n\n\n\n<p class=\"has-large-font-size\">Ils nous proposent <em>\u00ab\u00a0La Passion de l&rsquo;\u00c2me\u00a0\u00bb<\/em>, des cantates de Haendel, sonates de Vivaldi pour violoncelle et clavecin, et pi\u00e8ces instrumentales de J.S. Bach.<\/p>\n<\/div><\/div>\n\n\n\n<p class=\"has-text-align-left has-large-font-size\" id=\"block-80ebcfd9-3b93-467e-9764-92827dd9bea3\">D\u00e9couvrez-les avec cette <em><a rel=\"noreferrer noopener\" href=\"https:\/\/www.youtube.com\/watch?v=xGYgkUNoQOU\" target=\"_blank\"><strong>vid\u00e9o<\/strong><\/a><\/em>, ainsi que Magali L\u00e9ger sur <strong><em><a rel=\"noreferrer noopener\" href=\"http:\/\/www.magalileger.fr\/\" target=\"_blank\">son site<\/a><\/em><\/strong> et l&rsquo;Ensemble Rosasolis sur <strong><em><a rel=\"noreferrer noopener\" href=\"https:\/\/www.musicora.com\/fr\/rosasolis\" target=\"_blank\">cette page<\/a><\/em><\/strong>.<\/p>\n\n\n\n<p class=\"has-large-font-size\">Plus de d\u00e9tails sur ce concert sur <strong><em><a href=\"https:\/\/ritmy.fr\/essais\/concerts-2\/concerts-32eme-saison-2-mobile\/magali-leger\/\" target=\"_blank\" rel=\"noreferrer noopener\">cette page<\/a><\/em><\/strong> <\/p>\n","protected":false},"excerpt":{"rendered":"<p>&nbsp;<br \/>\n&nbsp;<br \/>\n&nbsp;<br \/>\n&nbsp;<br \/>\n&nbsp;<br \/>\nMagali L\u00c9GER et l\u2019Ensemble RosaSolis \u2013\u00ab Le Passioni dell\u2019Anima \u00bb<br \/>\nHOUDAN \u2013 Dimanche 15 mai 2022, \u00e0 17h, \u00e9glise Saint-Jacques<\/p><p><a class=\"more-link btn\" href=\"https:\/\/ritmy.fr\/essais\/32emes-saisons-musicales-2021-2022\/\">Lire la suite<\/a><\/p>\n","protected":false},"author":5,"featured_media":22275,"comment_status":"closed","ping_status":"closed","sticky":false,"template":"","format":"standard","meta":{"footnotes":""},"categories":[1],"tags":[],"class_list":["post-26185","post","type-post","status-publish","format-standard","has-post-thumbnail","hentry","category-ritmy","nodate","item-wrap"],"_links":{"self":[{"href":"https:\/\/ritmy.fr\/essais\/wp-json\/wp\/v2\/posts\/26185","targetHints":{"allow":["GET"]}}],"collection":[{"href":"https:\/\/ritmy.fr\/essais\/wp-json\/wp\/v2\/posts"}],"about":[{"href":"https:\/\/ritmy.fr\/essais\/wp-json\/wp\/v2\/types\/post"}],"author":[{"embeddable":true,"href":"https:\/\/ritmy.fr\/essais\/wp-json\/wp\/v2\/users\/5"}],"replies":[{"embeddable":true,"href":"https:\/\/ritmy.fr\/essais\/wp-json\/wp\/v2\/comments?post=26185"}],"version-history":[{"count":2,"href":"https:\/\/ritmy.fr\/essais\/wp-json\/wp\/v2\/posts\/26185\/revisions"}],"predecessor-version":[{"id":26772,"href":"https:\/\/ritmy.fr\/essais\/wp-json\/wp\/v2\/posts\/26185\/revisions\/26772"}],"wp:featuredmedia":[{"embeddable":true,"href":"https:\/\/ritmy.fr\/essais\/wp-json\/wp\/v2\/media\/22275"}],"wp:attachment":[{"href":"https:\/\/ritmy.fr\/essais\/wp-json\/wp\/v2\/media?parent=26185"}],"wp:term":[{"taxonomy":"category","embeddable":true,"href":"https:\/\/ritmy.fr\/essais\/wp-json\/wp\/v2\/categories?post=26185"},{"taxonomy":"post_tag","embeddable":true,"href":"https:\/\/ritmy.fr\/essais\/wp-json\/wp\/v2\/tags?post=26185"}],"curies":[{"name":"wp","href":"https:\/\/api.w.org\/{rel}","templated":true}]}}