{"id":26120,"date":"2021-08-19T11:17:23","date_gmt":"2021-08-19T10:17:23","guid":{"rendered":"https:\/\/ritmy.fr\/essais\/?p=26120"},"modified":"2023-03-13T19:29:22","modified_gmt":"2023-03-13T18:29:22","slug":"anniversaire-de-saint-saens","status":"publish","type":"post","link":"https:\/\/ritmy.fr\/essais\/anniversaire-de-saint-saens\/","title":{"rendered":"2021 Centenaire de la mort de Camille Saint-Sa\u00ebns"},"content":{"rendered":"\n<script language=\"Javascript\">\n<!--\nfunction isMobileDevice() \n{ \nif (\/Mobil\/i.test(navigator.userAgent))\n  {\n  window.open(\"https:\/\/ritmy.fr\/essais\/saint-saens-mobile\/\", \"_top\");\n  }\n}\n\/\/-->\n<\/script>\n<script type=\"text\/javascript\">isMobileDevice()<\/script>\n\n\n\n<p class=\"has-vivid-cyan-blue-color has-text-color has-large-font-size\"><strong>Cette ann\u00e9e 2021 marque le centenaire de la mort de Camille Saint-Sa\u00ebns, d\u00e9c\u00e9d\u00e9 le 16 d\u00e9cembre 1921.<\/strong><\/p>\n\n\n\n<p class=\"has-large-font-size\">Camille Saint-Sa\u00ebns a incarn\u00e9 \u00e0 son \u00e9poque un courant typiquement fran\u00e7ais, oppos\u00e9 au courant post-wagn\u00e9rien d\u2019alors, repr\u00e9sent\u00e9 essentiellement par C\u00e9sar Franck et ses \u00e9l\u00e8ves.<\/p>\n\n\n\n<div class=\"wp-block-media-text is-stacked-on-mobile is-vertically-aligned-center\" style=\"grid-template-columns:29% auto\"><figure class=\"wp-block-media-text__media\"><img loading=\"lazy\" decoding=\"async\" width=\"218\" height=\"309\" src=\"https:\/\/ritmy.fr\/essais\/wp-content\/uploads\/2021\/06\/image001.jpg\" alt=\"\" class=\"wp-image-26123 size-medium\" srcset=\"https:\/\/ritmy.fr\/essais\/wp-content\/uploads\/2021\/06\/image001.jpg 218w, https:\/\/ritmy.fr\/essais\/wp-content\/uploads\/2021\/06\/image001-212x300.jpg 212w\" sizes=\"auto, (max-width: 218px) 100vw, 218px\" \/><\/figure><div class=\"wp-block-media-text__content\">\n<p class=\"has-large-font-size\" style=\"line-height:1.5\">N\u00e9 \u00e0 Paris en 1835, il fut un enfant prodige qui donna son premier concert de pianiste \u00e0 l\u2019\u00e2ge de 11 ans, en 1846. <br>Il fut organiste \u00e0 l\u2019\u00e9glise Saint-Merri de 1853 \u00e0 1858, puis \u00e0 la Madeleine de 1858 \u00e0 1877.  <br>A partir de 1861, il fut professeur de piano \u00e0 l\u2019\u00e9cole Niedermeyer o\u00f9 il eut pour \u00e9l\u00e8ves Gabriel Faur\u00e9 et Andr\u00e9 Messager.<\/p>\n\n\n\n<p class=\"has-large-font-size\" style=\"line-height:1.5\">Son \u0153uvre, vaste et vari\u00e9e, comporte&nbsp;pr\u00e8s de 200 opus dont les plus c\u00e9l\u00e8bres sont son op\u00e9ra \u00ab&nbsp;Samson et Dalila&nbsp;\u00bb, sa symphonie n\u00b03 avec orgue, son po\u00e8me symphonique \u00ab&nbsp;la danse macabre&nbsp;\u00bb, ainsi que son 5\u00e8me concerto pour piano dit \u00ab&nbsp;L\u2019\u00c9gyptien&nbsp;\u00bb, qui n\u2019a rien d\u2019\u00e9gyptien dans le style mais fut tout simplement compos\u00e9 lors d\u2019un de ses nombreux voyages en \u00c9gypte.<\/p>\n<\/div><\/div>\n\n\n\n<div class=\"wp-block-columns is-layout-flex wp-container-core-columns-is-layout-9d6595d7 wp-block-columns-is-layout-flex\">\n<div class=\"wp-block-column is-layout-flow wp-block-column-is-layout-flow\" style=\"flex-basis:66.66%\">\n<p class=\"has-large-font-size\">Mais son \u0153uvre la plus c\u00e9l\u00e8bre est peut-\u00eatre sa suite symphonique \u00ab Le carnaval des animaux \u00bb dont il interdit, apr\u00e8s quelques concerts priv\u00e9s, toute ex\u00e9cution publique de son vivant, jugeant cette pi\u00e8ce peut-\u00eatre trop d\u00e9cal\u00e9e par rapport au reste de son \u0153uvre. Seul le c\u00e9l\u00e8bre \u00ab Cygne \u00bb eut l\u2019autorisation d\u2019\u00eatre jou\u00e9, pour le plus grand bonheur des violoncellistes.<\/p>\n<\/div>\n\n\n\n<div class=\"wp-block-column is-layout-flow wp-block-column-is-layout-flow\" style=\"flex-basis:33.33%\">\n<figure class=\"wp-block-embed is-type-rich is-provider-prise-en-charge-des-contenus-embarques wp-block-embed-prise-en-charge-des-contenus-embarques wp-embed-aspect-4-3 wp-has-aspect-ratio\"><div class=\"wp-block-embed__wrapper\">\n<iframe loading=\"lazy\" title=\"Saint Saens Le carnaval des animaux\" width=\"803\" height=\"602\" src=\"https:\/\/www.youtube.com\/embed\/Ic453kIwfU0?feature=oembed\" frameborder=\"0\" allow=\"accelerometer; autoplay; clipboard-write; encrypted-media; gyroscope; picture-in-picture\" allowfullscreen><\/iframe>\n<\/div><\/figure>\n<\/div>\n<\/div>\n\n\n\n<div class=\"wp-block-columns is-layout-flex wp-container-core-columns-is-layout-9d6595d7 wp-block-columns-is-layout-flex\">\n<div class=\"wp-block-column is-layout-flow wp-block-column-is-layout-flow\" style=\"flex-basis:33.33%\">\n<figure class=\"wp-block-embed is-type-video is-provider-youtube wp-block-embed-youtube wp-embed-aspect-4-3 wp-has-aspect-ratio\"><div class=\"wp-block-embed__wrapper\">\n<iframe loading=\"lazy\" title=\"Camille Saint-Sa\u00ebns : L&#039;Assassinat du Duc de Guise\" width=\"803\" height=\"602\" src=\"https:\/\/www.youtube.com\/embed\/gZf83WScs2w?feature=oembed\" frameborder=\"0\" allow=\"accelerometer; autoplay; clipboard-write; encrypted-media; gyroscope; picture-in-picture\" allowfullscreen><\/iframe>\n<\/div><\/figure>\n<\/div>\n\n\n\n<div class=\"wp-block-column is-layout-flow wp-block-column-is-layout-flow\" style=\"flex-basis:66.66%\">\n<p class=\"has-large-font-size\"><br>Ce qui est moins connu sans doute, c\u2019est que Saint-Sa\u00ebns, fut le premier compositeur de musique de film. Il composa en effet en 1908, la musique du film d&rsquo;Andr\u00e9 Calmettes et de Charles Le Bargy, \u00ab L\u2019Assassinat du duc de Guise \u00bb. Ce film \u00e9tait bien s\u00fbr muet, et la musique n\u2019\u00e9tant pas enregistr\u00e9e \u00e9tait jou\u00e9e directement lors des projections.<\/p>\n<\/div>\n<\/div>\n\n\n\n<p class=\"has-large-font-size\">L&rsquo;une de ses \u0153uvres les plus c\u00e9l\u00e8bres, \u00ab\u00a0La danse macabre\u00a0\u00bb, a fait l&rsquo;objet de nombreuses interpr\u00e9tations et variations. Nous vous proposons d&rsquo;en d\u00e9couvrir quelques unes ici : <a href=\"https:\/\/ritmy.fr\/essais\/danse-macabre\">La danse macabre dans tous ses \u00e9tats<\/a>.<\/p>\n\n\n\n<div class=\"wp-block-group\"><div class=\"wp-block-group__inner-container is-layout-flow wp-block-group-is-layout-flow\">\n<div class=\"wp-block-group\"><div class=\"wp-block-group__inner-container is-layout-flow wp-block-group-is-layout-flow\">\n<p class=\"has-large-font-size\"><strong><br>Quelques incontournables de Saint-Sa\u00ebns (cliquez pour \u00e9couter)&nbsp;:<\/strong><\/p>\n<\/div><\/div>\n\n\n\n<ul class=\"wp-block-list\">\n<li><a rel=\"noreferrer noopener\" href=\"https:\/\/youtu.be\/XHjpjDlba1o\" target=\"_blank\">Introduction et rondo capriccioso<\/a>, op.28&nbsp;pour violon et orchestre.<\/li>\n\n\n\n<li><a rel=\"noreferrer noopener\" href=\"https:\/\/youtu.be\/d8DG0xzwOf0\" target=\"_blank\">La danse macabre<\/a> pr\u00e9sent\u00e9e par J.F. Zygel.<\/li>\n\n\n\n<li><a rel=\"noreferrer noopener\" href=\"https:\/\/youtu.be\/IyFpZ5MZ7kk\" target=\"_blank\">L\u2019aquarium<\/a> (extrait du carnaval des animaux)<\/li>\n\n\n\n<li><a rel=\"noreferrer noopener\" href=\"https:\/\/youtu.be\/vNdsrHPCcCg\" target=\"_blank\">Le cygne<\/a> (extrait du carnaval des animaux)<\/li>\n\n\n\n<li><a rel=\"noreferrer noopener\" href=\"https:\/\/youtu.be\/cLHsxNUeL6Y\" target=\"_blank\">Danse bacchanale<\/a> (extrait de&nbsp;Samson et Dalila)<\/li>\n\n\n\n<li><a rel=\"noreferrer noopener\" href=\"https:\/\/youtu.be\/vQfPSbxXthw\" target=\"_blank\">Mon c\u0153ur s\u2019ouvre \u00e0 ta voix<\/a> (extrait de Samson et Dalila)<\/li>\n\n\n\n<li><a rel=\"noreferrer noopener\" href=\"https:\/\/youtu.be\/tVCvJZtzkqQ\" target=\"_blank\">Concerto pour piano n\u00b02<\/a><\/li>\n\n\n\n<li><a rel=\"noreferrer noopener\" href=\"https:\/\/youtu.be\/UgSN7Eix6qc?t=2102\" target=\"_blank\">Symphonie n\u00b03<\/a> avec orgue (finale)<\/li>\n<\/ul>\n\n\n\n<p><\/p>\n<\/div><\/div>\n\n\n\n<p><\/p>\n\n\n\n<p><\/p>\n\n\n\n<p class=\"has-large-font-size\"><strong>Quelques liens pour en savoir plus&nbsp;:<\/strong><\/p>\n\n\n\n<ul class=\"wp-block-list\">\n<li>sur <a href=\"http:\/\/classic-intro.net\/introductionalamusique\/compositeurs\/Saint-Saens.html\" target=\"_blank\" rel=\"noreferrer noopener\">classic-intro.net<\/a><\/li>\n\n\n\n<li>sur <a rel=\"noreferrer noopener\" href=\"https:\/\/fr.wikipedia.org\/wiki\/Camille_Saint-Sa%C3%ABns\" target=\"_blank\">wikip\u00e9dia<\/a><\/li>\n\n\n\n<li>sur <a rel=\"noreferrer noopener\" href=\"https:\/\/www.musicologie.org\/Biographies\/saint_saens_c.html\" target=\"_blank\">Musicologie<\/a><\/li>\n<\/ul>\n\n\n\n<p><\/p>\n","protected":false},"excerpt":{"rendered":"<p>Cette ann\u00e9e 2021 marque le centenaire de la mort de Camille Saint-Sa\u00ebns, d\u00e9c\u00e9d\u00e9 le 16 d\u00e9cembre 1921. Camille Saint-Sa\u00ebns a incarn\u00e9 \u00e0 son \u00e9poque un courant typiquement fran\u00e7ais, oppos\u00e9 au courant post-wagn\u00e9rien d\u2019alors, repr\u00e9sent\u00e9 essentiellement par C\u00e9sar Franck et ses \u00e9l\u00e8ves.<\/p><p><a class=\"more-link btn\" href=\"https:\/\/ritmy.fr\/essais\/anniversaire-de-saint-saens\/\">Lire la suite<\/a><\/p>\n","protected":false},"author":5,"featured_media":26303,"comment_status":"closed","ping_status":"closed","sticky":false,"template":"","format":"standard","meta":{"footnotes":""},"categories":[3,1],"tags":[],"class_list":["post-26120","post","type-post","status-publish","format-standard","has-post-thumbnail","hentry","category-les-oeuvres","category-ritmy","nodate","item-wrap"],"_links":{"self":[{"href":"https:\/\/ritmy.fr\/essais\/wp-json\/wp\/v2\/posts\/26120","targetHints":{"allow":["GET"]}}],"collection":[{"href":"https:\/\/ritmy.fr\/essais\/wp-json\/wp\/v2\/posts"}],"about":[{"href":"https:\/\/ritmy.fr\/essais\/wp-json\/wp\/v2\/types\/post"}],"author":[{"embeddable":true,"href":"https:\/\/ritmy.fr\/essais\/wp-json\/wp\/v2\/users\/5"}],"replies":[{"embeddable":true,"href":"https:\/\/ritmy.fr\/essais\/wp-json\/wp\/v2\/comments?post=26120"}],"version-history":[{"count":18,"href":"https:\/\/ritmy.fr\/essais\/wp-json\/wp\/v2\/posts\/26120\/revisions"}],"predecessor-version":[{"id":28011,"href":"https:\/\/ritmy.fr\/essais\/wp-json\/wp\/v2\/posts\/26120\/revisions\/28011"}],"wp:featuredmedia":[{"embeddable":true,"href":"https:\/\/ritmy.fr\/essais\/wp-json\/wp\/v2\/media\/26303"}],"wp:attachment":[{"href":"https:\/\/ritmy.fr\/essais\/wp-json\/wp\/v2\/media?parent=26120"}],"wp:term":[{"taxonomy":"category","embeddable":true,"href":"https:\/\/ritmy.fr\/essais\/wp-json\/wp\/v2\/categories?post=26120"},{"taxonomy":"post_tag","embeddable":true,"href":"https:\/\/ritmy.fr\/essais\/wp-json\/wp\/v2\/tags?post=26120"}],"curies":[{"name":"wp","href":"https:\/\/api.w.org\/{rel}","templated":true}]}}