{"id":25431,"date":"2021-04-06T10:32:16","date_gmt":"2021-04-06T09:32:16","guid":{"rendered":"https:\/\/ritmy.fr\/essais\/?p=25431"},"modified":"2023-03-13T19:30:00","modified_gmt":"2023-03-13T18:30:00","slug":"en-avril-a-paris","status":"publish","type":"post","link":"https:\/\/ritmy.fr\/essais\/en-avril-a-paris\/","title":{"rendered":"En avril \u00e0 Paris&#8230;"},"content":{"rendered":"\n<p class=\"has-large-font-size\"><strong>Kotaro FUKUMA nous envoie un message musical depuis le Japon&#8230; &#x1f3b6; <\/strong><\/p>\n\n\n\n<p style=\"font-size:17px\">(c&rsquo;\u00e9tait le 6 avril&#8230; 2020, peu apr\u00e8s son concert du 1er mars \u00e0 M\u00e9r\u00e9, qui est le dernier que nous ayons pu organiser &#8211; revoir le compte-rendu <strong><em><span style=\"text-decoration: underline;\"><a href=\"https:\/\/ritmy.fr\/essais\/kotaro-fukuma-appassionato\/\" target=\"_blank\" rel=\"noreferrer noopener\">ICI<\/a><\/span><\/em><\/strong>)<\/p>\n\n\n\n<figure class=\"wp-block-embed is-type-video is-provider-youtube wp-block-embed-youtube wp-embed-aspect-16-9 wp-has-aspect-ratio\"><div class=\"wp-block-embed__wrapper\">\n<iframe loading=\"lazy\" title=\"Trenet - Weissenberg : En Avril \u00e0 Paris \/ Kotaro Fukuma\" width=\"803\" height=\"452\" src=\"https:\/\/www.youtube.com\/embed\/Gqn8LLk5KUE?feature=oembed\" frameborder=\"0\" allow=\"accelerometer; autoplay; clipboard-write; encrypted-media; gyroscope; picture-in-picture\" allowfullscreen><\/iframe>\n<\/div><figcaption class=\"wp-element-caption\"><strong>Kotaro FUKUMA<\/strong><\/figcaption><\/figure>\n\n\n\n<p style=\"font-size:17px\"><strong><em>&lsquo;En avril \u00e0 Paris&rsquo;<\/em>,<\/strong> une chanson de Charles TRENET, arrang\u00e9e par Alexis WEISSENBERG.<\/p>\n\n\n\n<div style=\"height:5px\" aria-hidden=\"true\" class=\"wp-block-spacer\"><\/div>\n\n\n\n<div style=\"height:6px\" aria-hidden=\"true\" class=\"wp-block-spacer\"><\/div>\n","protected":false},"excerpt":{"rendered":"<p>Kotaro FUKUMA nous envoie un message musical depuis le Japon&#8230; &#x1f3b6; (c&rsquo;\u00e9tait le 6 avril&#8230; 2020, peu apr\u00e8s son concert du 1er mars \u00e0 M\u00e9r\u00e9, qui est le dernier que nous ayons pu organiser &#8211; revoir le compte-rendu ICI) &lsquo;En avril \u00e0 Paris&rsquo;, une chanson de Charles TRENET, arrang\u00e9e par Alexis WEISSENBERG.<\/p>\n","protected":false},"author":3,"featured_media":25442,"comment_status":"closed","ping_status":"closed","sticky":false,"template":"","format":"standard","meta":{"footnotes":""},"categories":[3,1],"tags":[55,54,12,386,385],"class_list":["post-25431","post","type-post","status-publish","format-standard","has-post-thumbnail","hentry","category-les-oeuvres","category-ritmy","tag-fukuma","tag-kotaro","tag-piano","tag-trenet","tag-weissenberg","nodate","item-wrap"],"_links":{"self":[{"href":"https:\/\/ritmy.fr\/essais\/wp-json\/wp\/v2\/posts\/25431","targetHints":{"allow":["GET"]}}],"collection":[{"href":"https:\/\/ritmy.fr\/essais\/wp-json\/wp\/v2\/posts"}],"about":[{"href":"https:\/\/ritmy.fr\/essais\/wp-json\/wp\/v2\/types\/post"}],"author":[{"embeddable":true,"href":"https:\/\/ritmy.fr\/essais\/wp-json\/wp\/v2\/users\/3"}],"replies":[{"embeddable":true,"href":"https:\/\/ritmy.fr\/essais\/wp-json\/wp\/v2\/comments?post=25431"}],"version-history":[{"count":12,"href":"https:\/\/ritmy.fr\/essais\/wp-json\/wp\/v2\/posts\/25431\/revisions"}],"predecessor-version":[{"id":28013,"href":"https:\/\/ritmy.fr\/essais\/wp-json\/wp\/v2\/posts\/25431\/revisions\/28013"}],"wp:featuredmedia":[{"embeddable":true,"href":"https:\/\/ritmy.fr\/essais\/wp-json\/wp\/v2\/media\/25442"}],"wp:attachment":[{"href":"https:\/\/ritmy.fr\/essais\/wp-json\/wp\/v2\/media?parent=25431"}],"wp:term":[{"taxonomy":"category","embeddable":true,"href":"https:\/\/ritmy.fr\/essais\/wp-json\/wp\/v2\/categories?post=25431"},{"taxonomy":"post_tag","embeddable":true,"href":"https:\/\/ritmy.fr\/essais\/wp-json\/wp\/v2\/tags?post=25431"}],"curies":[{"name":"wp","href":"https:\/\/api.w.org\/{rel}","templated":true}]}}