{"id":24172,"date":"2021-02-21T12:35:04","date_gmt":"2021-02-21T11:35:04","guid":{"rendered":"http:\/\/ritmy.fr\/essais\/?p=24172"},"modified":"2021-08-27T16:06:20","modified_gmt":"2021-08-27T15:06:20","slug":"propositions-de-concerts-en-ligne-2","status":"publish","type":"post","link":"https:\/\/ritmy.fr\/essais\/propositions-de-concerts-en-ligne-2\/","title":{"rendered":"Des propositions de concerts &lsquo;en ligne&rsquo; (n\u00b02)"},"content":{"rendered":"\n<p style=\"font-size:18px\">Durant cette longue p\u00e9riode o\u00f9 les m\u00e9lomanes sont priv\u00e9s de concert, ceux organis\u00e9s par RITMY et tous les autres, nous continuons \u00e0 vous proposer des <strong>concerts en ligne<\/strong>, en direct ou en replay. Des concerts qui sont \u00e0 venir, ou tr\u00e8s r\u00e9cents, et donc sans public.<\/p>\n\n\n\n<p>Bien s\u00fbr ce choix est subjectif, et n&rsquo;est qu&rsquo;une toute petite s\u00e9lection de ce qui est propos\u00e9 actuellement par les grandes salles de spectacles, ou relay\u00e9 par des sites internet comme ceux de Arte.tv, FranceMusique.fr &#8230;<\/p>\n\n\n\n<p>Nous avons s\u00e9lectionn\u00e9 des <strong>concerts ou \u00e9v\u00e8nements<\/strong> qui nous paraissent de grande qualit\u00e9 et devraient nous permettre de passer de tr\u00e8s beaux moments musicaux, chez soi&#8230; Nous vous invitons d&rsquo;ailleurs \u00e0 nous en sugg\u00e9rer d&rsquo;autres !<\/p>\n\n\n\n<p class=\"has-vivid-cyan-blue-color has-text-color\" style=\"font-size:18px\"><strong><span style=\"text-decoration: underline;\">Pour commencer, un tr\u00e8s beau film musical : <em>&lsquo;QUINTE &amp; SENS<\/em><\/span><\/strong><span style=\"text-decoration: underline;\"><strong><em>&lsquo;<\/em><\/strong><\/span><\/p>\n\n\n\n<div class=\"wp-block-media-text is-stacked-on-mobile is-vertically-aligned-center\" style=\"grid-template-columns:48% auto\"><figure class=\"wp-block-media-text__media\"><img loading=\"lazy\" decoding=\"async\" width=\"1000\" height=\"535\" src=\"https:\/\/ritmy.fr\/essais\/wp-content\/uploads\/2021\/02\/La-Philharmonie-de-Paris-1000x535.png\" alt=\"\" class=\"wp-image-24176 size-full\" srcset=\"https:\/\/ritmy.fr\/essais\/wp-content\/uploads\/2021\/02\/La-Philharmonie-de-Paris-1000x535.png 1000w, https:\/\/ritmy.fr\/essais\/wp-content\/uploads\/2021\/02\/La-Philharmonie-de-Paris-300x161.png 300w, https:\/\/ritmy.fr\/essais\/wp-content\/uploads\/2021\/02\/La-Philharmonie-de-Paris-768x411.png 768w, https:\/\/ritmy.fr\/essais\/wp-content\/uploads\/2021\/02\/La-Philharmonie-de-Paris-803x430.png 803w, https:\/\/ritmy.fr\/essais\/wp-content\/uploads\/2021\/02\/La-Philharmonie-de-Paris.png 1500w\" sizes=\"auto, (max-width: 1000px) 100vw, 1000px\" \/><\/figure><div class=\"wp-block-media-text__content\">\n<p class=\"has-vivid-cyan-blue-color has-text-color\" style=\"font-size:18px\"><strong><em>&lsquo;Quinte &amp; Sens<\/em>&lsquo;, une symphonie pour les \u00e9l\u00e9ments.<\/strong><\/p>\n\n\n\n<p><strong>Un film r\u00e9alis\u00e9 \u00e0 la Philharmonie de Paris, avec l&rsquo;Orchestre de Paris.<\/strong><\/p>\n<\/div><\/div>\n\n\n\n<p><strong>&lsquo;<\/strong><em><strong>Quinte &amp; Sens<\/strong><\/em><strong>&lsquo;<\/strong>&nbsp;est une vaste fresque musicale impressionniste inspir\u00e9e des quatre <strong>\u00e9l\u00e9ments<\/strong> <strong>(le feu, la terre, l&rsquo;eau et l&rsquo;air)<\/strong>, dans laquelle <strong>musique et images dialoguent<\/strong>.<\/p>\n\n\n\n<p>Priv\u00e9 de sa \u00ab\u00a0maison\u00a0\u00bb pendant le premier confinement, l&rsquo;<strong>Orchestre de Paris<\/strong> a repris possession avec gourmandise de la <strong>Philharmonie<\/strong>. Du lever au coucher du soleil, ses musiciens dessinent une <strong>trajectoire musicale<\/strong> du sous-sol au toit&nbsp;en passant par l\u2019immense salle de concert et les d\u00e9dales des coursives.<\/p>\n\n\n\n<p>L\u2019<strong>Orchestre de Paris<\/strong> y interpr\u00e8te des \u0153uvres de <strong>Stravinski (extraits de L&rsquo;oiseau de feu, et du Sacre du printemps)<\/strong>, <strong>Debussy (La mer)<\/strong>, et <strong>Messiaen (Des canyons aux \u00e9toiles &#8211; mvt VI)<\/strong>.<\/p>\n\n\n\n<p class=\"has-background\" style=\"background-color:#e0e3e4;font-size:17px\">Pour y acc\u00e9der, le lien :  <a href=\"https:\/\/live.philharmoniedeparis.fr\/documentary\/1120933\/\" target=\"_blank\" rel=\"noreferrer noopener\"><strong><em><span style=\"text-decoration: underline;\">https:\/\/live.philharmoniedeparis.fr\/documentary\/1120933\/<\/span><\/em><\/strong><\/a><\/p>\n\n\n\n<p>Le film est visible sur le site de la Philharmonie <strong>jusqu&rsquo;au 3 ao\u00fbt 2021<\/strong>.<\/p>\n\n\n\n<p>Mais il peut aussi \u00eatre revu plus longtemps, <strong>jusqu&rsquo;au 16\/01\/2022<\/strong> sur <strong><span style=\"text-decoration: underline;\">arte.tv \/ CONCERT<\/span><\/strong> :<\/p>\n\n\n\n<p><iframe loading=\"lazy\" style=\"transition-duration: 0; transition-property: no; margin: 0 auto; position: relative; display: block; background-color: #000000;\" src=\"https:\/\/www.arte.tv\/player\/v5\/index.php?json_url=https%3A%2F%2Fapi.arte.tv%2Fapi%2Fplayer%2Fv2%2Fconfig%2Ffr%2F098482-006-A&amp;lang=fr&amp;autoplay=false&amp;mute=0\" scrolling=\"no\" allowfullscreen=\"allowfullscreen\" width=\"720\" height=\"406\" frameborder=\"0\"><\/iframe><\/p>\n\n\n\n<p><\/p>\n\n\n\n<p class=\"has-text-align-center\">&#8212;&#8212;&#8212;&#8211;<\/p>\n\n\n\n<p>Toujours \u00e0 la <strong><span style=\"text-decoration: underline;\">Philharmonie de Paris<\/span><\/strong>, et parmi d&rsquo;autres, <strong>2 prochains concerts en live \u00e0 vous signaler<\/strong> o\u00f9 joueront des musiciens d\u00e9j\u00e0 invit\u00e9s par RITMY et que nous aimons beaucoup :<\/p>\n\n\n\n<p style=\"font-size:17px\"><em><span style=\"text-decoration: underline;\"><a rel=\"noreferrer noopener\" href=\"https:\/\/live.philharmoniedeparis.fr\/Concerts.html\" target=\"_blank\"><strong>https:\/\/live.philharmoniedeparis.fr\/Concerts.html<\/strong><\/a><\/span><\/em><\/p>\n\n\n\n<p>le <strong>mercredi 3 mars \u00e0 20h30<\/strong>, l&rsquo;Orchestre de Paris avec le violoncelliste <strong><span class=\"has-inline-color has-vivid-cyan-blue-color\">Victor <strong>JULIEN-LAFERRI\u00c8RE<\/strong><\/span><\/strong>, la pianiste Marie-Ange NGUCI et  Eva ZAVORO au violon &#8211; dans un programme <strong>Saint-Sa\u00ebns<\/strong>, dont nous c\u00e9l\u00e9brons le centenaire de sa mort en 2021<\/p>\n\n\n\n<p>le <strong>mercredi 10 mars \u00e0 20h30<\/strong>, l&rsquo;Orchestre de Paris avec le claveciniste <strong><span class=\"has-inline-color has-vivid-cyan-blue-color\">Jean RONDEAU<\/span><\/strong> et Loriane LLORCA \u00e0 l&rsquo;orgue &#8211; dans un programme d\u00e9di\u00e9 \u00e0 <strong>Poulenc<\/strong> et sa musique orchestrale<\/p>\n\n\n\n<p>Concerts que vous pourrez revoir <strong>en replay<\/strong> ensuite.<\/p>\n\n\n\n<p class=\"has-text-align-center\">&#8212;&#8212;&#8212;&#8212;&#8212;&#8212;&#8212;&#8212;&#8212;&#8212;&#8212;&#8212;&#8212;&#8212;<\/p>\n\n\n\n<p class=\"has-vivid-cyan-blue-color has-text-color\" style=\"font-size:18px\"><strong><span style=\"text-decoration: underline;\">A ne pas manquer&#8230; un magnifique trio de musiciens, dans une oeuvre non moins magnifique de Tcha\u00efkovski.<\/span><\/strong><\/p>\n\n\n\n<p>Il s&rsquo;agit de l&rsquo;un des concerts du Festival <strong>&lsquo;Les Sommets Musicaux de Gstaad 2021&rsquo;<\/strong>, en Suisse bien s\u00fbr, donn\u00e9s sans public du <strong>2 au 6 f\u00e9vrier 2021<\/strong>.<\/p>\n\n\n\n<div class=\"wp-block-media-text is-stacked-on-mobile\" style=\"grid-template-columns:49% auto\"><figure class=\"wp-block-media-text__media\"><img loading=\"lazy\" decoding=\"async\" width=\"1000\" height=\"569\" src=\"https:\/\/ritmy.fr\/essais\/wp-content\/uploads\/2021\/02\/Sommets-musicaux-de-Gstaad-2-1000x569.png\" alt=\"\" class=\"wp-image-24257 size-full\" srcset=\"https:\/\/ritmy.fr\/essais\/wp-content\/uploads\/2021\/02\/Sommets-musicaux-de-Gstaad-2-1000x569.png 1000w, https:\/\/ritmy.fr\/essais\/wp-content\/uploads\/2021\/02\/Sommets-musicaux-de-Gstaad-2-300x171.png 300w, https:\/\/ritmy.fr\/essais\/wp-content\/uploads\/2021\/02\/Sommets-musicaux-de-Gstaad-2-768x437.png 768w, https:\/\/ritmy.fr\/essais\/wp-content\/uploads\/2021\/02\/Sommets-musicaux-de-Gstaad-2-803x457.png 803w, https:\/\/ritmy.fr\/essais\/wp-content\/uploads\/2021\/02\/Sommets-musicaux-de-Gstaad-2.png 1500w\" sizes=\"auto, (max-width: 1000px) 100vw, 1000px\" \/><\/figure><div class=\"wp-block-media-text__content\">\n<p class=\"has-vivid-cyan-blue-color has-text-color\" style=\"font-size:18px\"><strong>Renaud CAPU\u00c7ON, <strong>Alexandre KANTOROW<\/strong><\/strong> <strong>et Victor JULIEN-LAFERRI\u00c8RE<\/strong><\/p>\n\n\n\n<p><strong>Piotr Illitch Tcha\u00efkovski<\/strong> &#8211; Trio pour piano en la mineur op.50  \u00ab\u00a0\u00c0 la m\u00e9moire d&rsquo;un grand artiste\u00a0\u00bb<\/p>\n<\/div><\/div>\n\n\n\n<p>Cette \u0153uvre compos\u00e9e entre d\u00e9cembre 1881 et janvier 1882, est d\u00e9di\u00e9e \u00e0 un grand ami du compositeur, Nikola\u00ef Rubinstein (fr\u00e8re d\u2019Anton&nbsp;Rubinstein) d\u00e9c\u00e9d\u00e9 d\u2019une pneumonie quelques mois plus t\u00f4t.<\/p>\n\n\n\n<p>Un trio de r\u00eave pour cet \u00e9v\u00e8nement :<strong> Victor Julien-Laferri\u00e8re<\/strong>, que les habitu\u00e9s de RITMY connaissent bien, <strong>Alexandre Kantorow<\/strong>, le jeune virtuose du piano, que nous devions accueillir le 1er novembre 2020 \u00e0 Montfort-L&rsquo;Amaury, et <strong>Renaud Capu\u00e7on<\/strong>, que l&rsquo;on ne pr\u00e9sente plus.   <\/p>\n\n\n\n<p>Sous les plafonds en bois sculpt\u00e9 de l\u2019\u00e9glise de Saanen, les trois musiciens nous \u00e9merveillent de leur incroyable technique et font honneur au superbe t\u00e9moignage d\u2019amiti\u00e9 que constitue cette composition.<\/p>\n\n\n\n<figure class=\"wp-block-embed is-type-video is-provider-youtube wp-block-embed-youtube wp-embed-aspect-16-9 wp-has-aspect-ratio\"><div class=\"wp-block-embed__wrapper\">\n<iframe loading=\"lazy\" title=\"Renaud Capu\u00e7on, Alexandre Kantorow et Victor Julien-Laferri\u00e8re aux Sommets Musicaux de Gstaad 2021\" width=\"803\" height=\"452\" src=\"https:\/\/www.youtube.com\/embed\/gCFRDY8RAeY?feature=oembed\" frameborder=\"0\" allow=\"accelerometer; autoplay; clipboard-write; encrypted-media; gyroscope; picture-in-picture\" allowfullscreen><\/iframe>\n<\/div><\/figure>\n\n\n\n<p>Ce concert a \u00e9t\u00e9 enregistr\u00e9 le 06\/02\/2021. C&rsquo;\u00e9tait le dernier des 5 concerts programm\u00e9s du 2 au 6 f\u00e9vrier avec Martha Argerich, Nelson Goerner, Alexandre Kantorow, Victor Julien-Laferri\u00e8re, Michel Dalberto, Bomsori Kim, et Jean-Paul Gasparian. Quelles affiches !<\/p>\n\n\n\n<p>Vous pouvez aussi revoir les <strong>autres concerts<\/strong> du festival, comme par exemple le superbe duo avec 2 pianos avec Martha Argerich et Nelson Goerner.<\/p>\n\n\n\n<p>Voici le lien du <strong>programme du festival<\/strong> : <a rel=\"noreferrer noopener\" href=\"https:\/\/www.sommets-musicaux.com\/programme\/\" target=\"_blank\"><strong><em><span style=\"text-decoration: underline;\">https:\/\/www.sommets-musicaux.com\/programme\/<\/span><\/em><\/strong><\/a><\/p>\n\n\n\n<p>Un bien beau festival !<\/p>\n\n\n\n<p class=\"has-text-align-center\">&#8212;&#8212;&#8212;&#8212;&#8212;&#8212;&#8212;&#8212;&#8212;&#8212;&#8212;&#8212;&#8212;&#8212;<\/p>\n\n\n\n<p class=\"has-vivid-cyan-blue-color has-text-color\" style=\"font-size:18px\"><span style=\"text-decoration: underline;\"><strong>Le Quatuor VOCE  &#8211; sur la plateforme RECITHALL<\/strong><\/span>.<\/p>\n\n\n\n<p>Le <strong>Quatuor \u00e0 cordes VOCE<\/strong>, que nous devions accueillir avec le David ENHCO Quartet le 24 janvier \u00e0 Maule, propose <strong>4 concerts en direct<\/strong> sur la plateforme internet <strong>RecitHall<\/strong>.<\/p>\n\n\n\n<p>Le premier c&rsquo;est bient\u00f4t, le 26 f\u00e9vrier.<\/p>\n\n\n\n<div class=\"wp-block-media-text is-stacked-on-mobile is-vertically-aligned-center\" style=\"grid-template-columns:48% auto\"><figure class=\"wp-block-media-text__media\"><img loading=\"lazy\" decoding=\"async\" width=\"1000\" height=\"665\" src=\"https:\/\/ritmy.fr\/essais\/wp-content\/uploads\/2020\/11\/Quatuor-Voce-1.jpg\" alt=\"\" class=\"wp-image-23590 size-full\" srcset=\"https:\/\/ritmy.fr\/essais\/wp-content\/uploads\/2020\/11\/Quatuor-Voce-1.jpg 1000w, https:\/\/ritmy.fr\/essais\/wp-content\/uploads\/2020\/11\/Quatuor-Voce-1-300x200.jpg 300w, https:\/\/ritmy.fr\/essais\/wp-content\/uploads\/2020\/11\/Quatuor-Voce-1-768x511.jpg 768w, https:\/\/ritmy.fr\/essais\/wp-content\/uploads\/2020\/11\/Quatuor-Voce-1-803x534.jpg 803w\" sizes=\"auto, (max-width: 1000px) 100vw, 1000px\" \/><\/figure><div class=\"wp-block-media-text__content\">\n<p class=\"has-vivid-cyan-blue-color has-text-color\" style=\"font-size:18px\"><strong>\u00ab\u00a0Les LIVE du Quatuor VOCE &amp; Friends\u00a0\u00bb<\/strong><\/p>\n\n\n\n<p>Pour certains concerts, ils seront accompagn\u00e9s par des musiciens que RITMY a d\u00e9j\u00e0 eu le plaisir d&rsquo;applaudir, \u00e0 2 reprises : les pianistes <strong>Isma\u00ebl MARGAIN<\/strong> et <strong>Adam LALOUM<\/strong>.<\/p>\n<\/div><\/div>\n\n\n\n<p><strong>Voici le programme du Quatuor VOCE <\/strong>:<\/p>\n\n\n\n<ul class=\"wp-block-list\"><li>le vendredi <strong>26 f\u00e9vrier \u00e0 19h<\/strong>. : \u00ab\u00a0Les 2 B &#8211; Beethoven\/Britten &#8211;\u00a0\u00bb (Quatuors de L.V Beethoven et B. Britten)<\/li><li>le mercredi <strong>10 mars \u00e0 19h<\/strong>. : \u00ab\u00a0Les Romantiques\u00a0\u00bb, avec <strong>Isma\u00ebl MARGAIN<\/strong> au piano (M. Reger, R. Schumann, J. Brahms)<\/li><li>le dimanche <strong>4 avril \u00e0 19h<\/strong>. : \u00ab\u00a0Quatuor \u00e0 Vend\u00f4me : Printemps\u00a0\u00bb, avec le pianiste <strong>Adam LALOUM<\/strong> et la soprano <strong>Jodie DEVOS<\/strong> (C. Debussy, R. Schumann, E. Chausson)<\/li><li>le dimanche <strong>2 mai \u00e0 19h<\/strong>. : \u00ab\u00a0\u00a1CECI N\u2019EST PAS UN TANGO!\u00a0\u00bb, avec le bandon\u00e9oniste <strong>Jean-Baptiste HENRY<\/strong> (programme \u00e0 venir)<\/li><\/ul>\n\n\n\n<p>Ces concerts seront visibles <strong>en direct<\/strong>, puis en replay (pendant 14 jours en principe), sur la plateforme <strong>RecitHall<\/strong>, moyennant une contribution libre.<\/p>\n\n\n\n<p class=\"has-background\" style=\"background-color:#e0e3e4;font-size:17px\">Pour r\u00e9server vos billets sur RecitHall : <strong><em><span style=\"text-decoration: underline;\"><a href=\"https:\/\/www.recithall.com\/events\/serie\/242\" target=\"_blank\" rel=\"noreferrer noopener\">https:\/\/www.recithall.com\/events\/serie\/242<\/a><\/span><\/em><\/strong><\/p>\n\n\n\n<p>La plateforme&nbsp;<em><strong><a rel=\"noreferrer noopener\" href=\"https:\/\/www.recithall.com\" target=\"_blank\"><span style=\"text-decoration: underline;\">RecitHall.com<\/span><\/a><\/strong><\/em> est une belle initiative, dont le pianiste&nbsp;<strong>Isma\u00ebl MARGAIN<\/strong>&nbsp;avec 3 amis musiciens est \u00e0 l\u2019origine, pour&nbsp;<strong>soutenir les artistes<\/strong> qui rencontrent de grandes difficult\u00e9s pendant cette longue p\u00e9riode de crise sanitaire.<\/p>\n\n\n\n<p>Cr\u00e9\u00e9e en juin dernier elle permet au public d\u2019<strong>assister via internet \u00e0 des concerts interactifs en direct, ou en replay<\/strong>, et moyennant une faible contribution, souvent libre, de r\u00e9tribuer les artistes.<\/p>\n\n\n\n<p>Des salles et des festivals qui comme nous ne peuvent accueillir de public en ce moment, utilisent cette plateforme pour <strong>diffuser leurs concerts<\/strong> en direct, c&rsquo;est le cas des Pianissimes, du Salon Id\u00e9al, de la Salle Cortot&#8230;<\/p>\n\n\n\n<p class=\"has-background\" style=\"background-color:#e0e3e4\">De <strong>nombreux autres concerts<\/strong> (&lsquo;\u00e0 venir&rsquo; ou &lsquo;\u00e0 revoir&rsquo;) sont propos\u00e9s dans diff\u00e9rents registres, avec tr\u00e8s r\u00e9guli\u00e8rement l&rsquo;ajout de nouveaux. Vous en trouverez certainement qui vous int\u00e9resseront : <a rel=\"noreferrer noopener\" href=\"https:\/\/www.recithall.com\" target=\"_blank\"><strong><em><span style=\"text-decoration: underline;\">https:\/\/www.recithall.com<\/span><\/em><\/strong><\/a><\/p>\n\n\n\n<p class=\"has-text-align-center\"><strong>&#8212;&#8212;&#8212;&#8212;&#8212;&#8212;&#8212;&#8212;&#8212;&#8212;&#8212;&#8212;&#8212;&#8212;<\/strong><\/p>\n\n\n\n<p>Consultez <strong>r\u00e9guli\u00e8rement<\/strong> notre site pour d\u00e9couvrir d&rsquo;autres propositions de concerts, que nous&nbsp;ajouterons au fil des d\u00e9couvertes et \u00e9v\u00e8nements !<\/p>\n\n\n\n<p class=\"has-vivid-cyan-blue-color has-text-color\"><strong>Surtout, n\u2019h\u00e9sitez pas \u00e0 nous donner votre&nbsp;avis&nbsp;sur ces concerts, et \u00e0 votre tour <strong>nous faire <\/strong>des&nbsp;propositions de concerts&nbsp;en direct ou replay, par des artistes ou ensembles que vous aimez particuli\u00e8rement.<\/strong><\/p>\n\n\n\n<p>Nous nous ferons alors un plaisir de les sugg\u00e9rer dans de prochains articles.<\/p>\n\n\n\n<p>N\u2019h\u00e9sitez donc pas \u00e0 <strong>nous \u00e9crire<\/strong> :&nbsp;<a rel=\"noreferrer noopener\" href=\"mailto:contact.ritmy@gmail.com\" target=\"_blank\"><em><span style=\"text-decoration: underline;\">contact.ritmy@gmail.com<\/span><\/em><\/a><\/p>\n\n\n\n<p>A tr\u00e8s bient\u00f4t pour d&rsquo;autres propositions de concerts et \u00e9v\u00e8nements musicaux !<\/p>\n\n\n\n<p><strong>L\u2019\u00e9quipe RITMY<\/strong><\/p>\n\n\n\n<div style=\"height:4px\" aria-hidden=\"true\" class=\"wp-block-spacer\"><\/div>\n","protected":false},"excerpt":{"rendered":"<p>Durant cette longue p\u00e9riode o\u00f9 les m\u00e9lomanes sont priv\u00e9s de concert, ceux organis\u00e9s par RITMY et tous les autres, nous continuons \u00e0 vous proposer des concerts en ligne, en direct ou en replay. Des concerts qui sont \u00e0 venir, ou tr\u00e8s r\u00e9cents, et donc sans public. Bien s\u00fbr ce choix est subjectif, et n&rsquo;est qu&rsquo;une &hellip; <\/p>\n<p><a class=\"more-link btn\" href=\"https:\/\/ritmy.fr\/essais\/propositions-de-concerts-en-ligne-2\/\">Lire la suite<\/a><\/p>\n","protected":false},"author":3,"featured_media":24176,"comment_status":"closed","ping_status":"closed","sticky":false,"template":"","format":"standard","meta":{"footnotes":""},"categories":[433],"tags":[415,319,273,416,157,413,417,414,50,199],"class_list":["post-24172","post","type-post","status-publish","format-standard","has-post-thumbnail","hentry","category-article-non-affiche-dans-le-journal","tag-bruch","tag-debussy","tag-faure","tag-maisky","tag-messiaen","tag-philharmonie","tag-recithall","tag-saint-saens","tag-stravinsky","tag-violoncelle","nodate","item-wrap"],"_links":{"self":[{"href":"https:\/\/ritmy.fr\/essais\/wp-json\/wp\/v2\/posts\/24172","targetHints":{"allow":["GET"]}}],"collection":[{"href":"https:\/\/ritmy.fr\/essais\/wp-json\/wp\/v2\/posts"}],"about":[{"href":"https:\/\/ritmy.fr\/essais\/wp-json\/wp\/v2\/types\/post"}],"author":[{"embeddable":true,"href":"https:\/\/ritmy.fr\/essais\/wp-json\/wp\/v2\/users\/3"}],"replies":[{"embeddable":true,"href":"https:\/\/ritmy.fr\/essais\/wp-json\/wp\/v2\/comments?post=24172"}],"version-history":[{"count":181,"href":"https:\/\/ritmy.fr\/essais\/wp-json\/wp\/v2\/posts\/24172\/revisions"}],"predecessor-version":[{"id":26338,"href":"https:\/\/ritmy.fr\/essais\/wp-json\/wp\/v2\/posts\/24172\/revisions\/26338"}],"wp:featuredmedia":[{"embeddable":true,"href":"https:\/\/ritmy.fr\/essais\/wp-json\/wp\/v2\/media\/24176"}],"wp:attachment":[{"href":"https:\/\/ritmy.fr\/essais\/wp-json\/wp\/v2\/media?parent=24172"}],"wp:term":[{"taxonomy":"category","embeddable":true,"href":"https:\/\/ritmy.fr\/essais\/wp-json\/wp\/v2\/categories?post=24172"},{"taxonomy":"post_tag","embeddable":true,"href":"https:\/\/ritmy.fr\/essais\/wp-json\/wp\/v2\/tags?post=24172"}],"curies":[{"name":"wp","href":"https:\/\/api.w.org\/{rel}","templated":true}]}}