{"id":23903,"date":"2020-12-19T18:37:23","date_gmt":"2020-12-19T17:37:23","guid":{"rendered":"http:\/\/ritmy.fr\/essais\/?p=23903"},"modified":"2021-03-28T13:29:52","modified_gmt":"2021-03-28T12:29:52","slug":"quelques-concerts-pendant-les-fetes","status":"publish","type":"post","link":"https:\/\/ritmy.fr\/essais\/quelques-concerts-pendant-les-fetes\/","title":{"rendered":"Quelques concerts pendant les f\u00eates&#8230;"},"content":{"rendered":"\n<p class=\"has-vivid-cyan-blue-color has-text-color\" style=\"font-size:18px\"><strong>Durant la p\u00e9riode des f\u00eates, nous avons souvent envie d&rsquo;\u00e9couter de la musique, et pas seulement de la musique qui \u00e9voque No\u00ebl&#8230; tous types de bonne musique.<\/strong><\/p>\n\n\n\n<p>Les salles de spectacles \u00e9tant malheureusement ferm\u00e9es, nous vous proposons <strong>quelques concerts en vid\u00e9o<\/strong>, et des possibilit\u00e9s d&rsquo;en <strong>choisir d&rsquo;autres<\/strong>, qui pourront vous faire passer de bons moments&#8230; nous l&rsquo;esp\u00e9rons.<\/p>\n\n\n\n<hr class=\"wp-block-separator aligncenter has-text-color has-background has-black-background-color has-black-color is-style-default\"\/>\n\n\n\n<div class=\"wp-block-media-text is-stacked-on-mobile\"><figure class=\"wp-block-media-text__media\"><img loading=\"lazy\" decoding=\"async\" width=\"1000\" height=\"625\" src=\"https:\/\/ritmy.fr\/essais\/wp-content\/uploads\/2020\/12\/Scala-de-Milan.png\" alt=\"\" class=\"wp-image-23921 size-full\" srcset=\"https:\/\/ritmy.fr\/essais\/wp-content\/uploads\/2020\/12\/Scala-de-Milan.png 1000w, https:\/\/ritmy.fr\/essais\/wp-content\/uploads\/2020\/12\/Scala-de-Milan-300x188.png 300w, https:\/\/ritmy.fr\/essais\/wp-content\/uploads\/2020\/12\/Scala-de-Milan-768x480.png 768w, https:\/\/ritmy.fr\/essais\/wp-content\/uploads\/2020\/12\/Scala-de-Milan-803x502.png 803w\" sizes=\"auto, (max-width: 1000px) 100vw, 1000px\" \/><\/figure><div class=\"wp-block-media-text__content\">\n<p class=\"has-normal-font-size\">Tout d&rsquo;abord, pour les <strong>amateurs d&rsquo;op\u00e9ra<\/strong>, ne manquez pas le <strong>gala d&rsquo;ouverture <\/strong>de la<strong> <span style=\"text-decoration: underline;\">Scala de Milan<\/span>, du 7 d\u00e9cembre 2020<\/strong>.<\/p>\n\n\n\n<p>Chaque ann\u00e9e, le 7 d\u00e9cembre, \u00e0 la Saint-Ambroise &#8211; patron de Milan, s\u2019ouvre la nouvelle saison de la Scala.<\/p>\n<\/div><\/div>\n\n\n\n<p>A cause de la crise sanitaire, le prestigieux th\u00e9\u00e2tre a choisi de remplacer la repr\u00e9sentation initialement pr\u00e9vue de<em>&nbsp;Lucia di Lammermoor<\/em>, l&rsquo;op\u00e9ra de Donizetti, par une grande&nbsp;<strong>soir\u00e9e de gala<\/strong>&nbsp;en soutien \u00e0 tous les artistes durement touch\u00e9s par la crise. Une soir\u00e9e exceptionnelle avec de <strong>tr\u00e8s grandes voix de la sc\u00e8ne internationale<\/strong> : Sonya Yoncheva, Lisette&nbsp;Oropesa, Ludovic T\u00e9zier, Placido Domingo ou encore Juan Diego Fl\u00f3rez&#8230; Le programme est d\u00e9taill\u00e9 sous la vid\u00e9o.<\/p>\n\n\n\n<p>Il est possible de le revoir en int\u00e9gralit\u00e9 sur <strong><span style=\"text-decoration: underline;\">ARTE Concert<\/span><\/strong>, qui offre par ailleurs actuellement beaucoup d&rsquo;autres <strong>op\u00e9ras<\/strong> de tr\u00e8s grande qualit\u00e9 (Turandot, Tosca, Lohengrin, Les Noces de Figaro&#8230;). Et aussi de nombreux <strong>concerts classiques<\/strong> avec orchestre ou ensembles, du jazz, de la musique du monde&#8230;<\/p>\n\n\n\n<p><span style=\"text-decoration: underline;\"><em><a rel=\"noreferrer noopener\" href=\"https:\/\/www.arte.tv\/fr\/videos\/101180-001-A\/soiree-exceptionnelle-a-la-scala-de-milan\/\" target=\"_blank\"><strong>https:\/\/www.arte.tv\/fr\/videos\/101180-001-A\/soiree-exceptionnelle-a-la-scala-de-milan\/<\/strong><\/a><\/em><\/span><\/p>\n\n\n\n<div style=\"height:11px\" aria-hidden=\"true\" class=\"wp-block-spacer\"><\/div>\n\n\n\n<p>Autre proposition, un tr\u00e8s beau concert, <strong><em>\u00ab\u00a0Splendeurs v\u00e9nitiennes\u00a0\u00bb<\/em><\/strong>, donn\u00e9 au <strong><span style=\"text-decoration: underline;\">Ch\u00e2telet<\/span><\/strong> \u00e0 Paris le 16 d\u00e9cembre dernier, mais sans spectateur, par <strong>&lsquo;Le Concert Spirituel&rsquo; d&rsquo;Herv\u00e9 Niquet<\/strong>. Deux des plus belles \u0153uvres de <strong>Vivaldi<\/strong> : le Gloria et le Magnificat interpr\u00e9t\u00e9s dans leur version originelle pour double ch\u0153ur f\u00e9minin et double orchestre \u00e0 cordes, sous la direction d\u2019Herv\u00e9 Niquet.<\/p>\n\n\n\n<figure class=\"wp-block-embed aligncenter is-type-video is-provider-youtube wp-block-embed-youtube wp-embed-aspect-16-9 wp-has-aspect-ratio\"><div class=\"wp-block-embed__wrapper\">\n<iframe loading=\"lazy\" title=\"Splendeurs v\u00e9nitiennes | Le Concert Spirituel\" width=\"803\" height=\"452\" src=\"https:\/\/www.youtube.com\/embed\/Ncab4X67LWU?feature=oembed\" frameborder=\"0\" allow=\"accelerometer; autoplay; clipboard-write; encrypted-media; gyroscope; picture-in-picture\" allowfullscreen><\/iframe>\n<\/div><\/figure>\n\n\n\n<p>D&rsquo;autres int\u00e9ressants concerts donn\u00e9s en d\u00e9cembre au <strong>Ch\u00e2telet<\/strong> peuvent \u00eatre revus en vid\u00e9o, ou suivis en direct pour ceux qui sont pr\u00e9vus prochainement :<\/p>\n\n\n\n<p><span style=\"text-decoration: underline;\"><em><a rel=\"noreferrer noopener\" href=\"https:\/\/www.chatelet.com\/decembre-au-chatelet\/?utm_source=INFORMATION&amp;utm_medium=EMAIL&amp;utm_campaign=2021%2BANN%2BD%25C3%25A9c%2B-%2BTOUTE%2BBASE\" target=\"_blank\"><strong>https:\/\/www.chatelet.com\/decembre-au-chatelet\/?utm_source=INFORMATION&amp;utm_medium=EMAIL&amp;utm_campaign=2021%2BANN%2BD%25C3%25A9c%2B-%2BTOUTE%2BBASE<\/strong><\/a><\/em><\/span><\/p>\n\n\n\n<div style=\"height:10px\" aria-hidden=\"true\" class=\"wp-block-spacer\"><\/div>\n\n\n\n<p>La <strong><span style=\"text-decoration: underline;\">Philharmonie de Paris<\/span><\/strong> offre \u00e9galement la possibilit\u00e9 de voir en direct ou de revoir certains concerts :<\/p>\n\n\n\n<p><span style=\"text-decoration: underline;\"><em><a rel=\"noreferrer noopener\" href=\"https:\/\/live.philharmoniedeparis.fr\" target=\"_blank\"><strong>https:\/\/live.philharmoniedeparis.fr<\/strong><\/a><\/em><\/span><\/p>\n\n\n\n<div style=\"height:10px\" aria-hidden=\"true\" class=\"wp-block-spacer\"><\/div>\n\n\n\n<p>Ecouter la pianiste <strong><span style=\"text-decoration: underline;\">Martha ARGERICH<\/span><\/strong> est toujours un grand plaisir, \u00e9coutons la dans le <strong>Concerto pour piano n\u00b01 de Beethoven<\/strong> enregistr\u00e9 fin 2019, avec l&rsquo;orchestre du &lsquo;Liszt Ferenc Academy of Music&rsquo; dans cette c\u00e9l\u00e8bre salle de Budapest.<\/p>\n\n\n\n<figure class=\"wp-block-embed aligncenter is-type-video is-provider-youtube wp-block-embed-youtube wp-embed-aspect-16-9 wp-has-aspect-ratio\"><div class=\"wp-block-embed__wrapper\">\n<iframe loading=\"lazy\" title=\"2019 | Martha Argerich plays Beethoven Piano Concerto No. 1 + Bach Gavottes \/ Scarlatti K141 encores\" width=\"803\" height=\"452\" src=\"https:\/\/www.youtube.com\/embed\/BF7pmimzjBs?feature=oembed\" frameborder=\"0\" allow=\"accelerometer; autoplay; clipboard-write; encrypted-media; gyroscope; picture-in-picture\" allowfullscreen><\/iframe>\n<\/div><\/figure>\n\n\n\n<div style=\"height:10px\" aria-hidden=\"true\" class=\"wp-block-spacer\"><\/div>\n\n\n\n<p>Il faut aussi mentionner une belle initiative, dont le pianiste <strong>Isma\u00ebl MARGAIN<\/strong> (bien connu des habitu\u00e9s de Ritmy) est \u00e0 l&rsquo;origine depuis juin dernier, pour <strong>soutenir les artistes<\/strong>, qui rencontrent de grandes difficult\u00e9s pendant cette longue p\u00e9riode de pand\u00e9mie.<\/p>\n\n\n\n<p>Il s&rsquo;agit de la plateforme <strong><span style=\"text-decoration: underline;\"><em>RecitHall.com<\/em><\/span><\/strong> qui permet au public d&rsquo;assister via internet \u00e0 des concerts en direct ou en replay, et moyennant une contribution, souvent libre, de r\u00e9tribuer les artistes qui sont actuellement priv\u00e9s de revenus. N&rsquo;h\u00e9sitez pas \u00e0 regarder toutes les possibilit\u00e9s de concerts, et \u00e0 vous inscrire !<\/p>\n\n\n\n<p><em><span style=\"text-decoration: underline;\"><a href=\"https:\/\/www.recithall.com\" target=\"_blank\" rel=\"noreferrer noopener\"><strong>https:\/\/www.recithall.com<\/strong><\/a><\/span><\/em><\/p>\n\n\n\n<p>Vous pourrez r\u00e9\u00e9couter par exemple un concert donn\u00e9 le 15 d\u00e9cembre dernier, dans le cadre du &lsquo;Salon Id\u00e9al&rsquo;, avec <strong>Isma\u00ebl Margain<\/strong>, <strong>Thomas Enhco<\/strong>, et d&rsquo;autres jeunes interpr\u00e8tes.<\/p>\n\n\n\n<div style=\"height:10px\" aria-hidden=\"true\" class=\"wp-block-spacer\"><\/div>\n\n\n\n<p><strong>Thomas ENHCO<\/strong>, qui vient de publier un single <strong><em>\u00ab\u00a0Fire Dance\u00a0\u00bb<\/em><\/strong>, en duo avec <strong>Vassilena SERAFIMOVA<\/strong> au marimba, qui fera partie de leur album consacr\u00e9 \u00e0 <strong>J.S. Bach<\/strong> dont la sortie est pr\u00e9vue en mars prochain.<\/p>\n\n\n\n<p>Une composition de Thomas, o\u00f9 il a ins\u00e9r\u00e9 le motif de la cantate &lsquo;J\u00e9sus que ma joie demeure&rsquo; BWV 147.<\/p>\n\n\n\n<figure class=\"wp-block-embed aligncenter is-type-video is-provider-youtube wp-block-embed-youtube wp-embed-aspect-16-9 wp-has-aspect-ratio\"><div class=\"wp-block-embed__wrapper\">\n<iframe loading=\"lazy\" title=\"Thomas Enhco, Vassilena Serafimova - Fire Dance (Studio Session)\" width=\"803\" height=\"452\" src=\"https:\/\/www.youtube.com\/embed\/p-jsPxW_93w?feature=oembed\" frameborder=\"0\" allow=\"accelerometer; autoplay; clipboard-write; encrypted-media; gyroscope; picture-in-picture\" allowfullscreen><\/iframe>\n<\/div><\/figure>\n\n\n\n<div style=\"height:10px\" aria-hidden=\"true\" class=\"wp-block-spacer\"><\/div>\n\n\n\n<p>Vous pouvez aussi regarder plusieurs belles vid\u00e9os du jeune pianiste <strong><span style=\"text-decoration: underline;\">Alexandre KANTOROW<\/span><\/strong>, qui devait nous donner un r\u00e9cital le 1er novembre dernier \u00e0 Montfort-L&rsquo;Amaury, dans notre autre <a rel=\"noreferrer noopener\" href=\"https:\/\/ritmy.fr\/essais\/alexandre-kantorow-videos\/\" target=\"_blank\"><strong><em><span style=\"text-decoration: underline;\">ARTICLE<\/span><\/em><\/strong><\/a>.<\/p>\n\n\n\n<div style=\"height:11px\" aria-hidden=\"true\" class=\"wp-block-spacer\"><\/div>\n\n\n\n<p>Ce ne sont que <strong>quelques suggestions<\/strong> car il existe bien s\u00fbr beaucoup d&rsquo;autres possibilit\u00e9s d&rsquo;\u00e9couter de la musique chez soi et selon ses go\u00fbts, dans le site de <strong>France Musique<\/strong>, de l&rsquo;<strong>Op\u00e9ra de Paris<\/strong>&#8230;<\/p>\n\n\n\n<p class=\"has-vivid-cyan-blue-color has-text-color\" style=\"font-size:18px\"><strong>Nous vous souhaitons de passer de tr\u00e8s bonnes f\u00eates de fin d&rsquo;ann\u00e9e<\/strong> <strong>!<\/strong><\/p>\n\n\n\n<p>A bient\u00f4t.<\/p>\n\n\n\n<hr class=\"wp-block-separator has-text-color has-background has-black-background-color has-black-color is-style-dots\"\/>\n\n\n\n<p>Si vous souhaitez r\u00e9agir \u00e0 cet article, ou pour toutes suggestions ou remarques\u2026 n\u2019h\u00e9sitez pas \u00e0 nous contacter par courriel :<\/p>\n\n\n\n<p class=\"has-text-align-center\"><a href=\"mailto:contact.ritmy@gmail.com\" target=\"_blank\" rel=\"noreferrer noopener\"><em><span style=\"text-decoration: underline;\">contact.ritmy@gmail.com<\/span><\/em><\/a><\/p>\n\n\n\n<div style=\"height:10px\" aria-hidden=\"true\" class=\"wp-block-spacer\"><\/div>\n\n\n\n<p><\/p>\n","protected":false},"excerpt":{"rendered":"<p>Durant la p\u00e9riode des f\u00eates, nous avons souvent envie d&rsquo;\u00e9couter de la musique, et pas seulement de la musique qui \u00e9voque No\u00ebl&#8230; tous types de bonne musique. Les salles de spectacles \u00e9tant malheureusement ferm\u00e9es, nous vous proposons quelques concerts en vid\u00e9o, et des possibilit\u00e9s d&rsquo;en choisir d&rsquo;autres, qui pourront vous faire passer de bons moments&#8230; &hellip; <\/p>\n<p><a class=\"more-link btn\" href=\"https:\/\/ritmy.fr\/essais\/quelques-concerts-pendant-les-fetes\/\">Lire la suite<\/a><\/p>\n","protected":false},"author":3,"featured_media":23921,"comment_status":"closed","ping_status":"closed","sticky":false,"template":"","format":"standard","meta":{"footnotes":""},"categories":[3,4,6,1],"tags":[278,82,223,31,407,186],"class_list":["post-23903","post","type-post","status-publish","format-standard","has-post-thumbnail","hentry","category-les-oeuvres","category-concerts","category-les-musiciens","category-ritmy","tag-beethoven","tag-enhco","tag-margain","tag-opera","tag-scala","tag-vivaldi","nodate","item-wrap"],"_links":{"self":[{"href":"https:\/\/ritmy.fr\/essais\/wp-json\/wp\/v2\/posts\/23903","targetHints":{"allow":["GET"]}}],"collection":[{"href":"https:\/\/ritmy.fr\/essais\/wp-json\/wp\/v2\/posts"}],"about":[{"href":"https:\/\/ritmy.fr\/essais\/wp-json\/wp\/v2\/types\/post"}],"author":[{"embeddable":true,"href":"https:\/\/ritmy.fr\/essais\/wp-json\/wp\/v2\/users\/3"}],"replies":[{"embeddable":true,"href":"https:\/\/ritmy.fr\/essais\/wp-json\/wp\/v2\/comments?post=23903"}],"version-history":[{"count":63,"href":"https:\/\/ritmy.fr\/essais\/wp-json\/wp\/v2\/posts\/23903\/revisions"}],"predecessor-version":[{"id":24016,"href":"https:\/\/ritmy.fr\/essais\/wp-json\/wp\/v2\/posts\/23903\/revisions\/24016"}],"wp:featuredmedia":[{"embeddable":true,"href":"https:\/\/ritmy.fr\/essais\/wp-json\/wp\/v2\/media\/23921"}],"wp:attachment":[{"href":"https:\/\/ritmy.fr\/essais\/wp-json\/wp\/v2\/media?parent=23903"}],"wp:term":[{"taxonomy":"category","embeddable":true,"href":"https:\/\/ritmy.fr\/essais\/wp-json\/wp\/v2\/categories?post=23903"},{"taxonomy":"post_tag","embeddable":true,"href":"https:\/\/ritmy.fr\/essais\/wp-json\/wp\/v2\/tags?post=23903"}],"curies":[{"name":"wp","href":"https:\/\/api.w.org\/{rel}","templated":true}]}}