{"id":23302,"date":"2020-09-26T15:53:09","date_gmt":"2020-09-26T14:53:09","guid":{"rendered":"http:\/\/ritmy.fr\/essais\/?p=23302"},"modified":"2021-05-15T13:41:25","modified_gmt":"2021-05-15T12:41:25","slug":"audrey-lonca-alberto-et-paolo-rigutto","status":"publish","type":"post","link":"https:\/\/ritmy.fr\/essais\/audrey-lonca-alberto-et-paolo-rigutto\/","title":{"rendered":"Audrey LONCA-ALBERTO et Paolo RIGUTTO, \u00e0 Neauphle-le-Ch\u00e2teau le 22 novembre 2020 (ANNUL\u00c9)"},"content":{"rendered":"\n<p class=\"has-vivid-cyan-blue-color has-text-color has-medium-font-size\"><strong>Audrey LONCA-ALBERTO et Paolo RIGUTTO &#8211; Piano \u00e0 4 mains <\/strong><\/p>\n\n\n\n<p class=\"has-vivid-cyan-blue-color has-text-color has-medium-font-size\"><strong>\u00e0 NEAUPHLE-le-CH\u00c2TEAU, le Dimanche 22 novembre 2020 \u00e0 17h. &#8211; \u00e9glise Saint-Nicolas.<\/strong><\/p>\n\n\n\n<p class=\"has-vivid-red-color has-pale-cyan-blue-background-color has-text-color has-background\" style=\"font-size:19px\">&#x26a0;&#xfe0f; Compte-tenu des nouvelles mesures sanitaires annonc\u00e9es par le gouvernement, le concert est <strong>ANNUL\u00c9<\/strong>.<\/p>\n\n\n\n<p>Nous sommes heureux de vous faire d\u00e9couvrir deux jeunes et talentueux pianistes qui nous interpr\u00e8teront \u00e0 quatre mains un superbe programme nous emmenant&nbsp;<em>\u00ab\u00a0Du Romantisme aux Impressionnist<\/em>es\u00a0\u00bb.<\/p>\n\n\n\n<div class=\"wp-block-image is-style-default\"><figure class=\"aligncenter size-large is-resized\"><img loading=\"lazy\" decoding=\"async\" src=\"https:\/\/ritmy.fr\/essais\/wp-content\/uploads\/2020\/07\/Duo-Rigutti-1-copie-1000x605.jpg\" alt=\"\" class=\"wp-image-22599\" width=\"702\" height=\"424\"\/><figcaption>Paolo RIGUTTO et Audrey LONCA-ALBERTO  (photo Alain Barr\u00e9) <\/figcaption><\/figure><\/div>\n\n\n\n<p>Deux brillants interpr\u00e8tes qui depuis leur plus jeune \u00e2ge baignent dans un univers artistique, et, partenaires \u00e0 la ville comme \u00e0 la sc\u00e8ne, se produisent tr\u00e8s r\u00e9guli\u00e8rement ensemble.<\/p>\n\n\n\n<div style=\"height:20px\" aria-hidden=\"true\" class=\"wp-block-spacer\"><\/div>\n\n\n\n<div class=\"wp-block-media-text is-stacked-on-mobile is-vertically-aligned-center\" style=\"grid-template-columns:31% auto\"><figure class=\"wp-block-media-text__media\"><img loading=\"lazy\" decoding=\"async\" width=\"960\" height=\"960\" src=\"https:\/\/ritmy.fr\/essais\/wp-content\/uploads\/2019\/05\/Audrey-Alberto.jpg\" alt=\"\" class=\"wp-image-19600 size-full\" srcset=\"https:\/\/ritmy.fr\/essais\/wp-content\/uploads\/2019\/05\/Audrey-Alberto.jpg 960w, https:\/\/ritmy.fr\/essais\/wp-content\/uploads\/2019\/05\/Audrey-Alberto-140x140.jpg 140w, https:\/\/ritmy.fr\/essais\/wp-content\/uploads\/2019\/05\/Audrey-Alberto-300x300.jpg 300w, https:\/\/ritmy.fr\/essais\/wp-content\/uploads\/2019\/05\/Audrey-Alberto-768x768.jpg 768w\" sizes=\"auto, (max-width: 960px) 100vw, 960px\" \/><\/figure><div class=\"wp-block-media-text__content\">\n<p class=\"has-vivid-cyan-blue-color has-text-color has-medium-font-size\"><strong>Audrey LONCA-ALBERTO<\/strong><\/p>\n\n\n\n<p>Issue d&rsquo;une famille de musiciens, Audrey baigne d\u00e8s son plus jeune \u00e2ge dans un univers artistique.<\/p>\n\n\n\n<p>Elle a \u00e9t\u00e9 form\u00e9e tr\u00e8s jeune au Conservatoire de Limoges, puis \u00e0 l&rsquo;<strong>Ecole Normale de Musique de Paris<\/strong>, o\u00f9 elle obtient ses dipl\u00f4mes.<\/p>\n\n\n\n<p>Elle se voit r\u00e9compens\u00e9e de&nbsp;<strong>plusieurs prix de concours nationaux et internationaux<\/strong>, tels que celui de Donostia San Sebastian dont elle est laur\u00e9ate \u00e0 seulement quinze ans.<\/p>\n<\/div><\/div>\n\n\n\n<p>Elle a pu enrichir son parcours des conseils d\u2019autres <strong>grands musiciens et p\u00e9dagogues<\/strong> tels que Bruno Rigutto, Claire D\u00e9sert, Mikha\u00efl Rudy ou Fran\u00e7ois-Ren\u00e9 Duch\u00e2ble.<\/p>\n\n\n\n<p>Audrey se produit depuis l&rsquo;\u00e2ge de treize ans en <strong>soliste et musique de chambre<\/strong>, en France et \u00e0 l&rsquo;\u00e9tranger, lors de divers festivals tels que Jeunes Talents, Sinfonia, Les jeudis du piano (Gen\u00e8ve)&#8230; Elle a \u00e9galement l&rsquo;opportunit\u00e9 de jouer avec <strong>orchestre<\/strong>, comme le Concerto en sol de Maurice Ravel ou l&rsquo;int\u00e9grale des Concertos pour deux, trois et quatre pianos de J.S Bach.<\/p>\n\n\n\n<div style=\"height:20px\" aria-hidden=\"true\" class=\"wp-block-spacer\"><\/div>\n\n\n\n<div class=\"wp-block-media-text has-media-on-the-right is-stacked-on-mobile is-vertically-aligned-center\" style=\"grid-template-columns:auto 42%\"><figure class=\"wp-block-media-text__media\"><img loading=\"lazy\" decoding=\"async\" width=\"1000\" height=\"667\" src=\"https:\/\/ritmy.fr\/essais\/wp-content\/uploads\/2020\/09\/Paolo-Rigutto-4-1000x667.jpg\" alt=\"\" class=\"wp-image-23321 size-full\" srcset=\"https:\/\/ritmy.fr\/essais\/wp-content\/uploads\/2020\/09\/Paolo-Rigutto-4-1000x667.jpg 1000w, https:\/\/ritmy.fr\/essais\/wp-content\/uploads\/2020\/09\/Paolo-Rigutto-4-300x200.jpg 300w, https:\/\/ritmy.fr\/essais\/wp-content\/uploads\/2020\/09\/Paolo-Rigutto-4-768x512.jpg 768w, https:\/\/ritmy.fr\/essais\/wp-content\/uploads\/2020\/09\/Paolo-Rigutto-4-1536x1024.jpg 1536w, https:\/\/ritmy.fr\/essais\/wp-content\/uploads\/2020\/09\/Paolo-Rigutto-4.jpg 1600w\" sizes=\"auto, (max-width: 1000px) 100vw, 1000px\" \/><\/figure><div class=\"wp-block-media-text__content\">\n<p class=\"has-vivid-cyan-blue-color has-text-color has-medium-font-size\"><strong>Paolo RIGUTTO<\/strong><\/p>\n\n\n\n<p>Baign\u00e9 tr\u00e8s t\u00f4t dans un milieu musical et artistique, c\u2019est tout naturellement que Paolo se tourne vers le piano, \u00e0 l\u2019\u00e2ge de six ans.<\/p>\n\n\n\n<p>Il est form\u00e9 au <strong>CNSM de Paris<\/strong> dans la classe de <strong>Brigitte Engerer<\/strong>, o\u00f9 il obtient son Master avec mention &lsquo;Tr\u00e8s Bien&rsquo;. C&rsquo;est aussi pour lui l\u2019occasion de d\u00e9couvrir la musique de chambre, avec des p\u00e9dagogues de renom tels que Claire D\u00e9sert ou Fran\u00e7ois Salque&#8230;<\/p>\n<\/div><\/div>\n\n\n\n<p>Il poursuit ses \u00e9tudes en cycle de Perfectionnement \u00e0 l\u2019<strong>\u00c9cole Normale de Musique de Paris Alfred Cortot<\/strong>. Depuis lors, Paolo est r\u00e9guli\u00e8rement invit\u00e9 \u00e0 se produire en <strong>r\u00e9cital<\/strong> dans de nombreux <strong>festivals<\/strong> en France ou \u00e0 l&rsquo;\u00e9tranger (Piano en Valois, Piano aux Jacobins, Chopin \u00e0 Paris&#8230;). Il s&rsquo;est \u00e9galement produit avec <strong>orchestre<\/strong> \u00e0 de nombreuses reprises.<\/p>\n\n\n\n<p><em>\u00ab\u00a0Je n&rsquo;ai pas de doute sur sa belle nature artistique et sur son avenir en tant que pianiste de talent\u00a0\u00bb <\/em><strong>Brigitte Engerer<\/strong><\/p>\n\n\n\n<div style=\"height:20px\" aria-hidden=\"true\" class=\"wp-block-spacer\"><\/div>\n\n\n\n<p><strong>Audrey et Paolo<\/strong> sont tous deux laur\u00e9ats de la Fondation Banque Populaire, et depuis 2015, ils forment le <strong><em>&lsquo;Duo Rigutti&rsquo;<\/em><\/strong>. <\/p>\n\n\n\n<div style=\"height:20px\" aria-hidden=\"true\" class=\"wp-block-spacer\"><\/div>\n\n\n\n<div class=\"wp-block-group has-very-light-gray-background-color has-background\"><div class=\"wp-block-group__inner-container is-layout-flow wp-block-group-is-layout-flow\">\n<div class=\"wp-block-group has-very-light-gray-background-color has-background\"><div class=\"wp-block-group__inner-container is-layout-flow wp-block-group-is-layout-flow\">\n<p>Ils nous ont&nbsp;compos\u00e9 un beau programme, avec des oeuvres \u00e9crites ou arrang\u00e9es pour <strong>piano \u00e0 4 mains&nbsp;<\/strong>: <em>(sous r\u00e9serve de modifications)<\/em><\/p>\n\n\n\n<ul class=\"wp-block-list\"><li><strong>Claude Debussy<\/strong> : Pr\u00e9lude \u00e0 l&rsquo;Apr\u00e8s-midi d&rsquo;un faune&nbsp;(1892-94) <em>(transcription pour piano \u00e0 quatre mains par Bruno Rossignol)<\/em><\/li><li><strong>Claude Debussy<\/strong> : Petite Suite (1888-89)<\/li><li><strong>Maurice Ravel<\/strong> : Ma M\u00e8re l&rsquo;Oye (1908-10)<\/li><li><strong>Modeste Moussorgski <\/strong>: Tableaux d&rsquo;une Exposition&nbsp;(1874) <em>(transcription pour piano \u00e0 quatre mains par Bruno Rossignol)<\/em><\/li><\/ul>\n<\/div><\/div>\n<\/div><\/div>\n\n\n\n<hr class=\"wp-block-separator is-style-default\"\/>\n\n\n\n<p>A quatre mains, Audrey LONCA-ALBERTO et Paolo RIGUTTO interpr\u00e8tent ici 6 des &rsquo;16 Valses Op. 39&prime; de Johannes BRAHMS. Extrait du concert G\u00e9n\u00e9rations France Musique, le live, enregistr\u00e9 le 29 septembre 2018.<\/p>\n\n\n\n<figure class=\"wp-block-embed aligncenter is-type-video is-provider-youtube wp-block-embed-youtube wp-embed-aspect-16-9 wp-has-aspect-ratio\"><div class=\"wp-block-embed__wrapper\">\n<iframe loading=\"lazy\" title=\"Brahms : Valses Op. 39, extraits (Paolo Rigutto \/ Audrey Lonca-Alberto )\" width=\"803\" height=\"452\" src=\"https:\/\/www.youtube.com\/embed\/It9AKuzxyeM?feature=oembed\" frameborder=\"0\" allow=\"accelerometer; autoplay; clipboard-write; encrypted-media; gyroscope; picture-in-picture\" allowfullscreen><\/iframe>\n<\/div><\/figure>\n\n\n\n<div style=\"height:20px\" aria-hidden=\"true\" class=\"wp-block-spacer\"><\/div>\n\n\n\n<p class=\"has-vivid-red-color has-text-color\" style=\"font-size:19px\"><strong>Une grande complicit\u00e9 musicale pour ces deux jeunes pianistes \u00e0 d\u00e9couvrir absolument.<\/strong><\/p>\n\n\n\n<div style=\"height:20px\" aria-hidden=\"true\" class=\"wp-block-spacer\"><\/div>\n\n\n\n<p class=\"has-black-color has-pale-cyan-blue-background-color has-text-color has-background\" style=\"font-size:18px\"><strong>Le concert est COMPLET, il n&rsquo;y a malheureusement plus de places disponibles.<\/strong><\/p>\n\n\n\n<div style=\"height:34px\" aria-hidden=\"true\" class=\"wp-block-spacer\"><\/div>\n\n\n\n<p class=\"has-very-light-gray-background-color has-background\">Le concert se d\u00e9roulera de mani\u00e8re \u00e0&nbsp;<strong>garantir la s\u00e9curit\u00e9 de tous<\/strong>, nous appliquerons toutes les mesures sanitaires en vigueur.  (<em>plus d&rsquo;informations sur notre <strong>Protocole sanitaire<\/strong> dans cette<\/em> <a rel=\"noreferrer noopener\" href=\"https:\/\/ritmy.fr\/essais\/protocole-sanitaire\/\" target=\"_blank\"><span style=\"text-decoration: underline;\"><em>PAGE<\/em><\/span><\/a>)<\/p>\n\n\n\n<p class=\"has-very-light-gray-background-color has-background\">Afin de fluidifier l&rsquo;accueil du public, l&rsquo;ouverture des portes se fera <strong>\u00e0 partir de 16 h.<\/strong>, nous vous remercions de vous pr\u00e9senter le plus t\u00f4t possible, et bien s\u00fbr <strong>avec un masque<\/strong> dont le port est obligatoire.<\/p>\n\n\n\n<div style=\"height:20px\" aria-hidden=\"true\" class=\"wp-block-spacer\"><\/div>\n\n\n\n<div class=\"wp-block-columns are-vertically-aligned-top is-layout-flex wp-container-core-columns-is-layout-9d6595d7 wp-block-columns-is-layout-flex\">\n<div class=\"wp-block-column is-vertically-aligned-top is-layout-flow wp-block-column-is-layout-flow\" style=\"flex-basis:53.8%\">\n<div style=\"height:40px\" aria-hidden=\"true\" class=\"wp-block-spacer\"><\/div>\n\n\n\n<p class=\"has-text-align-left has-very-light-gray-background-color has-background\" style=\"font-size:18px\">Pour vous rendre \u00e0 l&rsquo;\u00e9glise Saint-Nicolas de NEAUPHLE-le-CH\u00c2TEAU :<\/p>\n<\/div>\n\n\n\n<div class=\"wp-block-column is-vertically-aligned-top is-layout-flow wp-block-column-is-layout-flow\" style=\"flex-basis:70%\">\n<iframe loading=\"lazy\" src=\"https:\/\/www.google.com\/maps\/embed?pb=!1m18!1m12!1m3!1d751.8857668868018!2d1.8997914508555394!3d48.81418223343299!2m3!1f0!2f0!3f0!3m2!1i1024!2i768!4f13.1!3m3!1m2!1s0x47e69b3cacb763cd%3A0xbfd82f15d3c44849!2sEglise%20Saint-Nicolas%20de%20Neauphle-le-Chateau!5e0!3m2!1sfr!2sfr!4v1600787303285!5m2!1sfr!2sfr\" width=\"600\" height=\"450\" frameborder=\"0\" style=\"border:0;\" allowfullscreen=\"\" aria-hidden=\"false\" tabindex=\"0\"><\/iframe>\n<\/div>\n<\/div>\n\n\n\n<hr class=\"wp-block-separator has-text-color has-background has-very-dark-gray-background-color has-very-dark-gray-color is-style-dots\"\/>\n\n\n\n<div class=\"wp-block-media-text\" style=\"grid-template-columns:23% auto\"><figure class=\"wp-block-media-text__media\"><img loading=\"lazy\" decoding=\"async\" width=\"1000\" height=\"607\" src=\"https:\/\/ritmy.fr\/essais\/wp-content\/uploads\/2021\/05\/sinlc-logo-1000x607.jpg\" alt=\"\" class=\"wp-image-25859 size-full\" srcset=\"https:\/\/ritmy.fr\/essais\/wp-content\/uploads\/2021\/05\/sinlc-logo-1000x607.jpg 1000w, https:\/\/ritmy.fr\/essais\/wp-content\/uploads\/2021\/05\/sinlc-logo-300x182.jpg 300w, https:\/\/ritmy.fr\/essais\/wp-content\/uploads\/2021\/05\/sinlc-logo-768x466.jpg 768w, https:\/\/ritmy.fr\/essais\/wp-content\/uploads\/2021\/05\/sinlc-logo-803x488.jpg 803w, https:\/\/ritmy.fr\/essais\/wp-content\/uploads\/2021\/05\/sinlc-logo.jpg 1288w\" sizes=\"auto, (max-width: 1000px) 100vw, 1000px\" \/><\/figure><div class=\"wp-block-media-text__content\">\n<p style=\"font-size:17px\">Concert organis\u00e9 conjointement par RITMY et le SYNDICAT D&rsquo;INITIATIVE de Neauphle-le-Ch\u00e2teau.<\/p>\n<\/div><\/div>\n\n\n\n<div class=\"wp-block-media-text\" style=\"grid-template-columns:27% auto\"><figure class=\"wp-block-media-text__media\"><img loading=\"lazy\" decoding=\"async\" width=\"1000\" height=\"500\" src=\"https:\/\/ritmy.fr\/essais\/wp-content\/uploads\/2018\/09\/SPEDIDAM-ENCADRE-r\u00e9duit-1000x500.jpg\" alt=\"\" class=\"wp-image-18150 size-full\" srcset=\"https:\/\/ritmy.fr\/essais\/wp-content\/uploads\/2018\/09\/SPEDIDAM-ENCADRE-r\u00e9duit-1000x500.jpg 1000w, https:\/\/ritmy.fr\/essais\/wp-content\/uploads\/2018\/09\/SPEDIDAM-ENCADRE-r\u00e9duit-300x150.jpg 300w, https:\/\/ritmy.fr\/essais\/wp-content\/uploads\/2018\/09\/SPEDIDAM-ENCADRE-r\u00e9duit-768x384.jpg 768w, https:\/\/ritmy.fr\/essais\/wp-content\/uploads\/2018\/09\/SPEDIDAM-ENCADRE-r\u00e9duit.jpg 1100w\" sizes=\"auto, (max-width: 1000px) 100vw, 1000px\" \/><\/figure><div class=\"wp-block-media-text__content\">\n<p style=\"font-size:17px\">RITMY b\u00e9n\u00e9ficie du soutien de la SPEDIDAM.<\/p>\n<\/div><\/div>\n\n\n\n<div style=\"height:20px\" aria-hidden=\"true\" class=\"wp-block-spacer\"><\/div>\n\n\n\n<p>(cr\u00e9dits photos M. Mann)<\/p>\n\n\n\n<div style=\"height:20px\" aria-hidden=\"true\" class=\"wp-block-spacer\"><\/div>\n\n\n\n<p><\/p>\n","protected":false},"excerpt":{"rendered":"<p>Audrey LONCA-ALBERTO et Paolo RIGUTTO &#8211; Piano \u00e0 4 mains \u00e0 NEAUPHLE-le-CH\u00c2TEAU, le Dimanche 22 novembre 2020 \u00e0 17h. &#8211; \u00e9glise Saint-Nicolas. &#x26a0;&#xfe0f; Compte-tenu des nouvelles mesures sanitaires annonc\u00e9es par le gouvernement, le concert est ANNUL\u00c9. Nous sommes heureux de vous faire d\u00e9couvrir deux jeunes et talentueux pianistes qui nous interpr\u00e8teront \u00e0 quatre mains un &hellip; <\/p>\n<p><a class=\"more-link btn\" href=\"https:\/\/ritmy.fr\/essais\/audrey-lonca-alberto-et-paolo-rigutto\/\">Lire la suite<\/a><\/p>\n","protected":false},"author":3,"featured_media":23414,"comment_status":"closed","ping_status":"closed","sticky":false,"template":"","format":"standard","meta":{"footnotes":""},"categories":[3,4,5,6,1],"tags":[319,348,399,64,12,272,346],"class_list":["post-23302","post","type-post","status-publish","format-standard","has-post-thumbnail","hentry","category-les-oeuvres","category-concerts","category-dans-les-yvelines","category-les-musiciens","category-ritmy","tag-debussy","tag-lonca-alberto","tag-moussorgski","tag-neauphle","tag-piano","tag-ravel","tag-rigutto","nodate","item-wrap"],"_links":{"self":[{"href":"https:\/\/ritmy.fr\/essais\/wp-json\/wp\/v2\/posts\/23302","targetHints":{"allow":["GET"]}}],"collection":[{"href":"https:\/\/ritmy.fr\/essais\/wp-json\/wp\/v2\/posts"}],"about":[{"href":"https:\/\/ritmy.fr\/essais\/wp-json\/wp\/v2\/types\/post"}],"author":[{"embeddable":true,"href":"https:\/\/ritmy.fr\/essais\/wp-json\/wp\/v2\/users\/3"}],"replies":[{"embeddable":true,"href":"https:\/\/ritmy.fr\/essais\/wp-json\/wp\/v2\/comments?post=23302"}],"version-history":[{"count":55,"href":"https:\/\/ritmy.fr\/essais\/wp-json\/wp\/v2\/posts\/23302\/revisions"}],"predecessor-version":[{"id":25863,"href":"https:\/\/ritmy.fr\/essais\/wp-json\/wp\/v2\/posts\/23302\/revisions\/25863"}],"wp:featuredmedia":[{"embeddable":true,"href":"https:\/\/ritmy.fr\/essais\/wp-json\/wp\/v2\/media\/23414"}],"wp:attachment":[{"href":"https:\/\/ritmy.fr\/essais\/wp-json\/wp\/v2\/media?parent=23302"}],"wp:term":[{"taxonomy":"category","embeddable":true,"href":"https:\/\/ritmy.fr\/essais\/wp-json\/wp\/v2\/categories?post=23302"},{"taxonomy":"post_tag","embeddable":true,"href":"https:\/\/ritmy.fr\/essais\/wp-json\/wp\/v2\/tags?post=23302"}],"curies":[{"name":"wp","href":"https:\/\/api.w.org\/{rel}","templated":true}]}}