{"id":22960,"date":"2020-09-23T08:36:31","date_gmt":"2020-09-23T07:36:31","guid":{"rendered":"http:\/\/ritmy.fr\/essais\/?p=22960"},"modified":"2021-03-28T13:28:59","modified_gmt":"2021-03-28T12:28:59","slug":"alexandre-kantorow-a-montfort-lamaury","status":"publish","type":"post","link":"https:\/\/ritmy.fr\/essais\/alexandre-kantorow-a-montfort-lamaury\/","title":{"rendered":"Alexandre KANTOROW, \u00e0 Montfort L&rsquo;Amaury le 1er novembre 2020 (ANNUL\u00c9)"},"content":{"rendered":"\n<p class=\"has-vivid-cyan-blue-color has-text-color\" style=\"font-size:22px\"><strong>Alexandre KANTOROW<\/strong> &#8211; <strong>R\u00e9cital de Piano<\/strong><\/p>\n\n\n\n<p class=\"has-vivid-cyan-blue-color has-text-color\" style=\"font-size:22px\"><strong>\u00c0 MONTFORT L&rsquo;AMAURY, le dimanche 1er novembre 2020 \u00e0 17h00 &#8211; Salle de spectacle du CML<\/strong><\/p>\n\n\n\n<p class=\"has-vivid-red-color has-pale-cyan-blue-background-color has-text-color has-background\" style=\"font-size:19px\">&#x26a0;&#xfe0f; Compte-tenu des nouvelles mesures sanitaires annonc\u00e9es par le gouvernement, le concert est <strong>ANNUL\u00c9<\/strong>.<\/p>\n\n\n\n<p style=\"font-size:18px\">Nous sommes tr\u00e8s heureux et fiers de pouvoir vous faire entendre le jeune prodige fran\u00e7ais du piano, <strong>Alexandre KANTOROW<\/strong>.<\/p>\n\n\n\n<p class=\"has-normal-font-size\">En 2019, \u00e0 22 ans, <strong>Alexandre KANTOROW<\/strong> est le premier pianiste fran\u00e7ais \u00e0 remporter la m\u00e9daille d\u2019or du prestigieux <strong>Concours Tcha\u00efkovski<\/strong> ainsi que le Grand Prix du Concours.<\/p>\n\n\n\n<div class=\"wp-block-image\"><figure class=\"aligncenter size-large is-resized\"><img loading=\"lazy\" decoding=\"async\" src=\"https:\/\/ritmy.fr\/essais\/wp-content\/uploads\/2020\/05\/Alexandre_Kantorow_c_St\u00e9phane_Delavoye-copie-1000x707.jpeg\" alt=\"\" class=\"wp-image-22273\" width=\"561\" height=\"396\" srcset=\"https:\/\/ritmy.fr\/essais\/wp-content\/uploads\/2020\/05\/Alexandre_Kantorow_c_St\u00e9phane_Delavoye-copie-1000x707.jpeg 1000w, https:\/\/ritmy.fr\/essais\/wp-content\/uploads\/2020\/05\/Alexandre_Kantorow_c_St\u00e9phane_Delavoye-copie-300x212.jpeg 300w, https:\/\/ritmy.fr\/essais\/wp-content\/uploads\/2020\/05\/Alexandre_Kantorow_c_St\u00e9phane_Delavoye-copie-768x543.jpeg 768w, https:\/\/ritmy.fr\/essais\/wp-content\/uploads\/2020\/05\/Alexandre_Kantorow_c_St\u00e9phane_Delavoye-copie-1536x1086.jpeg 1536w, https:\/\/ritmy.fr\/essais\/wp-content\/uploads\/2020\/05\/Alexandre_Kantorow_c_St\u00e9phane_Delavoye-copie-2048x1448.jpeg 2048w\" sizes=\"auto, (max-width: 561px) 100vw, 561px\" \/><figcaption>Alexandre KANTOROW (photo St\u00e9phane Delavoye)<\/figcaption><\/figure><\/div>\n\n\n\n<p>Que ce soit en disque ou en r\u00e9cital, <strong>Alexandre KANTOROW<\/strong> suscite des critiques dithyrambiques. Salu\u00e9 par la presse comme le \u00ab\u00a0jeune tsar\u00a0\u00bb du piano fran\u00e7ais, il a commenc\u00e9 \u00e0 se produire tr\u00e8s t\u00f4t. \u00c0 16 ans, il \u00e9tait invit\u00e9 aux Folles Journ\u00e9es de Nantes et de Varsovie avec le Sinfonia Varsovia et il a depuis jou\u00e9 avec de nombreux orchestres. Il collabore r\u00e9guli\u00e8rement avec Valery Gergiev et l\u2019orchestre du Mariinsky.<\/p>\n\n\n\n<p>On a pu le voir dans <strong>les plus grandes salles<\/strong> : Concertgebouw d\u2019Amsterdam, Konzerthaus de Berlin, Philharmonie de Paris, Bozar de Bruxelles mais aussi dans les plus grands festivals : La Roque d\u2019Anth\u00e9ron, Piano aux Jacobins, le festival d\u2019Heidelberg etc&#8230;<\/p>\n\n\n\n<div class=\"wp-block-media-text is-stacked-on-mobile is-vertically-aligned-center\" style=\"grid-template-columns:28% auto\"><figure class=\"wp-block-media-text__media\"><img loading=\"lazy\" decoding=\"async\" width=\"665\" height=\"1000\" src=\"https:\/\/ritmy.fr\/essais\/wp-content\/uploads\/2020\/08\/JBM7659\u220fJean-Baptiste-Millot-copie-665x1000.jpg\" alt=\"\" class=\"wp-image-22986\" srcset=\"https:\/\/ritmy.fr\/essais\/wp-content\/uploads\/2020\/08\/JBM7659\u220fJean-Baptiste-Millot-copie-665x1000.jpg 665w, https:\/\/ritmy.fr\/essais\/wp-content\/uploads\/2020\/08\/JBM7659\u220fJean-Baptiste-Millot-copie-200x300.jpg 200w, https:\/\/ritmy.fr\/essais\/wp-content\/uploads\/2020\/08\/JBM7659\u220fJean-Baptiste-Millot-copie-768x1154.jpg 768w, https:\/\/ritmy.fr\/essais\/wp-content\/uploads\/2020\/08\/JBM7659\u220fJean-Baptiste-Millot-copie.jpg 1000w\" sizes=\"auto, (max-width: 665px) 100vw, 665px\" \/><\/figure><div class=\"wp-block-media-text__content\">\n<p class=\"has-normal-font-size\">Son disque de r\u00e9cital chez BIS \u00ab\u00a0\u00c0 la russe\u00a0\u00bb (BIS-2150) a remport\u00e9 de nombreuses r\u00e9compenses dont le Choc de l\u2019Ann\u00e9e (Classica), Diapason d\u00e9couverte (Diapason), Supersonic (Pizzicato) et CD des Doppelmonats (PianoNews). Pour BIS il a \u00e9galement enregistr\u00e9 les concertos pour piano de Liszt (BIS-2100) et Saint-Sa\u00ebns (BIS-2300), et un r\u00e9cital avec les rhapsodies de Brahms, Bart\u00f3k et Liszt sorti le 4\/09\/2020 (BIS-2380).<\/p>\n\n\n\n<p class=\"has-normal-font-size\">Son disque Saint-Sa\u00ebns a re\u00e7u le Diapason d\u2019Or et le Choc Classica de l\u2019ann\u00e9e 2019.<\/p>\n<\/div><\/div>\n\n\n\n<p>En 2019, il re\u00e7oit le Prix de la Critique : \u00ab\u00a0R\u00e9v\u00e9lation Musicale de l\u2019ann\u00e9e\u00a0\u00bb.<\/p>\n\n\n\n<p>En 2020, il remporte <strong>deux<\/strong> <strong>&lsquo;Victoires de la Musique Classique<\/strong>&lsquo;&nbsp;: enregistrement de l\u2019ann\u00e9e (Saint-Sa\u00ebns concertos n\u00b03, 4 et 5) et soliste instrumental de l\u2019ann\u00e9e.<\/p>\n\n\n\n<p>Alexandre s\u2019est form\u00e9 aupr\u00e8s de Pierre-Alain Volondat, Igor Lazko, Franck Braley et Rena Shereshevskaya avec qui il travaille toujours aujourd\u2019hui.&nbsp;<\/p>\n\n\n\n<p>Alexandre est laur\u00e9at de la Fondation Safran et de la Banque Populaire.&nbsp;<\/p>\n\n\n\n<div class=\"wp-block-group\"><div class=\"wp-block-group__inner-container is-layout-flow wp-block-group-is-layout-flow\">\n<div class=\"wp-block-group\"><div class=\"wp-block-group__inner-container is-layout-flow wp-block-group-is-layout-flow\">\n<p class=\"has-vivid-cyan-blue-color has-text-color\"><em>\u00ab\u00a0Alexandre Kantorow,&nbsp;tsar du piano<\/em>\u00a0\u00bb &#8211; Benjamin Puech, Le Figaro.fr<\/p>\n<\/div><\/div>\n<\/div><\/div>\n\n\n\n<div class=\"wp-block-group\"><div class=\"wp-block-group__inner-container is-layout-flow wp-block-group-is-layout-flow\">\n<div class=\"wp-block-group\"><div class=\"wp-block-group__inner-container is-layout-flow wp-block-group-is-layout-flow\">\n<div class=\"wp-block-group\"><div class=\"wp-block-group__inner-container is-layout-flow wp-block-group-is-layout-flow\">\n<p class=\"has-vivid-cyan-blue-color has-text-color\"><em>\u00ab\u00a0Un grand est n\u00e9 !\u00a0\u00bb <\/em>&#8211; Alain Cochard, concertclassic.com<\/p>\n<\/div><\/div>\n<\/div><\/div>\n\n\n\n<div class=\"wp-block-group\"><div class=\"wp-block-group__inner-container is-layout-flow wp-block-group-is-layout-flow\">\n<div style=\"height:20px\" aria-hidden=\"true\" class=\"wp-block-spacer\"><\/div>\n<\/div><\/div>\n\n\n\n<div class=\"wp-block-group\"><div class=\"wp-block-group__inner-container is-layout-flow wp-block-group-is-layout-flow\">\n<div class=\"wp-block-group has-very-light-gray-background-color has-background\"><div class=\"wp-block-group__inner-container is-layout-flow wp-block-group-is-layout-flow\">\n<p><strong>Alexandre KANTOROW<\/strong> nous offrira un programme consacr\u00e9 \u00e0 <strong>Johannes BRAHMS <\/strong>(1833-1897) :   <em>(sous r\u00e9serve de modifications)<\/em><\/p>\n\n\n\n<ul class=\"wp-block-list\"><li>4 Ballades pour piano op. 10 (1854)<\/li><li>Rhapsodie n\u00b0 1 op. 79 (1879)<\/li><li>Sonate n\u00b0 3 en fa mineur op. 5 (1853)<\/li><\/ul>\n<\/div><\/div>\n\n\n\n<p><\/p>\n<\/div><\/div>\n<\/div><\/div>\n\n\n\n<div style=\"height:20px\" aria-hidden=\"true\" class=\"wp-block-spacer\"><\/div>\n\n\n\n<p>Ecoutons <strong>Alexandre KANTOROW<\/strong> jouer ici l&rsquo;Etude Op. 10 n\u00b0 8 en fa majeur de Fr\u00e9d\u00e9ric Chopin (c&rsquo;\u00e9tait en juin 2019 lors du Concours Tcha\u00efkovski).<\/p>\n\n\n\n<figure class=\"wp-block-embed-youtube aligncenter wp-block-embed is-type-video is-provider-youtube wp-embed-aspect-16-9 wp-has-aspect-ratio\"><div class=\"wp-block-embed__wrapper\">\n<iframe loading=\"lazy\" title=\"Alexandre Kantorow plays Chopin Etude Op. 10 n.8 in F major\" width=\"803\" height=\"452\" src=\"https:\/\/www.youtube.com\/embed\/PV-y_x1HVlY?feature=oembed\" frameborder=\"0\" allow=\"accelerometer; autoplay; clipboard-write; encrypted-media; gyroscope; picture-in-picture\" allowfullscreen><\/iframe>\n<\/div><\/figure>\n\n\n\n<div style=\"height:20px\" aria-hidden=\"true\" class=\"wp-block-spacer\"><\/div>\n\n\n\n<p>Vous pouvez aussi revoir son \u00e9poustouflante prestation lors de la <strong>finale du Concours Tcha\u00efkovski<\/strong>, dans le Concerto pour piano n\u00b02 de Tcha\u00efkovski, puis dans le Concerto pour piano n\u00b02 de Brahms : <em><span style=\"text-decoration: underline;\"><strong><a rel=\"noreferrer noopener\" href=\"https:\/\/tch16.medici.tv\/en\/replay\/#filter?slug=final-with-alexandre-kantorow-\" target=\"_blank\">ICI<\/a><\/strong><\/span><\/em>    &#8211;   A voir, et surtout \u00e9couter, absolument !<\/p>\n\n\n\n<div class=\"wp-block-group\"><div class=\"wp-block-group__inner-container is-layout-flow wp-block-group-is-layout-flow\">\n<div class=\"wp-block-group\"><div class=\"wp-block-group__inner-container is-layout-flow wp-block-group-is-layout-flow\">\n<div class=\"wp-block-media-text has-media-on-the-right is-stacked-on-mobile is-vertically-aligned-center\" style=\"grid-template-columns:auto 19%\"><figure class=\"wp-block-media-text__media\"><img loading=\"lazy\" decoding=\"async\" width=\"1000\" height=\"1000\" src=\"https:\/\/ritmy.fr\/essais\/wp-content\/uploads\/2020\/09\/Disque-brahms-bartok-liszt-1000x1000.jpg\" alt=\"\" class=\"wp-image-23232\" srcset=\"https:\/\/ritmy.fr\/essais\/wp-content\/uploads\/2020\/09\/Disque-brahms-bartok-liszt-1000x1000.jpg 1000w, https:\/\/ritmy.fr\/essais\/wp-content\/uploads\/2020\/09\/Disque-brahms-bartok-liszt-300x300.jpg 300w, https:\/\/ritmy.fr\/essais\/wp-content\/uploads\/2020\/09\/Disque-brahms-bartok-liszt-150x150.jpg 150w, https:\/\/ritmy.fr\/essais\/wp-content\/uploads\/2020\/09\/Disque-brahms-bartok-liszt-768x768.jpg 768w, https:\/\/ritmy.fr\/essais\/wp-content\/uploads\/2020\/09\/Disque-brahms-bartok-liszt.jpg 1417w\" sizes=\"auto, (max-width: 1000px) 100vw, 1000px\" \/><\/figure><div class=\"wp-block-media-text__content\">\n<p class=\"has-normal-font-size\">Le 4 septembre vient donc de sortir son <strong>tout dernier disque r\u00e9cital \u00ab\u00a0Brahms, Bart\u00f3k, Liszt\u00a0\u00bb<\/strong> chez BIS, dans lequel il joue la Sonate n\u00b02 et la Rhapsodie n\u00b0 1 de Brahms. Un album qui a d\u00e9j\u00e0 re\u00e7u de formidables critiques, par exemple il \u00e9tait &lsquo;Disque du jour&rsquo; le 9\/09 sur France Musique, il a obtenu un &lsquo;Diapason d&rsquo;Or&rsquo;, et un &lsquo;Choc&rsquo; par Classica dont il fait la couverture en septembre.<\/p>\n<\/div><\/div>\n\n\n\n<p><\/p>\n<\/div><\/div>\n\n\n\n<p><\/p>\n<\/div><\/div>\n\n\n\n<div style=\"height:20px\" aria-hidden=\"true\" class=\"wp-block-spacer\"><\/div>\n\n\n\n<div class=\"wp-block-group\"><div class=\"wp-block-group__inner-container is-layout-flow wp-block-group-is-layout-flow\">\n<div class=\"wp-block-group\"><div class=\"wp-block-group__inner-container is-layout-flow wp-block-group-is-layout-flow\">\n<div class=\"wp-block-group\"><div class=\"wp-block-group__inner-container is-layout-flow wp-block-group-is-layout-flow\">\n<p class=\"has-very-light-gray-background-color has-background\" style=\"font-size:18px\">Ce jeune prodige suscite l\u2019enthousiasme et l\u2019enchantement \u00e0 chacun de ses r\u00e9citals, sa virtuosit\u00e9 cr\u00e9e le vertige et l\u2019admiration.<\/p>\n<\/div><\/div>\n<\/div><\/div>\n<\/div><\/div>\n\n\n\n<div class=\"wp-block-group\"><div class=\"wp-block-group__inner-container is-layout-flow wp-block-group-is-layout-flow\">\n<p class=\"has-vivid-red-color has-text-color has-medium-font-size\"><strong>Un concert \u00e9v\u00e8nement \u00e0 ne pas manquer !<\/strong><\/p>\n<\/div><\/div>\n\n\n\n<div class=\"wp-block-group\"><div class=\"wp-block-group__inner-container is-layout-flow wp-block-group-is-layout-flow\">\n<div style=\"height:20px\" aria-hidden=\"true\" class=\"wp-block-spacer\"><\/div>\n<\/div><\/div>\n\n\n\n<p class=\"has-black-color has-pale-cyan-blue-background-color has-text-color has-background\" style=\"font-size:18px\"><strong>Le concert est COMPLET, il n&rsquo;y a malheureusement plus de places disponibles.<\/strong><\/p>\n\n\n\n<div style=\"height:24px\" aria-hidden=\"true\" class=\"wp-block-spacer\"><\/div>\n\n\n\n<p class=\"has-very-light-gray-background-color has-background\">Le concert se d\u00e9roulera de mani\u00e8re \u00e0&nbsp;<strong>garantir la s\u00e9curit\u00e9 de tous<\/strong>, nous appliquerons toutes les mesures sanitaires en vigueur.  (<em>plus d&rsquo;informations sur notre <strong>Protocole sanitaire<\/strong> dans cette<\/em> <a rel=\"noreferrer noopener\" href=\"https:\/\/ritmy.fr\/essais\/protocole-sanitaire\/\" target=\"_blank\"><span style=\"text-decoration: underline;\"><em>PAGE<\/em><\/span><\/a>)<\/p>\n\n\n\n<p class=\"has-very-light-gray-background-color has-background\">Afin de fluidifier l&rsquo;accueil du public, l&rsquo;ouverture des portes se fera <strong>\u00e0 partir de 16 h.<\/strong>, nous vous remercions de vous pr\u00e9senter le plus t\u00f4t possible, muni de votre <strong>billet<\/strong>, et bien s\u00fbr <strong>avec un masque<\/strong> dont le port est obligatoire.<\/p>\n\n\n\n<div style=\"height:24px\" aria-hidden=\"true\" class=\"wp-block-spacer\"><\/div>\n\n\n\n<div class=\"wp-block-columns is-layout-flex wp-container-core-columns-is-layout-9d6595d7 wp-block-columns-is-layout-flex\">\n<div class=\"wp-block-column is-vertically-aligned-top is-layout-flow wp-block-column-is-layout-flow\" style=\"flex-basis:35%\">\n<p class=\"has-text-align-left has-very-light-gray-background-color has-background\" style=\"font-size:18px\">Le CML (Centre Municipal des Loisirs) de MONTFORT L&rsquo;AMAURY est situ\u00e9 : 3, Place de Nickenich <em>(parking assur\u00e9)<\/em><\/p>\n\n\n\n<p class=\"has-very-light-gray-background-color has-background\" style=\"font-size:18px\">Le concert a lieu dans la salle de spectacle &lsquo;Labadie&rsquo;.<\/p>\n<\/div>\n\n\n\n<div class=\"wp-block-column is-vertically-aligned-center is-layout-flow wp-block-column-is-layout-flow\" style=\"flex-basis:65%\">\n<iframe loading=\"lazy\" src=\"https:\/\/www.google.com\/maps\/embed?pb=!1m14!1m8!1m3!1d2629.3929474532297!2d1.814965!3d48.774388!3m2!1i1024!2i768!4f13.1!3m3!1m2!1s0x0%3A0xb493fbb23a1b72ee!2sCentre%20Municipal%20des%20Loisirs!5e0!3m2!1sfr!2sus!4v1581610596890!5m2!1sfr!2sus\" width=\"400\" height=\"300\" frameborder=\"0\" style=\"border:0;\" allowfullscreen=\"\"><\/iframe>\n<\/div>\n<\/div>\n\n\n\n<hr class=\"wp-block-separator is-style-dots\"\/>\n\n\n\n<div class=\"wp-block-media-text\" style=\"grid-template-columns:39% auto\"><figure class=\"wp-block-media-text__media\"><img loading=\"lazy\" decoding=\"async\" width=\"1000\" height=\"237\" src=\"https:\/\/ritmy.fr\/essais\/wp-content\/uploads\/2019\/06\/Logo_ville_Montfort_CMYK-1000x237.png\" alt=\"\" class=\"wp-image-19859\" srcset=\"https:\/\/ritmy.fr\/essais\/wp-content\/uploads\/2019\/06\/Logo_ville_Montfort_CMYK-1000x237.png 1000w, https:\/\/ritmy.fr\/essais\/wp-content\/uploads\/2019\/06\/Logo_ville_Montfort_CMYK-300x71.png 300w, https:\/\/ritmy.fr\/essais\/wp-content\/uploads\/2019\/06\/Logo_ville_Montfort_CMYK-768x182.png 768w\" sizes=\"auto, (max-width: 1000px) 100vw, 1000px\" \/><\/figure><div class=\"wp-block-media-text__content\">\n<p style=\"font-size:17px\">Concert organis\u00e9 par RITMY avec le soutien exceptionnel de la ville de MONTFORT L&rsquo;AMAURY.<\/p>\n<\/div><\/div>\n\n\n\n<div class=\"wp-block-media-text is-vertically-aligned-center\" style=\"grid-template-columns:30% auto\"><figure class=\"wp-block-media-text__media\"><img loading=\"lazy\" decoding=\"async\" width=\"1000\" height=\"500\" src=\"https:\/\/ritmy.fr\/essais\/wp-content\/uploads\/2018\/09\/SPEDIDAM-ENCADRE-r\u00e9duit-1000x500.jpg\" alt=\"\" class=\"wp-image-18150\" srcset=\"https:\/\/ritmy.fr\/essais\/wp-content\/uploads\/2018\/09\/SPEDIDAM-ENCADRE-r\u00e9duit-1000x500.jpg 1000w, https:\/\/ritmy.fr\/essais\/wp-content\/uploads\/2018\/09\/SPEDIDAM-ENCADRE-r\u00e9duit-300x150.jpg 300w, https:\/\/ritmy.fr\/essais\/wp-content\/uploads\/2018\/09\/SPEDIDAM-ENCADRE-r\u00e9duit-768x384.jpg 768w, https:\/\/ritmy.fr\/essais\/wp-content\/uploads\/2018\/09\/SPEDIDAM-ENCADRE-r\u00e9duit.jpg 1100w\" sizes=\"auto, (max-width: 1000px) 100vw, 1000px\" \/><\/figure><div class=\"wp-block-media-text__content\">\n<p class=\"has-text-align-left\" style=\"font-size:17px\">RITMY b\u00e9n\u00e9ficie du soutien de la SPEDIDAM.<\/p>\n<\/div><\/div>\n\n\n\n<div style=\"height:20px\" aria-hidden=\"true\" class=\"wp-block-spacer\"><\/div>\n","protected":false},"excerpt":{"rendered":"<p>Alexandre KANTOROW &#8211; R\u00e9cital de Piano \u00c0 MONTFORT L&rsquo;AMAURY, le dimanche 1er novembre 2020 \u00e0 17h00 &#8211; Salle de spectacle du CML &#x26a0;&#xfe0f; Compte-tenu des nouvelles mesures sanitaires annonc\u00e9es par le gouvernement, le concert est ANNUL\u00c9. Nous sommes tr\u00e8s heureux et fiers de pouvoir vous faire entendre le jeune prodige fran\u00e7ais du piano, Alexandre KANTOROW. &hellip; <\/p>\n<p><a class=\"more-link btn\" href=\"https:\/\/ritmy.fr\/essais\/alexandre-kantorow-a-montfort-lamaury\/\">Lire la suite<\/a><\/p>\n","protected":false},"author":3,"featured_media":22273,"comment_status":"closed","ping_status":"closed","sticky":false,"template":"","format":"standard","meta":{"footnotes":""},"categories":[3,4,5,6,1],"tags":[66,68,388,380,12,279,281,301],"class_list":["post-22960","post","type-post","status-publish","format-standard","has-post-thumbnail","hentry","category-les-oeuvres","category-concerts","category-dans-les-yvelines","category-les-musiciens","category-ritmy","tag-bach","tag-brahms","tag-kantorow","tag-montfort","tag-piano","tag-sonate","tag-tchaikovski","tag-victoire","nodate","item-wrap"],"_links":{"self":[{"href":"https:\/\/ritmy.fr\/essais\/wp-json\/wp\/v2\/posts\/22960","targetHints":{"allow":["GET"]}}],"collection":[{"href":"https:\/\/ritmy.fr\/essais\/wp-json\/wp\/v2\/posts"}],"about":[{"href":"https:\/\/ritmy.fr\/essais\/wp-json\/wp\/v2\/types\/post"}],"author":[{"embeddable":true,"href":"https:\/\/ritmy.fr\/essais\/wp-json\/wp\/v2\/users\/3"}],"replies":[{"embeddable":true,"href":"https:\/\/ritmy.fr\/essais\/wp-json\/wp\/v2\/comments?post=22960"}],"version-history":[{"count":104,"href":"https:\/\/ritmy.fr\/essais\/wp-json\/wp\/v2\/posts\/22960\/revisions"}],"predecessor-version":[{"id":23537,"href":"https:\/\/ritmy.fr\/essais\/wp-json\/wp\/v2\/posts\/22960\/revisions\/23537"}],"wp:featuredmedia":[{"embeddable":true,"href":"https:\/\/ritmy.fr\/essais\/wp-json\/wp\/v2\/media\/22273"}],"wp:attachment":[{"href":"https:\/\/ritmy.fr\/essais\/wp-json\/wp\/v2\/media?parent=22960"}],"wp:term":[{"taxonomy":"category","embeddable":true,"href":"https:\/\/ritmy.fr\/essais\/wp-json\/wp\/v2\/categories?post=22960"},{"taxonomy":"post_tag","embeddable":true,"href":"https:\/\/ritmy.fr\/essais\/wp-json\/wp\/v2\/tags?post=22960"}],"curies":[{"name":"wp","href":"https:\/\/api.w.org\/{rel}","templated":true}]}}