{"id":22418,"date":"2020-06-17T08:29:27","date_gmt":"2020-06-17T07:29:27","guid":{"rendered":"http:\/\/ritmy.fr\/essais\/?p=22418"},"modified":"2020-12-08T14:17:16","modified_gmt":"2020-12-08T13:17:16","slug":"les-prochaines-saisons-musicales","status":"publish","type":"post","link":"https:\/\/ritmy.fr\/essais\/les-prochaines-saisons-musicales\/","title":{"rendered":"Les prochaines Saisons Musicales 2020-2021"},"content":{"rendered":"\n<p style=\"font-size:19px\" class=\"has-text-color has-vivid-cyan-blue-color\"><strong>Voici quelques nouvelles des Saisons Musicales RITMY\u2026<\/strong><\/p>\n\n\n\n<p>En raison de la crise sanitaire nous avons d\u00fb \u00e0 regret <strong>\u00e9courter les 30i\u00e8mes Saisons Musicales<\/strong>. Nos derniers rendez-vous \u00e0 partir du 15 mars ont \u00e9t\u00e9 annul\u00e9s, en particulier les \u2018Evasions Musicales\u2019 que nous nous faisions une joie de partager avec vous pour f\u00eater les 30 ans de Ritmy.<\/p>\n\n\n\n<p>Toute l\u2019\u00e9quipe RITMY va bien et a pu finaliser la programmation de la nouvelle Saison Musicale 2020-2021.<\/p>\n\n\n\n<p>Nous en \u00e9tudions actuellement la faisabilit\u00e9 en tenant compte des mesures sanitaires en vigueur n\u00e9cessaires \u00e0 la s\u00e9curit\u00e9 du public, que nous appliquerons, et esp\u00e9rons pouvoir reprendre nos concerts <strong>d\u00e9but novembre<\/strong> comme nous l&rsquo;avions pr\u00e9vu.<\/p>\n\n\n\n<p>Tout est mis en oeuvre pour vous retrouver au plus vite et partager avec les artistes des moments exceptionnels.<\/p>\n\n\n\n<p class=\"has-background has-very-light-gray-background-color\"><strong>Dans ce contexte particulier, le programme des 31i\u00e8mes Saisons Musicales vous sera annonc\u00e9 <span style=\"text-decoration: underline;\">en septembre<\/span>.<\/strong><\/p>\n\n\n\n<p>D\u2019ici l\u00e0, nous vous invitons \u00e0 consulter r\u00e9guli\u00e8rement ici notre <strong>site internet<\/strong>, avec des informations&nbsp;et de nouveaux articles mis en ligne r\u00e9guli\u00e8rement, ainsi que notre <strong>page&nbsp;<span style=\"text-decoration: underline;\"><a rel=\"noreferrer noopener\" href=\"https:\/\/www.facebook.com\/pg\/LesSaisonsMusicalesdeRitmy\/posts\/?ref=page_internal\" target=\"_blank\">facebook<\/a><\/span>.<\/strong><\/p>\n\n\n\n<p>Toute l\u2019\u00e9quipe Ritmy vous souhaite un tr\u00e8s bon \u00e9t\u00e9 et esp\u00e8re vous accueillir de nouveau au plus t\u00f4t.<\/p>\n\n\n\n<p>Et continuons \u00e0 \u00eatre prudents.<\/p>\n\n\n\n<p><strong>L\u2019\u00e9quipe RITMY<\/strong><\/p>\n\n\n\n<p><span style=\"text-decoration: underline;\">Restons en contact<\/span>, n\u2019h\u00e9sitez pas \u00e0 nous \u00e9crire :&nbsp;<a href=\"mailto:contact.ritmy@gmail.com\"><em>contact.ritmy@gmail.com<\/em><\/a><\/p>\n\n\n\n<hr class=\"wp-block-separator has-text-color has-background has-vivid-cyan-blue-background-color has-vivid-cyan-blue-color is-style-wide\"\/>\n\n\n\n<p class=\"has-background has-very-light-gray-background-color\">En attendant de d\u00e9couvrir le programme des 31i\u00e8mes Saisons, voici un <strong>petit retour en images<\/strong> sur les concerts de nos <strong>30i\u00e8mes Saisons Musicales<\/strong>. De beaux souvenirs&#8230;<\/p>\n\n\n\n<figure class=\"wp-block-gallery aligncenter columns-2 is-cropped wp-block-gallery-1 is-layout-flex wp-block-gallery-is-layout-flex\"><ul class=\"blocks-gallery-grid\"><li class=\"blocks-gallery-item\"><figure><img loading=\"lazy\" decoding=\"async\" width=\"1000\" height=\"762\" src=\"https:\/\/ritmy.fr\/essais\/wp-content\/uploads\/2020\/01\/Julien-Laferri\u00e8re-Vitaud-5-1000x762.jpg\" alt=\"\" data-id=\"21738\" data-full-url=\"https:\/\/ritmy.fr\/essais\/wp-content\/uploads\/2020\/01\/Julien-Laferri\u00e8re-Vitaud-5-scaled-e1579535698212.jpg\" data-link=\"https:\/\/ritmy.fr\/essais\/julien-laferriere-vitaud-5\/\" class=\"wp-image-21738\"\/><figcaption class=\"blocks-gallery-item__caption\">V. Julien-Laferri\u00e8re , J. Vitaud<\/figcaption><\/figure><\/li><li class=\"blocks-gallery-item\"><figure><img loading=\"lazy\" decoding=\"async\" width=\"1000\" height=\"750\" src=\"https:\/\/ritmy.fr\/essais\/wp-content\/uploads\/2020\/03\/Kotaro-2020-25-1000x750.jpeg\" alt=\"\" data-id=\"22147\" data-full-url=\"https:\/\/ritmy.fr\/essais\/wp-content\/uploads\/2020\/03\/Kotaro-2020-25-scaled.jpeg\" data-link=\"https:\/\/ritmy.fr\/essais\/kotaro-2020-25\/\" class=\"wp-image-22147\" srcset=\"https:\/\/ritmy.fr\/essais\/wp-content\/uploads\/2020\/03\/Kotaro-2020-25-1000x750.jpeg 1000w, https:\/\/ritmy.fr\/essais\/wp-content\/uploads\/2020\/03\/Kotaro-2020-25-300x225.jpeg 300w, https:\/\/ritmy.fr\/essais\/wp-content\/uploads\/2020\/03\/Kotaro-2020-25-768x576.jpeg 768w, https:\/\/ritmy.fr\/essais\/wp-content\/uploads\/2020\/03\/Kotaro-2020-25-1536x1152.jpeg 1536w, https:\/\/ritmy.fr\/essais\/wp-content\/uploads\/2020\/03\/Kotaro-2020-25-2048x1536.jpeg 2048w\" sizes=\"auto, (max-width: 1000px) 100vw, 1000px\" \/><figcaption class=\"blocks-gallery-item__caption\">Kotaro Fukuma<\/figcaption><\/figure><\/li><\/ul><\/figure>\n\n\n\n<div style=\"height:20px\" aria-hidden=\"true\" class=\"wp-block-spacer\"><\/div>\n\n\n\n<figure class=\"wp-block-gallery aligncenter columns-2 is-cropped wp-block-gallery-2 is-layout-flex wp-block-gallery-is-layout-flex\"><ul class=\"blocks-gallery-grid\"><li class=\"blocks-gallery-item\"><figure><img loading=\"lazy\" decoding=\"async\" width=\"1000\" height=\"750\" src=\"https:\/\/ritmy.fr\/essais\/wp-content\/uploads\/2019\/09\/L1000282-r\u00e9duit-1000x750.jpeg\" alt=\"\" data-id=\"20608\" data-full-url=\"https:\/\/ritmy.fr\/essais\/wp-content\/uploads\/2019\/09\/L1000282-r\u00e9duit.jpeg\" data-link=\"https:\/\/ritmy.fr\/essais\/l1000282-reduit\/\" class=\"wp-image-20608\" srcset=\"https:\/\/ritmy.fr\/essais\/wp-content\/uploads\/2019\/09\/L1000282-r\u00e9duit-1000x750.jpeg 1000w, https:\/\/ritmy.fr\/essais\/wp-content\/uploads\/2019\/09\/L1000282-r\u00e9duit-300x225.jpeg 300w, https:\/\/ritmy.fr\/essais\/wp-content\/uploads\/2019\/09\/L1000282-r\u00e9duit-768x576.jpeg 768w\" sizes=\"auto, (max-width: 1000px) 100vw, 1000px\" \/><figcaption class=\"blocks-gallery-item__caption\">Thierry Escaich<\/figcaption><\/figure><\/li><li class=\"blocks-gallery-item\"><figure><img loading=\"lazy\" decoding=\"async\" width=\"1000\" height=\"625\" src=\"https:\/\/ritmy.fr\/essais\/wp-content\/uploads\/2019\/11\/P1210586-1000x625.jpg\" alt=\"\" data-id=\"21062\" data-full-url=\"https:\/\/ritmy.fr\/essais\/wp-content\/uploads\/2019\/11\/P1210586.jpg\" data-link=\"https:\/\/ritmy.fr\/essais\/p1210586\/\" class=\"wp-image-21062\" srcset=\"https:\/\/ritmy.fr\/essais\/wp-content\/uploads\/2019\/11\/P1210586-1000x625.jpg 1000w, https:\/\/ritmy.fr\/essais\/wp-content\/uploads\/2019\/11\/P1210586-300x188.jpg 300w, https:\/\/ritmy.fr\/essais\/wp-content\/uploads\/2019\/11\/P1210586-768x480.jpg 768w, https:\/\/ritmy.fr\/essais\/wp-content\/uploads\/2019\/11\/P1210586.jpg 1238w\" sizes=\"auto, (max-width: 1000px) 100vw, 1000px\" \/><figcaption class=\"blocks-gallery-item__caption\">A. Soumm, V. Serafimova, T. Enhco<\/figcaption><\/figure><\/li><\/ul><\/figure>\n\n\n\n<div style=\"height:20px\" aria-hidden=\"true\" class=\"wp-block-spacer\"><\/div>\n\n\n\n<figure class=\"wp-block-gallery columns-2 is-cropped wp-block-gallery-3 is-layout-flex wp-block-gallery-is-layout-flex\"><ul class=\"blocks-gallery-grid\"><li class=\"blocks-gallery-item\"><figure><img loading=\"lazy\" decoding=\"async\" width=\"960\" height=\"720\" src=\"https:\/\/ritmy.fr\/essais\/wp-content\/uploads\/2019\/10\/Houdan-1.jpg\" alt=\"\" data-id=\"20798\" data-full-url=\"https:\/\/ritmy.fr\/essais\/wp-content\/uploads\/2019\/10\/Houdan-1.jpg\" data-link=\"https:\/\/ritmy.fr\/essais\/houdan-1\/\" class=\"wp-image-20798\" srcset=\"https:\/\/ritmy.fr\/essais\/wp-content\/uploads\/2019\/10\/Houdan-1.jpg 960w, https:\/\/ritmy.fr\/essais\/wp-content\/uploads\/2019\/10\/Houdan-1-300x225.jpg 300w, https:\/\/ritmy.fr\/essais\/wp-content\/uploads\/2019\/10\/Houdan-1-768x576.jpg 768w\" sizes=\"auto, (max-width: 960px) 100vw, 960px\" \/><figcaption class=\"blocks-gallery-item__caption\">Orchestre de Chambre Nouvelle Europe<\/figcaption><\/figure><\/li><li class=\"blocks-gallery-item\"><figure><img loading=\"lazy\" decoding=\"async\" width=\"1000\" height=\"690\" src=\"https:\/\/ritmy.fr\/essais\/wp-content\/uploads\/2019\/12\/Criollando-9-1000x690.jpg\" alt=\"\" data-id=\"21419\" data-full-url=\"https:\/\/ritmy.fr\/essais\/wp-content\/uploads\/2019\/12\/Criollando-9.jpg\" data-link=\"https:\/\/ritmy.fr\/essais\/criollando-9\/\" class=\"wp-image-21419\" srcset=\"https:\/\/ritmy.fr\/essais\/wp-content\/uploads\/2019\/12\/Criollando-9-1000x690.jpg 1000w, https:\/\/ritmy.fr\/essais\/wp-content\/uploads\/2019\/12\/Criollando-9-300x207.jpg 300w, https:\/\/ritmy.fr\/essais\/wp-content\/uploads\/2019\/12\/Criollando-9-768x530.jpg 768w, https:\/\/ritmy.fr\/essais\/wp-content\/uploads\/2019\/12\/Criollando-9.jpg 1280w\" sizes=\"auto, (max-width: 1000px) 100vw, 1000px\" \/><figcaption class=\"blocks-gallery-item__caption\">Criollando<\/figcaption><\/figure><\/li><\/ul><\/figure>\n\n\n\n<p>Les comptes-rendus de tous nos concerts, avec plus d&rsquo;images, sont bien s\u00fbr \u00e0 consulter dans notre site.<\/p>\n\n\n\n<div style=\"height:20px\" aria-hidden=\"true\" class=\"wp-block-spacer\"><\/div>\n\n\n\n<p style=\"font-size:17px\" class=\"has-text-color has-vivid-cyan-blue-color\">En esp\u00e9rant vous retrouver bien vite, et partager ensemble de belles \u00e9motions musicales en toute libert\u00e9 et s\u00e9curit\u00e9&#8230;<\/p>\n\n\n\n<p style=\"font-size:17px\" class=\"has-text-color has-vivid-cyan-blue-color\">Tr\u00e8s bon \u00e9t\u00e9, peut-\u00eatre un peu moins musical que d&rsquo;habitude, et \u00e0 bient\u00f4t.<\/p>\n\n\n\n<hr class=\"wp-block-separator is-style-dots\"\/>\n\n\n\n<p>Si vous avez des suggestions, questions, ou remarques&#8230; n&rsquo;h\u00e9sitez pas \u00e0 nous contacter par courriel :<\/p>\n\n\n\n<p class=\"has-text-align-center\"><a href=\"mailto:contact.ritmy@gmail.com\" target=\"_blank\" rel=\"noreferrer noopener\"><em><span style=\"text-decoration: underline;\">contact.ritmy@gmail.com<\/span><\/em><\/a><\/p>\n\n\n\n<div style=\"height:20px\" aria-hidden=\"true\" class=\"wp-block-spacer\"><\/div>\n","protected":false},"excerpt":{"rendered":"<p>Voici quelques nouvelles des Saisons Musicales RITMY\u2026 En raison de la crise sanitaire nous avons d\u00fb \u00e0 regret \u00e9courter les 30i\u00e8mes Saisons Musicales. Nos derniers rendez-vous \u00e0 partir du 15 mars ont \u00e9t\u00e9 annul\u00e9s, en particulier les \u2018Evasions Musicales\u2019 que nous nous faisions une joie de partager avec vous pour f\u00eater les 30 ans de &hellip; <\/p>\n<p><a class=\"more-link btn\" href=\"https:\/\/ritmy.fr\/essais\/les-prochaines-saisons-musicales\/\">Lire la suite<\/a><\/p>\n","protected":false},"author":3,"featured_media":22485,"comment_status":"closed","ping_status":"closed","sticky":false,"template":"","format":"standard","meta":{"footnotes":""},"categories":[3,4,5,6,7,1],"tags":[111],"class_list":["post-22418","post","type-post","status-publish","format-standard","has-post-thumbnail","hentry","category-les-oeuvres","category-concerts","category-dans-les-yvelines","category-les-musiciens","category-manifestations","category-ritmy","tag-saison","nodate","item-wrap"],"_links":{"self":[{"href":"https:\/\/ritmy.fr\/essais\/wp-json\/wp\/v2\/posts\/22418","targetHints":{"allow":["GET"]}}],"collection":[{"href":"https:\/\/ritmy.fr\/essais\/wp-json\/wp\/v2\/posts"}],"about":[{"href":"https:\/\/ritmy.fr\/essais\/wp-json\/wp\/v2\/types\/post"}],"author":[{"embeddable":true,"href":"https:\/\/ritmy.fr\/essais\/wp-json\/wp\/v2\/users\/3"}],"replies":[{"embeddable":true,"href":"https:\/\/ritmy.fr\/essais\/wp-json\/wp\/v2\/comments?post=22418"}],"version-history":[{"count":54,"href":"https:\/\/ritmy.fr\/essais\/wp-json\/wp\/v2\/posts\/22418\/revisions"}],"predecessor-version":[{"id":22529,"href":"https:\/\/ritmy.fr\/essais\/wp-json\/wp\/v2\/posts\/22418\/revisions\/22529"}],"wp:featuredmedia":[{"embeddable":true,"href":"https:\/\/ritmy.fr\/essais\/wp-json\/wp\/v2\/media\/22485"}],"wp:attachment":[{"href":"https:\/\/ritmy.fr\/essais\/wp-json\/wp\/v2\/media?parent=22418"}],"wp:term":[{"taxonomy":"category","embeddable":true,"href":"https:\/\/ritmy.fr\/essais\/wp-json\/wp\/v2\/categories?post=22418"},{"taxonomy":"post_tag","embeddable":true,"href":"https:\/\/ritmy.fr\/essais\/wp-json\/wp\/v2\/tags?post=22418"}],"curies":[{"name":"wp","href":"https:\/\/api.w.org\/{rel}","templated":true}]}}