{"id":22319,"date":"2020-06-02T09:14:09","date_gmt":"2020-06-02T08:14:09","guid":{"rendered":"http:\/\/ritmy.fr\/essais\/?p=22319"},"modified":"2020-12-08T14:16:56","modified_gmt":"2020-12-08T13:16:56","slug":"belles-initiatives-musicales","status":"publish","type":"post","link":"https:\/\/ritmy.fr\/essais\/belles-initiatives-musicales\/","title":{"rendered":"De belles initiatives musicales pendant la crise sanitaire"},"content":{"rendered":"\n<p><strong>L&rsquo;\u00e9quipe RITMY esp\u00e8re que vous allez bien et \u00eates surtout en bonne sant\u00e9, et que <strong>cette p\u00e9riode de confinement due \u00e0 la crise du Covid-19<\/strong> n&rsquo;a pas \u00e9t\u00e9 trop <strong>difficile<\/strong><\/strong>.<\/p>\n\n\n\n<p>Vous avez m\u00eame peut-\u00eatre mis \u00e0 profit l&rsquo;obligation de rester \u00e0 la maison pour mener des activit\u00e9s que vous aviez repouss\u00e9es par manque de temps, et que vous avez pu par exemple vous plonger dans la lecture, \u00e9couter de la musique, en jouer&#8230; et faire quelques belles d\u00e9couvertes culturelles&#8230; <\/p>\n\n\n\n<p>Pendant cette p\u00e9riode, vous avez certainement vu et\/ou entendu que de <strong>nombreuses initiatives, parfois originales, ont \u00e9t\u00e9 prises dans le monde musical<\/strong>, par des musiciens, des orchestres, des chanteurs, des choeurs&#8230;<\/p>\n\n\n\n<p><strong>Nous vous en pr\u00e9sentons quelques unes<\/strong> <strong>ici<\/strong>, que vous connaissez peut-\u00eatre d\u00e9j\u00e0, car relay\u00e9es dans les m\u00e9dias. De l&rsquo;inventivit\u00e9, du talent, des prouesses techniques&#8230; parfois en soutien \u00e0 des associations tr\u00e8s sollicit\u00e9es pendant cette difficile p\u00e9riode. <\/p>\n\n\n\n<p>D&rsquo;abord cette incroyable performance artistique et technique des musiciens de <strong>l&rsquo;Orchestre National de France<\/strong>, qui de chez eux ont enregistr\u00e9 une version r\u00e9duite et arrang\u00e9e du <strong>Bol\u00e9ro de Ravel<\/strong>.<\/p>\n\n\n\n<figure class=\"wp-block-embed-youtube aligncenter wp-block-embed is-type-video is-provider-youtube wp-embed-aspect-16-9 wp-has-aspect-ratio\"><div class=\"wp-block-embed__wrapper\">\n<iframe loading=\"lazy\" title=\"Le Bol\u00e9ro de Ravel par l&#039;Orchestre national de France en #confinement #ensemble\u00e0lamaison\" width=\"803\" height=\"452\" src=\"https:\/\/www.youtube.com\/embed\/Sj4pE_bgRQI?feature=oembed\" frameborder=\"0\" allow=\"accelerometer; autoplay; encrypted-media; gyroscope; picture-in-picture\" allowfullscreen><\/iframe>\n<\/div><\/figure>\n\n\n\n<p>Puis les 100 musiciens de l&rsquo;<strong>Orchestre Philharmonique de Radio France<\/strong>, sous la direction de leur chef finlandais Mikko Franck, ont \u00e9galement enregistr\u00e9 chez eux une musique de <strong>Charlie Chaplin<\/strong>, celle du film <strong>&lsquo;Les temps modernes&rsquo;<\/strong>. Initiative pour aider <strong>UNICEF<\/strong> et sensibiliser \u00e0 la n\u00e9cessit\u00e9 d&rsquo;apporter un soutien aux enfants qui en ont plus que jamais besoin.<\/p>\n\n\n\n<figure class=\"wp-block-embed-youtube wp-block-embed is-type-video is-provider-youtube wp-embed-aspect-16-9 wp-has-aspect-ratio\"><div class=\"wp-block-embed__wrapper\">\n<iframe loading=\"lazy\" title=\"100 musiciens de l\u2019Orchestre Philharmonique de Radio France jouent Charlie Chaplin pour UNICEF\" width=\"803\" height=\"452\" src=\"https:\/\/www.youtube.com\/embed\/jn27pQZnUnc?feature=oembed\" frameborder=\"0\" allow=\"accelerometer; autoplay; encrypted-media; gyroscope; picture-in-picture\" allowfullscreen><\/iframe>\n<\/div><\/figure>\n\n\n\n<p>Enfin un extrait de la &lsquo;Marche Hongroise&rsquo; tir\u00e9e de <strong>La Damnation de Faust d&rsquo;Hector Berlioz<\/strong>, interpr\u00e9t\u00e9e, non sans un certain humour, par les musiciens de l&rsquo;<strong>Orchestre National du Capitole de Toulouse<\/strong>.<\/p>\n\n\n\n<figure class=\"wp-block-embed-youtube aligncenter wp-block-embed is-type-video is-provider-youtube wp-embed-aspect-16-9 wp-has-aspect-ratio\"><div class=\"wp-block-embed__wrapper\">\n<iframe loading=\"lazy\" title=\"Les musiciens de l&#039;ONCT se r\u00e9inventent !\" width=\"803\" height=\"452\" src=\"https:\/\/www.youtube.com\/embed\/i3myMBJ28XY?feature=oembed\" frameborder=\"0\" allow=\"accelerometer; autoplay; encrypted-media; gyroscope; picture-in-picture\" allowfullscreen><\/iframe>\n<\/div><\/figure>\n\n\n\n<div style=\"height:20px\" aria-hidden=\"true\" class=\"wp-block-spacer\"><\/div>\n\n\n\n<p>Une autre belle initiative de plusieurs artistes renomm\u00e9s de la sc\u00e8ne musicale fran\u00e7aise, qui ont enregistr\u00e9, \u00e0 La Seine Musicale, un album au profit de la <strong>Fondation H\u00f4pitaux de Paris &#8211; H\u00f4pitaux de France<\/strong>, en soutien aux soignants qui ont eu un r\u00f4le si d\u00e9terminant durant cette crise sanitaire.<\/p>\n\n\n\n<div class=\"wp-block-media-text is-stacked-on-mobile is-vertically-aligned-center\" style=\"grid-template-columns:37% auto\"><figure class=\"wp-block-media-text__media\"><img loading=\"lazy\" decoding=\"async\" width=\"800\" height=\"800\" src=\"https:\/\/ritmy.fr\/essais\/wp-content\/uploads\/2020\/05\/digital-cover-by-plantu-800w.png\" alt=\"\" class=\"wp-image-22346\" srcset=\"https:\/\/ritmy.fr\/essais\/wp-content\/uploads\/2020\/05\/digital-cover-by-plantu-800w.png 800w, https:\/\/ritmy.fr\/essais\/wp-content\/uploads\/2020\/05\/digital-cover-by-plantu-800w-300x300.png 300w, https:\/\/ritmy.fr\/essais\/wp-content\/uploads\/2020\/05\/digital-cover-by-plantu-800w-150x150.png 150w, https:\/\/ritmy.fr\/essais\/wp-content\/uploads\/2020\/05\/digital-cover-by-plantu-800w-768x768.png 768w\" sizes=\"auto, (max-width: 800px) 100vw, 800px\" \/><\/figure><div class=\"wp-block-media-text__content\">\n<p class=\"has-normal-font-size\">Parmi les nombreux artistes, notons la participation de Philippe Jaroussky, Natalie Dessay, Edgar Moreau, Bertrand Chamayou, Alexandre Tharaud, Laurent Naouri&#8230; et aussi de <strong>Karine Deshayes et Thomas Enhco<\/strong> bien connus des fid\u00e8les de Ritmy.<\/p>\n\n\n\n<p>Cet album <strong>&lsquo;Symphonie pour la vie&rsquo;<\/strong> est disponible sur Deezer, et en CD le 12 juin.<\/p>\n\n\n\n<p>L&rsquo;acheter est un bon geste pour soutenir tous nos soignants, qui sont en &lsquo;premi\u00e8re ligne&rsquo;.<\/p>\n<\/div><\/div>\n\n\n\n<p>Vous pouvez d\u00e9couvrir tous les artistes participants et leur programme dans le <strong>livret du disque<\/strong>, disponible <a rel=\"noreferrer noopener\" href=\"https:\/\/ritmy.fr\/essais\/wp-content\/uploads\/2020\/06\/booklet_Symphonie_pour_la_vie.pdf\" target=\"_blank\"><em><span style=\"text-decoration: underline;\">ICI<\/span><\/em><\/a>.<\/p>\n\n\n\n<p>En plus, voici le t\u00e9moignage de quelques uns des artistes, pendant l&rsquo;enregistrement \u00e0 La Seine Musicale  :<\/p>\n\n\n\n<figure class=\"wp-block-embed-youtube wp-block-embed is-type-video is-provider-youtube wp-embed-aspect-16-9 wp-has-aspect-ratio\"><div class=\"wp-block-embed__wrapper\">\n<iframe loading=\"lazy\" title=\"Symphonie pour la Vie Teaser\" width=\"803\" height=\"452\" src=\"https:\/\/www.youtube.com\/embed\/Gyku62dxKKo?feature=oembed\" frameborder=\"0\" allow=\"accelerometer; autoplay; encrypted-media; gyroscope; picture-in-picture\" allowfullscreen><\/iframe>\n<\/div><\/figure>\n\n\n\n<p><strong><span style=\"text-decoration: underline;\">Information<\/span> : on pourra voir cette &lsquo;Symphonie pour la vie&rsquo;, concert enregistr\u00e9 au Ch\u00e2telet, sur France 3 le mercredi 24 juin \u00e0 21h. A ne pas manquer !<\/strong><\/p>\n\n\n\n<p>Possibilit\u00e9 de revoir ce concert en <strong>replay<\/strong> sur <em><span style=\"text-decoration: underline;\"><a href=\"https:\/\/www.france.tv\/france-3\/symphonie-pour-la-vie\/1765035-symphonie-pour-la-vie.html\" target=\"_blank\" rel=\"noreferrer noopener\">www.france.tv<\/a><\/span><\/em><\/p>\n\n\n\n<div style=\"height:20px\" aria-hidden=\"true\" class=\"wp-block-spacer\"><\/div>\n\n\n\n<p>Les <strong>salles de spectacle<\/strong> vont pouvoir rouvrir \u00e0 partir du 2 juin, mais avec les mesures prises pour assurer la s\u00e9curit\u00e9 du public (gestes barri\u00e8res, distanciation physique&#8230;), les concerts, op\u00e9ras, spectacles, festivals&#8230; ne pourront probablement pas reprendre tout de suite, pour des raisons \u00e9conomiques principalement.<\/p>\n\n\n\n<p>Aussi nous vous recommandons <strong><span style=\"text-decoration: underline;\">quelques sites internet<\/span><\/strong> qui diffusent, en direct ou en replay, des concerts ou op\u00e9ras que vous pouvez ainsi voir chez vous :<\/p>\n\n\n\n<ul class=\"wp-block-list\"><li><strong>Op\u00e9ra de Paris<\/strong> (rubrique &lsquo;Octave magazine&rsquo;, pour revoir certains op\u00e9ras, comme La Traviata, Boris Godounov&#8230;) : <a rel=\"noreferrer noopener\" href=\"https:\/\/www.operadeparis.fr\/magazine\" target=\"_blank\"><span style=\"text-decoration: underline;\"><em>https:\/\/www.operadeparis.fr\/magazine<\/em><\/span><\/a><\/li><li><strong>Philharmonie de Paris<\/strong> (tous les jours \u00e0 20h30 retransmission d&rsquo;un concert enregistr\u00e9 \u00e0 la Philharmonie, qui peut \u00eatre vu pendant 24 h. &#8211; plus quelques autres concerts dont &lsquo;Renaud Capu\u00e7on &amp; friends&rsquo; avec <strong>Victor Julien-Laferri\u00e8re et Yann Dubost<\/strong>, du 28 mai) : <a rel=\"noreferrer noopener\" href=\"https:\/\/live.philharmoniedeparis.fr\" target=\"_blank\"><em><span style=\"text-decoration: underline;\">https:\/\/live.philharmoniedeparis.fr<\/span><\/em><\/a><\/li><li><strong>Maison de la Radio<\/strong> (<em>&lsquo;Le Temps retrouv\u00e9&rsquo;<\/em>, une s\u00e9rie de 19 concerts symphoniques et de musique de chambre diffus\u00e9s en direct et replay sur <strong>France Musique et ARTE Concert<\/strong>, du 6 juin au 23 juillet, avec par exemple <strong>Fran\u00e7ois-Fr\u00e9d\u00e9ric Guy et Isma\u00ebl Margain<\/strong> pour une int\u00e9grale des sonates de Beethoven du 26 au 28 juin&#8230;) : le programme sur <a rel=\"noreferrer noopener\" href=\"https:\/\/www.maisondelaradio.fr\/le-temps-retrouve\" target=\"_blank\"><span style=\"text-decoration: underline;\"><em>https:\/\/www.maisondelaradio.fr\/le-temps-retrouve<\/em><\/span><\/a><\/li><li><strong>ARTE Concert<\/strong> (des spectacles enregistr\u00e9s en Europe : concerts, op\u00e9ras, ballets &#8211; certains en partenariat avec <strong>France Musique<\/strong>) : <a rel=\"noreferrer noopener\" href=\"https:\/\/www.arte.tv\/fr\/arte-concert\/musiques-classiques\/\" target=\"_blank\"><span style=\"text-decoration: underline;\"><em>https:\/\/www.arte.tv\/fr\/arte-concert\/musiques-classiques\/<\/em><\/span><\/a><\/li><li><strong>Fondation Singer-Polignac<\/strong> (qui organise du 16 mai au 27 juin, <em>&lsquo;Rendez-vous \u00e0 Paris&rsquo;<\/em>, une s\u00e9rie de concerts enregistr\u00e9s et diffus\u00e9s en partenariat avec medici.tv) : <a rel=\"noreferrer noopener\" href=\"https:\/\/www.singer-polignac.org\/fr\/\" target=\"_blank\"><em><span style=\"text-decoration: underline;\">https:\/\/www.singer-polignac.org\/fr\/<\/span><\/em><\/a><\/li><li><strong>Fondation Louis Vuitton<\/strong> (le vendredi \u00e0 20h30 diffusion d&rsquo;un concert enregistr\u00e9 \u00e0 l&rsquo;auditorium de la Fondation, disponible 24h., et le dimanche \u00e0 17h30 d&rsquo;une master class) : <a rel=\"noreferrer noopener\" href=\"https:\/\/www.fondationlouisvuitton.fr\/fr\/la-fondation\/flv-chez-vous.html\" target=\"_blank\"><span style=\"text-decoration: underline;\"><em>https:\/\/www.fondationlouisvuitton.fr\/fr\/la-fondation\/flv-chez-vous.html<\/em><\/span><\/a><\/li><\/ul>\n\n\n\n<div style=\"height:20px\" aria-hidden=\"true\" class=\"wp-block-spacer\"><\/div>\n\n\n\n<p>Si vous voulez nous faire part d&rsquo;<strong>autres belles initiatives musicales<\/strong> prises pendant le confinement, ou si vous avez connaissance d&rsquo;autres possibilit\u00e9s de voir et \u00e9couter de la musique chez soi, n&rsquo;h\u00e9sitez pas \u00e0 nous donner l&rsquo;information, nous pourrons en parler !<\/p>\n\n\n\n<div style=\"height:20px\" aria-hidden=\"true\" class=\"wp-block-spacer\"><\/div>\n\n\n\n<p class=\"has-background has-very-light-gray-background-color\">Cette crise sanitaire a d\u00e9j\u00e0, et aura, des cons\u00e9quences terribles pour le monde musical, en particulier pour certains artistes et organisateurs, il faudra les <strong>soutenir<\/strong> du mieux que l&rsquo;on pourra dans les semaines et mois \u00e0 venir&#8230; <\/p>\n\n\n\n<div style=\"height:20px\" aria-hidden=\"true\" class=\"wp-block-spacer\"><\/div>\n\n\n\n<p style=\"font-size:18px\" class=\"has-text-color has-vivid-cyan-blue-color\"><strong>Surtout, continuez \u00e0 prendre soin de vous, et \u00e0 tr\u00e8s bient\u00f4t sur notre site pour d&rsquo;autres informations.<\/strong><\/p>\n\n\n\n<hr class=\"wp-block-separator is-style-dots\"\/>\n\n\n\n<p>Si vous avez des suggestions, questions, ou remarques&#8230; n&rsquo;h\u00e9sitez pas \u00e0 nous contacter par courriel :<\/p>\n\n\n\n<p class=\"has-text-align-center\"><a href=\"mailto:contact.ritmy@gmail.com\" target=\"_blank\" rel=\"noreferrer noopener\"><em><span style=\"text-decoration: underline;\">contact.ritmy@gmail.com<\/span><\/em><\/a><\/p>\n\n\n\n<div style=\"height:20px\" aria-hidden=\"true\" class=\"wp-block-spacer\"><\/div>\n","protected":false},"excerpt":{"rendered":"<p>L&rsquo;\u00e9quipe RITMY esp\u00e8re que vous allez bien et \u00eates surtout en bonne sant\u00e9, et que cette p\u00e9riode de confinement due \u00e0 la crise du Covid-19 n&rsquo;a pas \u00e9t\u00e9 trop difficile. Vous avez m\u00eame peut-\u00eatre mis \u00e0 profit l&rsquo;obligation de rester \u00e0 la maison pour mener des activit\u00e9s que vous aviez repouss\u00e9es par manque de temps, &hellip; <\/p>\n<p><a class=\"more-link btn\" href=\"https:\/\/ritmy.fr\/essais\/belles-initiatives-musicales\/\">Lire la suite<\/a><\/p>\n","protected":false},"author":3,"featured_media":22394,"comment_status":"closed","ping_status":"closed","sticky":false,"template":"","format":"standard","meta":{"footnotes":""},"categories":[3,6,7,1],"tags":[],"class_list":["post-22319","post","type-post","status-publish","format-standard","has-post-thumbnail","hentry","category-les-oeuvres","category-les-musiciens","category-manifestations","category-ritmy","nodate","item-wrap"],"_links":{"self":[{"href":"https:\/\/ritmy.fr\/essais\/wp-json\/wp\/v2\/posts\/22319","targetHints":{"allow":["GET"]}}],"collection":[{"href":"https:\/\/ritmy.fr\/essais\/wp-json\/wp\/v2\/posts"}],"about":[{"href":"https:\/\/ritmy.fr\/essais\/wp-json\/wp\/v2\/types\/post"}],"author":[{"embeddable":true,"href":"https:\/\/ritmy.fr\/essais\/wp-json\/wp\/v2\/users\/3"}],"replies":[{"embeddable":true,"href":"https:\/\/ritmy.fr\/essais\/wp-json\/wp\/v2\/comments?post=22319"}],"version-history":[{"count":106,"href":"https:\/\/ritmy.fr\/essais\/wp-json\/wp\/v2\/posts\/22319\/revisions"}],"predecessor-version":[{"id":22530,"href":"https:\/\/ritmy.fr\/essais\/wp-json\/wp\/v2\/posts\/22319\/revisions\/22530"}],"wp:featuredmedia":[{"embeddable":true,"href":"https:\/\/ritmy.fr\/essais\/wp-json\/wp\/v2\/media\/22394"}],"wp:attachment":[{"href":"https:\/\/ritmy.fr\/essais\/wp-json\/wp\/v2\/media?parent=22319"}],"wp:term":[{"taxonomy":"category","embeddable":true,"href":"https:\/\/ritmy.fr\/essais\/wp-json\/wp\/v2\/categories?post=22319"},{"taxonomy":"post_tag","embeddable":true,"href":"https:\/\/ritmy.fr\/essais\/wp-json\/wp\/v2\/tags?post=22319"}],"curies":[{"name":"wp","href":"https:\/\/api.w.org\/{rel}","templated":true}]}}