{"id":21932,"date":"2020-04-02T16:15:18","date_gmt":"2020-04-02T15:15:18","guid":{"rendered":"http:\/\/ritmy.fr\/essais\/?p=21932"},"modified":"2020-09-24T16:05:27","modified_gmt":"2020-09-24T15:05:27","slug":"tedi-papavrami-fugue-pour-violon-seul","status":"publish","type":"post","link":"https:\/\/ritmy.fr\/essais\/tedi-papavrami-fugue-pour-violon-seul\/","title":{"rendered":"Tedi PAPAVRAMI, \u00ab\u00a0Fugue pour violon seul\u00a0\u00bb"},"content":{"rendered":"\n<p style=\"font-size:19px\" class=\"has-text-color has-vivid-cyan-blue-color\">Nous devions accueillir le violoniste <strong>Tedi PAPAVRAMI<\/strong> \u00e0 Montfort-L&rsquo;Amaury le <strong>jeudi 2 avril \u00e0 20h30<\/strong> (salle du CML) pour une soir\u00e9e exceptionnelle.<\/p>\n\n\n\n<p class=\"has-background has-medium-font-size has-very-light-gray-background-color\">Malheureusement la soir\u00e9e a \u00e9t\u00e9 <strong>ANNUL\u00c9E<\/strong>, suite aux consignes sanitaires li\u00e9es au coronavirus. N\u00e9anmoins nous souhaitons ici vous faire mieux conna\u00eetre ce remarquable interpr\u00e8te, \u00e0 la riche personnalit\u00e9. <\/p>\n\n\n\n<p class=\"has-normal-font-size\">Il devait nous interpr\u00e9ter des <strong>sonates et partitas pour violon seul de J.S. Bach<\/strong>, et nous devions aussi voir en 1\u00e8re partie le film de Rapha\u00eblle R\u00e9gnier <strong>&lsquo;OSTINATO&rsquo;<\/strong> qui lui est consacr\u00e9.<\/p>\n\n\n\n<p><strong>&lsquo;OSTINATO&rsquo;<\/strong>, un magnifique portrait du violoniste, qui revient sur son \u00e9mouvant pass\u00e9 et le montre dans sa vie actuelle, peu commune, de musicien virtuose mais aussi de traducteur du po\u00e8te et \u00e9crivain albanais Isma\u00efl Kadar\u00e9.<\/p>\n\n\n\n<p>Mais Tedi PAPAVRAMI avait lui-m\u00eame publi\u00e9 en 2013 un r\u00e9cit autobiographique <strong>\u00ab\u00a0Fugue pour violon seul\u00a0\u00bb<\/strong>, t\u00e9moignage bouleversant, o\u00f9 il raconte son parcours d&rsquo;enfant prodige en Albanie et son passage \u00e0 l&rsquo;Ouest, vers la libert\u00e9. <\/p>\n\n\n\n<div class=\"wp-block-image\"><figure class=\"aligncenter size-large is-resized\"><img loading=\"lazy\" decoding=\"async\" src=\"https:\/\/ritmy.fr\/essais\/wp-content\/uploads\/2020\/03\/tedi-copie-1000x647.jpg\" alt=\"\" class=\"wp-image-22213\" width=\"633\" height=\"409\" srcset=\"https:\/\/ritmy.fr\/essais\/wp-content\/uploads\/2020\/03\/tedi-copie-1000x647.jpg 1000w, https:\/\/ritmy.fr\/essais\/wp-content\/uploads\/2020\/03\/tedi-copie-300x194.jpg 300w, https:\/\/ritmy.fr\/essais\/wp-content\/uploads\/2020\/03\/tedi-copie-768x497.jpg 768w, https:\/\/ritmy.fr\/essais\/wp-content\/uploads\/2020\/03\/tedi-copie.jpg 1009w\" sizes=\"auto, (max-width: 633px) 100vw, 633px\" \/><\/figure><\/div>\n\n\n\n<p><strong>\u00ab\u00a0Fugue pour violon seul\u00a0\u00bb<\/strong>, r\u00e9cit d&rsquo;initiation aussi captivant qu&rsquo;\u00e9mouvant sur l&rsquo;apprentissage de la musique, de la vie, de la libert\u00e9, \u00e9tait alors paru en m\u00eame temps qu&rsquo;un <strong>coffret de six CDs<\/strong> de ses interpr\u00e9tations des oeuvres pour violon seul de Bach, Paganini, Scarlatti et Bart\u00f3k.<\/p>\n\n\n\n<p>Egalement transcripteur, il a transcrit 12 sonates de Scarlatti pour clavecin ainsi que la Fantaisie et Fugue de Bach BWV 542, originellement \u00e9crite pour l\u2019orgue, qui figurent dans ce coffret.<\/p>\n\n\n\n<p class=\"has-background has-very-light-gray-background-color\">Lors de la sortie simultan\u00e9e du livre et du coffret, Tedi PAPAVRAMI s&rsquo;exprimait dans cette <strong>vid\u00e9o<\/strong>, que nous vous invitons \u00e0 regarder :<\/p>\n\n\n\n<figure class=\"wp-block-embed-youtube wp-block-embed is-type-video is-provider-youtube wp-embed-aspect-16-9 wp-has-aspect-ratio\"><div class=\"wp-block-embed__wrapper\">\n<iframe loading=\"lazy\" title=\"TEDI PAPAVRAMI - Fugue pour violon seul - Portrait d&#039;un musicien \u00e9crivain\" width=\"803\" height=\"452\" src=\"https:\/\/www.youtube.com\/embed\/wuIBYyxNPMU?feature=oembed\" frameborder=\"0\" allow=\"accelerometer; autoplay; encrypted-media; gyroscope; picture-in-picture\" allowfullscreen><\/iframe>\n<\/div><\/figure>\n\n\n\n<div style=\"height:20px\" aria-hidden=\"true\" class=\"wp-block-spacer\"><\/div>\n\n\n\n<p class=\"has-background has-normal-font-size has-very-light-gray-background-color\">Une petite compensation suite \u00e0 l&rsquo;annulation de notre soir\u00e9e, voici Tedi PAPAVRAMI interpr\u00e9tant <strong>&lsquo;La Chaconne&rsquo;, 5i\u00e8me mouvement final de la &lsquo;Partita n\u00b0 2&rsquo; de J.S. BACH<\/strong>, pi\u00e8ce qu&rsquo;il avait inscrite \u00e0 son programme. Magnifique&#8230; !<\/p>\n\n\n\n<figure class=\"wp-block-embed-youtube wp-block-embed is-type-video is-provider-youtube wp-embed-aspect-16-9 wp-has-aspect-ratio\"><div class=\"wp-block-embed__wrapper\">\n<iframe loading=\"lazy\" title=\"Bach - Chaccone for solo violin - Tedi Papavrami\" width=\"803\" height=\"452\" src=\"https:\/\/www.youtube.com\/embed\/8m98nf90mfE?feature=oembed\" frameborder=\"0\" allow=\"accelerometer; autoplay; encrypted-media; gyroscope; picture-in-picture\" allowfullscreen><\/iframe>\n<\/div><\/figure>\n\n\n\n<div style=\"height:20px\" aria-hidden=\"true\" class=\"wp-block-spacer\"><\/div>\n\n\n\n<p class=\"has-normal-font-size\">Superbe prestation&#8230; mais nous esp\u00e9rons bien pouvoir reprogrammer ce tr\u00e8s grand violoniste lors d&rsquo;une prochaine Saison Musicale !<\/p>\n\n\n\n<p>Surtout soyez prudents pendant ce confinement, prenez soin de vous !<\/p>\n\n\n\n<hr class=\"wp-block-separator is-style-dots\"\/>\n\n\n\n<p>Si vous souhaitez r\u00e9agir \u00e0 cet article, nous faire des suggestions ou remarques, n&rsquo;h\u00e9sitez pas \u00e0 nous contacter :<\/p>\n\n\n\n<p class=\"has-text-align-center\"><a rel=\"noreferrer noopener\" href=\"contact.ritmy@gmail.com\" target=\"_blank\"><em>contact.ritmy@gmail.com <\/em><\/a><\/p>\n\n\n\n<div style=\"height:20px\" aria-hidden=\"true\" class=\"wp-block-spacer\"><\/div>\n","protected":false},"excerpt":{"rendered":"<p>Nous devions accueillir le violoniste Tedi PAPAVRAMI \u00e0 Montfort-L&rsquo;Amaury le jeudi 2 avril \u00e0 20h30 (salle du CML) pour une soir\u00e9e exceptionnelle. Malheureusement la soir\u00e9e a \u00e9t\u00e9 ANNUL\u00c9E, suite aux consignes sanitaires li\u00e9es au coronavirus. N\u00e9anmoins nous souhaitons ici vous faire mieux conna\u00eetre ce remarquable interpr\u00e8te, \u00e0 la riche personnalit\u00e9. Il devait nous interpr\u00e9ter des &hellip; <\/p>\n<p><a class=\"more-link btn\" href=\"https:\/\/ritmy.fr\/essais\/tedi-papavrami-fugue-pour-violon-seul\/\">Lire la suite<\/a><\/p>\n","protected":false},"author":3,"featured_media":22213,"comment_status":"closed","ping_status":"closed","sticky":false,"template":"","format":"standard","meta":{"footnotes":""},"categories":[3,4,5,6,1],"tags":[66,380,347,265,379,279,378,182],"class_list":["post-21932","post","type-post","status-publish","format-standard","has-post-thumbnail","hentry","category-les-oeuvres","category-concerts","category-dans-les-yvelines","category-les-musiciens","category-ritmy","tag-bach","tag-montfort","tag-ostinato","tag-papavrami","tag-partita","tag-sonate","tag-tedi","tag-violon","nodate","item-wrap"],"_links":{"self":[{"href":"https:\/\/ritmy.fr\/essais\/wp-json\/wp\/v2\/posts\/21932","targetHints":{"allow":["GET"]}}],"collection":[{"href":"https:\/\/ritmy.fr\/essais\/wp-json\/wp\/v2\/posts"}],"about":[{"href":"https:\/\/ritmy.fr\/essais\/wp-json\/wp\/v2\/types\/post"}],"author":[{"embeddable":true,"href":"https:\/\/ritmy.fr\/essais\/wp-json\/wp\/v2\/users\/3"}],"replies":[{"embeddable":true,"href":"https:\/\/ritmy.fr\/essais\/wp-json\/wp\/v2\/comments?post=21932"}],"version-history":[{"count":53,"href":"https:\/\/ritmy.fr\/essais\/wp-json\/wp\/v2\/posts\/21932\/revisions"}],"predecessor-version":[{"id":22263,"href":"https:\/\/ritmy.fr\/essais\/wp-json\/wp\/v2\/posts\/21932\/revisions\/22263"}],"wp:featuredmedia":[{"embeddable":true,"href":"https:\/\/ritmy.fr\/essais\/wp-json\/wp\/v2\/media\/22213"}],"wp:attachment":[{"href":"https:\/\/ritmy.fr\/essais\/wp-json\/wp\/v2\/media?parent=21932"}],"wp:term":[{"taxonomy":"category","embeddable":true,"href":"https:\/\/ritmy.fr\/essais\/wp-json\/wp\/v2\/categories?post=21932"},{"taxonomy":"post_tag","embeddable":true,"href":"https:\/\/ritmy.fr\/essais\/wp-json\/wp\/v2\/tags?post=21932"}],"curies":[{"name":"wp","href":"https:\/\/api.w.org\/{rel}","templated":true}]}}