{"id":19151,"date":"2019-02-16T18:10:16","date_gmt":"2019-02-16T17:10:16","guid":{"rendered":"http:\/\/ritmy.fr\/essais\/?p=19151"},"modified":"2019-10-04T11:44:06","modified_gmt":"2019-10-04T10:44:06","slug":"pianoforte-la-petite-symphonie","status":"publish","type":"post","link":"https:\/\/ritmy.fr\/essais\/pianoforte-la-petite-symphonie\/","title":{"rendered":"Pianoforte, Mozart, et &lsquo;La Petite Symphonie&rsquo;&#8230;"},"content":{"rendered":"<h3 style=\"text-align: left;\"><span style=\"color: #333399;\">La PETITE SYMPHONIE se produira \u00e0\u00a0<\/span><span style=\"color: #000080;\">M\u00c9R<\/span><span style=\"color: #000080;\">\u00c9\u00a0<\/span><span style=\"color: #333399;\">le dimanche 31 mars 2019,<\/span><span style=\"color: #333399;\"> et nous interpr\u00e8tera les deux &lsquo;Quatuors pour pianoforte et cordes&rsquo; de Mozart.<\/span><\/h3>\n<h4><span style=\"color: #333399;\"><strong>La formation est conduite par Daniel ISOIR, au pianoforte.<\/strong><\/span><\/h4>\n<h4><strong>Profitons-en pour d\u00e9couvrir un peu plus le <span style=\"text-decoration: underline;\">pianoforte<\/span> (ou piano-forte)&#8230;<\/strong><\/h4>\n<div id=\"attachment_19067\" style=\"width: 289px\" class=\"wp-caption aligncenter\"><img loading=\"lazy\" decoding=\"async\" aria-describedby=\"caption-attachment-19067\" class=\"wp-image-19067\" src=\"https:\/\/ritmy.fr\/essais\/wp-content\/uploads\/2019\/02\/DSCN1186-r\u00e9duit-copie-2.jpg\" alt=\"\" width=\"289\" height=\"385\" srcset=\"https:\/\/ritmy.fr\/essais\/wp-content\/uploads\/2019\/02\/DSCN1186-r\u00e9duit-copie-2.jpg 300w, https:\/\/ritmy.fr\/essais\/wp-content\/uploads\/2019\/02\/DSCN1186-r\u00e9duit-copie-2-225x300.jpg 225w\" sizes=\"auto, (max-width: 289px) 100vw, 289px\" \/><p id=\"caption-attachment-19067\" class=\"wp-caption-text\">Le pianoforte de &lsquo;La Petite Symphonie&rsquo;&#8230;<\/p><\/div>\n<h4>Le <strong>PIANO-FORTE<\/strong> est l&rsquo;anc\u00eatre du piano actuel, \u00e0\u00a0la diff\u00e9rence du <strong>clavecin<\/strong> dont les cordes sont pinc\u00e9es, les cordes du pianoforte sont frapp\u00e9es par des marteaux. Il s&rsquo;agit du premier clavier dont le jeu pouvait \u00eatre doux (piano) ou fort (forte).<\/h4>\n<h4>La conception du premier <strong>piano-forte<\/strong> est due au facteur de clavecins de Florence, <strong>Bartolomeo Cristofori<\/strong> (1655-1731). Celui-ci cherchait \u00e0 doter le <strong>clavecin<\/strong> de possibilit\u00e9s expressives plus nuanc\u00e9es, en permettant \u00e0 l&rsquo;instrumentiste de varier l&rsquo;intensit\u00e9 des sons selon la force exerc\u00e9e sur les touches.<\/h4>\n<p><img loading=\"lazy\" decoding=\"async\" class=\"alignleft wp-image-19160\" src=\"https:\/\/ritmy.fr\/essais\/wp-content\/uploads\/2019\/03\/clavicorde.jpg\" alt=\"\" width=\"290\" height=\"325\" srcset=\"https:\/\/ritmy.fr\/essais\/wp-content\/uploads\/2019\/03\/clavicorde.jpg 300w, https:\/\/ritmy.fr\/essais\/wp-content\/uploads\/2019\/03\/clavicorde-268x300.jpg 268w\" sizes=\"auto, (max-width: 290px) 100vw, 290px\" \/><\/p>\n<p>Le <strong>clavicorde<\/strong> le permettait d\u00e9j\u00e0, mais \u00e9mettait un son trop faible par rapport au clavecin. <strong>Cristofori<\/strong> dut inventer un m\u00e9canisme de frappe des cordes qui perm\u00eet une \u00e9mission sonore beaucoup plus puissante que celle du clavicorde.<\/p>\n<p>Peu avant <strong>1709<\/strong>, il parvint \u00e0 le mettre au point et \u00e0 l&rsquo;adapter \u00e0 une caisse de clavecin. Cet instrument fut d\u00e9nomm\u00e9 <strong>\u2018gravicembalo col piano e forte\u2019<\/strong> d&rsquo;o\u00f9 son nom. L&rsquo;aspect ext\u00e9rieur \u00e9tait celui du grand clavecin. Le m\u00e9canisme fut ensuite perfectionn\u00e9 par <strong>Johann Gottfried Silbermann<\/strong>.<\/p>\n<p>Par ailleurs, le premier<strong> forte-piano<\/strong>, lui sur un plan rectangulaire comme le <strong>clavicorde<\/strong>, fut construit \u00e0 Gera par C.E. Friederici (\u00e9l\u00e8ve de Silbermann) en 1758. \u00c0 Paris, exer\u00e7aient des facteurs d&rsquo;origine allemande : Moers, Mercken ; \u00c9rard \u00e9tant alsacien. Mais c&rsquo;est l&rsquo;Angleterre qui fut le centre le plus important : Zumpe lance \u00e0 Londres la production des <strong>forte-piano<\/strong>s carr\u00e9s.<\/p>\n<p>En 1768, <strong>Johann Christian Bach<\/strong> donne un concert sur un instrument de Zumpe et publie en 1771 six concertos pour clavecin ou piano-forte.<\/p>\n<p>Les premiers<strong> piano-forte<\/strong> \u00e9taient munis de marteaux en parchemin. Le cuir fut ensuite utilis\u00e9 d\u2019environ 1730 \u00e0 1820, date \u00e0 laquelle Henri Pape eut l\u2019id\u00e9e d\u2019utiliser le feutre des chapeaux pour les marteaux.<\/p>\n<p>Des perfectionnements successifs du m\u00e9canisme, une transformation totale du corps sonore, un concept diff\u00e9rent des rapports m\u00e9caniques, virent <strong>progressivement l&rsquo;apparition d&rsquo;un nouvel instrument vers 1820, le piano<\/strong> : cordes fil\u00e9es sous forte tension, syst\u00e8me d&rsquo;\u00e9chappement double, cadre m\u00e9tallique (le piano-forte n&rsquo;a pas de cadre, seulement un barrage), etc.<\/p>\n<div id=\"attachment_19161\" style=\"width: 410px\" class=\"wp-caption alignright\"><img loading=\"lazy\" decoding=\"async\" aria-describedby=\"caption-attachment-19161\" class=\"wp-image-19161\" src=\"https:\/\/ritmy.fr\/essais\/wp-content\/uploads\/2019\/03\/pianoforte-1.jpeg\" alt=\"\" width=\"410\" height=\"388\" srcset=\"https:\/\/ritmy.fr\/essais\/wp-content\/uploads\/2019\/03\/pianoforte-1.jpeg 948w, https:\/\/ritmy.fr\/essais\/wp-content\/uploads\/2019\/03\/pianoforte-1-300x284.jpeg 300w, https:\/\/ritmy.fr\/essais\/wp-content\/uploads\/2019\/03\/pianoforte-1-768x726.jpeg 768w\" sizes=\"auto, (max-width: 410px) 100vw, 410px\" \/><p id=\"caption-attachment-19161\" class=\"wp-caption-text\">Le pianoforte (ou piano-forte)<\/p><\/div>\n<p>Cet instrument a une <strong>sonorit\u00e9<\/strong> assez diff\u00e9rente du piano moderne. Des auditeurs non avertis qui l&rsquo;entendent \u00e0 l&rsquo;aveugle pensent souvent entendre de la harpe ou du clavecin.<\/p>\n<p>Les \u0153uvres de <strong>Haydn<\/strong> et <strong>Mozart<\/strong> ou les \u0153uvres de jeunesse de <strong>Beethoven<\/strong> sont beaucoup plus adapt\u00e9es \u00e0 cet instrument pour lequel elles ont \u00e9t\u00e9 \u00e9crites.<\/p>\n<p>En italien moderne, on utilise le terme <strong>\u00ab pianoforte \u00bb<\/strong> (ou, par abr\u00e9viation, seulement \u00ab piano \u00bb) pour indiquer le piano moderne et \u00ab fortepiano \u00bb ou \u00ab pianoforte storico \u00bb (piano historique) pour indiquer les deux instruments antiques, qu&rsquo;ils soient clavecins ou rectangulaires (\u00e9tablis sur le plan du clavicorde).<\/p>\n<p>En fran\u00e7ais, les ouvrages anciens emploient d\u00e9j\u00e0 le terme avec tiret : un <strong>piano-forte<\/strong>, des <strong>pianos-forte<\/strong>.<\/p>\n<p>L&rsquo;usage d&rsquo;attacher les termes n&rsquo;est pas confirm\u00e9 et les dictionnaires indiquent bien <strong>piano-forte<\/strong>.<\/p>\n<p>Donc dire plut\u00f4t <strong>&lsquo;piano-forte&rsquo;<\/strong> ?<\/p>\n<h5><span style=\"color: #333399;\"><strong>C&rsquo;est donc avec Daniel\u00a0ISOIR au pianoforte que La PETITE SYMPHONIE nous interpr\u00e8tera les deux Quatuors pour pianoforte et cordes n\u00b0 1 et n\u00b0 2 de Mozart.<\/strong><\/span><\/h5>\n<p>Ce sont les seuls <strong>quatuors pour pianoforte<\/strong> compos\u00e9s par <strong>Mozart<\/strong>, et parmi ses \u0153uvres les plus personnelles. Elles sont consid\u00e9r\u00e9es comme les premi\u00e8res pour cette formation.<\/p>\n<p>Fusion du quatuor et du concerto pour piano, cette nouvelle forme du <strong>quatuor avec pianoforte<\/strong> est une synth\u00e8se entre le c\u00f4t\u00e9 brillant et virtuose du concerto, et l\u2019introspection et l\u2019intimit\u00e9 du quatuor. Cette forme, que <strong>Mozart<\/strong> n&rsquo;a donc utilis\u00e9e que deux fois, a eu plus tard beaucoup de succ\u00e8s \u00e0 la p\u00e9riode romantique.<\/p>\n<p>Le <strong>Quatuor n\u00b0 1 K.478<\/strong> est achev\u00e9 en juillet 1785. Mozart l\u2019\u00e9crit en sol mineur pour mieux exprimer la tristesse et la trag\u00e9die. Bien que d\u2019un tempo Allegro, le pr\u00e9lude est habit\u00e9 de sombres et poignantes \u00e9motions.<\/p>\n<p>Au contraire, gr\u00e2ce \u00e0 sa tonalit\u00e9 majestueuse, le<strong> Quatuor n\u00b02 K.493<\/strong> d\u00e9gage une impression plus d\u00e9tendue. Compos\u00e9 en juin 1786, juste apr\u00e8s &lsquo;Les Noces de Figaro&rsquo;, il vibre de vitalit\u00e9.<\/p>\n<div id=\"attachment_18970\" style=\"width: 500px\" class=\"wp-caption aligncenter\"><img loading=\"lazy\" decoding=\"async\" aria-describedby=\"caption-attachment-18970\" class=\"wp-image-18970\" src=\"https:\/\/ritmy.fr\/essais\/wp-content\/uploads\/2019\/01\/Petite-Symphonie-X.jpg\" alt=\"\" width=\"500\" height=\"337\" srcset=\"https:\/\/ritmy.fr\/essais\/wp-content\/uploads\/2019\/01\/Petite-Symphonie-X.jpg 800w, https:\/\/ritmy.fr\/essais\/wp-content\/uploads\/2019\/01\/Petite-Symphonie-X-300x202.jpg 300w, https:\/\/ritmy.fr\/essais\/wp-content\/uploads\/2019\/01\/Petite-Symphonie-X-768x517.jpg 768w\" sizes=\"auto, (max-width: 500px) 100vw, 500px\" \/><p id=\"caption-attachment-18970\" class=\"wp-caption-text\">La PETITE SYMPHONIE en concert.<\/p><\/div>\n<h4 style=\"text-align: justify;\"><span style=\"color: #333399;\"><strong>La PETITE SYMPHONIE<\/strong><\/span> nous propose de red\u00e9couvrir sur instruments d\u2019\u00e9poque ces \u0153uvres peu enregistr\u00e9es au <strong>pianoforte<\/strong>, dont le son\u00a0caract\u00e9ristique apporte relief, caract\u00e8re et nettet\u00e9 \u00e0 l\u2019interpr\u00e9tation.<\/h4>\n<h4><strong>Ecoutons le maintenant&#8230;<\/strong><\/h4>\n<h5><strong>D&rsquo;abord, celui de Mozart lui-m\u00eame ! \u00a0Un instrument cr\u00e9\u00e9 par Anton Walter, achet\u00e9 par Mozart en 1781, et qu&rsquo;il a utilis\u00e9 jusqu&rsquo;\u00e0 sa mort en 1791. \u00a0(ce pianoforte est conserv\u00e9 dans le Mus\u00e9e Mozart de Salzbourg)<\/strong><\/h5>\n<p><iframe loading=\"lazy\" src=\"https:\/\/www.youtube-nocookie.com\/embed\/FPM2KnEOkYw\" width=\"560\" height=\"315\" frameborder=\"0\" allowfullscreen=\"allowfullscreen\"><\/iframe><\/p>\n<h5><strong>Ensuite, avec une autre oeuvre de Mozart : l&rsquo; \u00ab\u00a0Allegro maestoso\u00a0\u00bb de la Sonate n\u00ba 8 en la mineur KV 310, sous les doigts de Ronald Brautigam.<\/strong><\/h5>\n<p><iframe loading=\"lazy\" src=\"https:\/\/www.youtube-nocookie.com\/embed\/rEa1U8z3ils\" width=\"560\" height=\"315\" frameborder=\"0\" allowfullscreen=\"allowfullscreen\"><\/iframe><\/p>\n<h3><\/h3>\n<h4 style=\"text-align: justify;\"><span style=\"color: #333399;\">Ce sera ce <strong>31 mars \u00e0 M\u00e9r\u00e9<\/strong> notre concert de cl\u00f4ture des 29\u00b0 Saisons Musicales, alors ne manquez pas ce moment de plaisir que nous procurera\u00a0<\/span><strong><span style=\"color: #333399;\">La PETITE SYMPHONIE <\/span><\/strong><span style=\"color: #333399;\">avec\u00a0<\/span><span style=\"color: #333399;\"><span style=\"caret-color: #333399;\">l&rsquo;interpr\u00e9tation<\/span>\u00a0d<\/span><span style=\"color: #333399;\">es deux <strong>quatuors de Mozart<\/strong>\u00a0 !<\/span><\/h4>\n<h4><span style=\"color: #333399;\">Tous les d\u00e9tails sur ce concert, avec une vid\u00e9o de &lsquo;La Petite Symphonie&rsquo;, dans notre\u00a0<strong><a href=\"https:\/\/ritmy.fr\/essais\/la-petite-symphonie\/\" target=\"_blank\" rel=\"noopener noreferrer\"><span style=\"text-decoration: underline;\"><em>ARTICLE<\/em><\/span><\/a>.<\/strong><\/span><\/h4>\n<h3><\/h3>\n<h4><span style=\"color: #ff0000;\"><strong><span style=\"text-decoration: underline;\">R\u00e9servation recommand\u00e9e<\/span>, directement dans notre site, dans la rubrique\u00a0<em><span style=\"text-decoration: underline;\"><a href=\"https:\/\/ritmy.fr\/essais\/reserver\/vos-billets\/\" target=\"_blank\" rel=\"noopener noreferrer\">RESERVER,<\/a><\/span><\/em><\/strong><\/span><\/h4>\n<h4 style=\"text-align: justify;\"><span style=\"color: #ff0000;\"><strong>ou en appelant le\u00a0<\/strong><\/span><span style=\"color: #ff0000;\"><strong><em>06-60-42-19-43<\/em> ou le\u00a0<\/strong><\/span><span style=\"color: #ff0000;\"><strong><em>06-07-29-91-97<\/em> <em>(ASCL de M\u00e9r\u00e9).<\/em><\/strong><\/span><\/h4>\n","protected":false},"excerpt":{"rendered":"<p>La PETITE SYMPHONIE se produira \u00e0\u00a0M\u00c9R\u00c9\u00a0le dimanche 31 mars 2019, et nous interpr\u00e8tera les deux &lsquo;Quatuors pour pianoforte et cordes&rsquo; de Mozart. La formation est conduite par Daniel ISOIR, au pianoforte. Profitons-en pour d\u00e9couvrir un peu plus le pianoforte (ou piano-forte)&#8230; Le PIANO-FORTE est l&rsquo;anc\u00eatre du piano actuel, \u00e0\u00a0la diff\u00e9rence du clavecin dont les cordes &hellip; <\/p>\n<p><a class=\"more-link btn\" href=\"https:\/\/ritmy.fr\/essais\/pianoforte-la-petite-symphonie\/\">Lire la suite<\/a><\/p>\n","protected":false},"author":3,"featured_media":19067,"comment_status":"closed","ping_status":"closed","sticky":false,"template":"","format":"standard","meta":{"footnotes":""},"categories":[3,4,5,6,1],"tags":[318,312],"class_list":["post-19151","post","type-post","status-publish","format-standard","has-post-thumbnail","hentry","category-les-oeuvres","category-concerts","category-dans-les-yvelines","category-les-musiciens","category-ritmy","tag-isoir","tag-pianoforte","nodate","item-wrap"],"_links":{"self":[{"href":"https:\/\/ritmy.fr\/essais\/wp-json\/wp\/v2\/posts\/19151","targetHints":{"allow":["GET"]}}],"collection":[{"href":"https:\/\/ritmy.fr\/essais\/wp-json\/wp\/v2\/posts"}],"about":[{"href":"https:\/\/ritmy.fr\/essais\/wp-json\/wp\/v2\/types\/post"}],"author":[{"embeddable":true,"href":"https:\/\/ritmy.fr\/essais\/wp-json\/wp\/v2\/users\/3"}],"replies":[{"embeddable":true,"href":"https:\/\/ritmy.fr\/essais\/wp-json\/wp\/v2\/comments?post=19151"}],"version-history":[{"count":38,"href":"https:\/\/ritmy.fr\/essais\/wp-json\/wp\/v2\/posts\/19151\/revisions"}],"predecessor-version":[{"id":19286,"href":"https:\/\/ritmy.fr\/essais\/wp-json\/wp\/v2\/posts\/19151\/revisions\/19286"}],"wp:featuredmedia":[{"embeddable":true,"href":"https:\/\/ritmy.fr\/essais\/wp-json\/wp\/v2\/media\/19067"}],"wp:attachment":[{"href":"https:\/\/ritmy.fr\/essais\/wp-json\/wp\/v2\/media?parent=19151"}],"wp:term":[{"taxonomy":"category","embeddable":true,"href":"https:\/\/ritmy.fr\/essais\/wp-json\/wp\/v2\/categories?post=19151"},{"taxonomy":"post_tag","embeddable":true,"href":"https:\/\/ritmy.fr\/essais\/wp-json\/wp\/v2\/tags?post=19151"}],"curies":[{"name":"wp","href":"https:\/\/api.w.org\/{rel}","templated":true}]}}