{"id":18931,"date":"2019-01-25T17:33:59","date_gmt":"2019-01-25T16:33:59","guid":{"rendered":"http:\/\/ritmy.fr\/essais\/?p=18931"},"modified":"2019-06-15T16:12:36","modified_gmt":"2019-06-15T15:12:36","slug":"les-saisons-du-trio-boheme","status":"publish","type":"post","link":"https:\/\/ritmy.fr\/essais\/les-saisons-du-trio-boheme\/","title":{"rendered":"Les &lsquo;Saisons&rsquo; du Trio BOH\u00c8ME&#8230;"},"content":{"rendered":"<h3 style=\"text-align: center;\"><span style=\"color: #333399;\"><strong>Le TRIO BOH\u00c8ME vient d&rsquo;enregistrer son dernier CD&nbsp;<em>&lsquo;Les Saisons&rsquo;<\/em>,<\/strong><\/span><\/h3>\n<h3 style=\"text-align: center;\"><span style=\"color: #333399;\"><strong> qui sortira d\u00e9but avril 2019.<\/strong><\/span><\/h3>\n<h4 style=\"text-align: justify;\"><strong>Il s&rsquo;agit du m\u00eame programme que celui qu&rsquo;ils nous interpr\u00e8teront le dimanche 10 f\u00e9vrier prochain \u00e0 Richebourg (17h., \u00e9glise St Georges).<\/strong><\/h4>\n<h4><strong>Ce programme <em>&lsquo;Les Saisons&rsquo;<\/em> comprend deux oeuvres fortes de TCHA\u00cfKOVSKI et PIAZZOLLA :<\/strong><\/h4>\n<ul>\n<li>\n<h4><strong><em>&lsquo;Les Saisons&rsquo;<\/em> de P.I. Tcha\u00eekovski : <\/strong><em>de &nbsp;<\/em>\u2018Janvier\u2019 (Au coin du feu) \u00e0&nbsp;\u2018D\u00e9cembre\u2019 (No\u00ebl) &nbsp;<em>(transcription par&nbsp;Alexandre Goedicke)<\/em><\/h4>\n<\/li>\n<li>\n<h4><strong><em>&lsquo;Les Quatre Saisons de Buenos Aires&rsquo;<\/em> d&rsquo;Astor Piazzolla : <\/strong>Le printemps (Primavera), L&rsquo;\u00e9t\u00e9 (Verano), L&rsquo;automne (Otono), L&rsquo;hiver (Invierno) &nbsp;<em>(transcription par Jos\u00e9 Bragato)<\/em><\/h4>\n<\/li>\n<\/ul>\n<h4>C&rsquo;est le premier enregistrement en Europe des &lsquo;Saisons&rsquo; de Tcha\u00efkovski transcrit pour le trio par Alexandre Goedicke.<\/h4>\n<div id=\"attachment_18933\" style=\"width: 600px\" class=\"wp-caption aligncenter\"><img loading=\"lazy\" decoding=\"async\" aria-describedby=\"caption-attachment-18933\" class=\"wp-image-18933\" src=\"https:\/\/ritmy.fr\/essais\/wp-content\/uploads\/2019\/01\/trio-boheme-trio-1.jpg\" alt=\"\" width=\"600\" height=\"400\" srcset=\"https:\/\/ritmy.fr\/essais\/wp-content\/uploads\/2019\/01\/trio-boheme-trio-1.jpg 790w, https:\/\/ritmy.fr\/essais\/wp-content\/uploads\/2019\/01\/trio-boheme-trio-1-300x200.jpg 300w, https:\/\/ritmy.fr\/essais\/wp-content\/uploads\/2019\/01\/trio-boheme-trio-1-768x512.jpg 768w\" sizes=\"auto, (max-width: 600px) 100vw, 600px\" \/><p id=\"caption-attachment-18933\" class=\"wp-caption-text\">Igor KIRITCHENKO, Jasmina KULAGLICH, Lev MASLOVSKY (photo Marie-Sophie Leturcq)<\/p><\/div>\n<h4 style=\"text-align: justify;\"><strong>Pour la sortie du CD, ils ont eu la bonne id\u00e9e de produire une <span style=\"text-decoration: underline;\">vid\u00e9o<\/span>, r\u00e9alis\u00e9e lors de l&rsquo;enregistrement du CD, qui nous permet de faire mieux connaissance avec chacun des membres du trio, et de les entendre nous parler des deux oeuvres choisies.<\/strong><\/h4>\n<h4 style=\"text-align: justify;\"><strong>Il faut noter que l&rsquo;enregistrement du CD a eu lieu&nbsp;dans le studio de Stephen Paulello (dans l&rsquo;Yonne), et avec un piano de Stephen Paulello, qui est aujourd&rsquo;hui le seul fabriquant de pianos en France. Ces pianos Paulello sont d&rsquo;une conception tout \u00e0 fait sp\u00e9cifique, au niveau du clavier (102 touches), du cadre, des cordes&#8230;<\/strong><\/h4>\n<h4><strong>Plus d&rsquo;informations sur ces pianos tout \u00e0 fait exceptionnels&nbsp;<\/strong><strong>Stephen Paulello&nbsp;<\/strong><strong>: &nbsp;<span style=\"text-decoration: underline;\"><a href=\"https:\/\/stephenpaulello.com\"><em>https:\/\/stephenpaulello.com<\/em><\/a><\/span>&nbsp;<\/strong><\/h4>\n<h4><strong>D\u00e9couvrez donc cette vid\u00e9o du TRIO BOH\u00c8ME :<\/strong><\/h4>\n<p><iframe loading=\"lazy\" src=\"https:\/\/www.youtube-nocookie.com\/embed\/dnkA2YcsydY\" width=\"560\" height=\"315\" frameborder=\"0\" allowfullscreen=\"allowfullscreen\"><\/iframe><\/p>\n<h4 style=\"text-align: justify;\"><strong>Un trio compos\u00e9 de trois belles personnalit\u00e9s, qui nous emm\u00e8neront donc le 10 f\u00e9vrier \u00e0 Richebourg pour un voyage allant de la Russie du 19\u00b0 si\u00e8cle \u00e0 l&rsquo;Argentine du 20\u00b0 si\u00e8cle, au fil des saisons&#8230;<\/strong><\/h4>\n<h4 style=\"text-align: justify;\"><strong>Ne manquez pas cet \u00e9v\u00e8nement.<\/strong><\/h4>\n<h4 style=\"text-align: justify;\"><strong>D\u00e9couvrez plus de d\u00e9tails sur le TRIO BOH\u00c8ME et sur notre concert dans cet autre &nbsp;<span style=\"text-decoration: underline;\"><em><a href=\"https:\/\/ritmy.fr\/essais\/trio-boheme\/\" target=\"_blank\" rel=\"noopener noreferrer\">ARTICLE<\/a><\/em><\/span>.<\/strong><\/h4>\n<h4 style=\"text-align: justify;\"><strong>Il est <span style=\"text-decoration: underline;\">conseill\u00e9 de r\u00e9server<\/span>, ici dans notre site, rubrique <a href=\"https:\/\/ritmy.fr\/essais\/reserver\/vos-billets\/\" target=\"_blank\" rel=\"noopener noreferrer\"><span style=\"text-decoration: underline;\"><em>RESERVER<\/em><\/span><\/a><em>,&nbsp;<\/em><\/strong><strong>ou en appelant le <span style=\"color: #333399;\">06.48.69.21.89<\/span><\/strong><\/h4>\n<hr>\n<h5 style=\"text-align: justify;\"><strong>Si vous souhaitez donner votre avis sur cet article, nous faire des suggestions, contacter l&rsquo;\u00e9quipe RITMY\u2026 n\u2019h\u00e9sitez pas \u00e0 vous exprimer par courriel :<\/strong><\/h5>\n<h5 style=\"text-align: center;\"><strong><a href=\"mailto:contact.ritmy@gmail.com\" target=\"_blank\" rel=\"noopener noreferrer\">contact.ritmy@gmail.com<\/a><\/strong><\/h5>\n","protected":false},"excerpt":{"rendered":"<p>Le TRIO BOH\u00c8ME vient d&rsquo;enregistrer son dernier CD&nbsp;&lsquo;Les Saisons&rsquo;, qui sortira d\u00e9but avril 2019. Il s&rsquo;agit du m\u00eame programme que celui qu&rsquo;ils nous interpr\u00e8teront le dimanche 10 f\u00e9vrier prochain \u00e0 Richebourg (17h., \u00e9glise St Georges). Ce programme &lsquo;Les Saisons&rsquo; comprend deux oeuvres fortes de TCHA\u00cfKOVSKI et PIAZZOLLA : &lsquo;Les Saisons&rsquo; de P.I. Tcha\u00eekovski : de &hellip; <\/p>\n<p><a class=\"more-link btn\" href=\"https:\/\/ritmy.fr\/essais\/les-saisons-du-trio-boheme\/\">Lire la suite<\/a><\/p>\n","protected":false},"author":3,"featured_media":0,"comment_status":"closed","ping_status":"closed","sticky":false,"template":"","format":"standard","meta":{"footnotes":""},"categories":[3,4,5,6,1],"tags":[314,340,12,339,131,182,199],"class_list":["post-18931","post","type-post","status-publish","format-standard","hentry","category-les-oeuvres","category-concerts","category-dans-les-yvelines","category-les-musiciens","category-ritmy","tag-boheme","tag-paulello","tag-piano","tag-saisons","tag-trio","tag-violon","tag-violoncelle","nodate","item-wrap"],"_links":{"self":[{"href":"https:\/\/ritmy.fr\/essais\/wp-json\/wp\/v2\/posts\/18931","targetHints":{"allow":["GET"]}}],"collection":[{"href":"https:\/\/ritmy.fr\/essais\/wp-json\/wp\/v2\/posts"}],"about":[{"href":"https:\/\/ritmy.fr\/essais\/wp-json\/wp\/v2\/types\/post"}],"author":[{"embeddable":true,"href":"https:\/\/ritmy.fr\/essais\/wp-json\/wp\/v2\/users\/3"}],"replies":[{"embeddable":true,"href":"https:\/\/ritmy.fr\/essais\/wp-json\/wp\/v2\/comments?post=18931"}],"version-history":[{"count":23,"href":"https:\/\/ritmy.fr\/essais\/wp-json\/wp\/v2\/posts\/18931\/revisions"}],"predecessor-version":[{"id":19924,"href":"https:\/\/ritmy.fr\/essais\/wp-json\/wp\/v2\/posts\/18931\/revisions\/19924"}],"wp:attachment":[{"href":"https:\/\/ritmy.fr\/essais\/wp-json\/wp\/v2\/media?parent=18931"}],"wp:term":[{"taxonomy":"category","embeddable":true,"href":"https:\/\/ritmy.fr\/essais\/wp-json\/wp\/v2\/categories?post=18931"},{"taxonomy":"post_tag","embeddable":true,"href":"https:\/\/ritmy.fr\/essais\/wp-json\/wp\/v2\/tags?post=18931"}],"curies":[{"name":"wp","href":"https:\/\/api.w.org\/{rel}","templated":true}]}}