{"id":18679,"date":"2018-12-18T17:15:00","date_gmt":"2018-12-18T16:15:00","guid":{"rendered":"http:\/\/ritmy.fr\/essais\/?p=18679"},"modified":"2019-05-23T13:56:46","modified_gmt":"2019-05-23T12:56:46","slug":"saison-29-programme-2019","status":"publish","type":"post","link":"https:\/\/ritmy.fr\/essais\/saison-29-programme-2019\/","title":{"rendered":"29\u00b0 SAISONS MUSICALES : le programme 2019"},"content":{"rendered":"<h2 style=\"text-align: center;\"><span style=\"text-decoration: underline; color: #333399;\"><strong>Voici un rappel du programme 2019 des <em>29\u00b0 Saisons Musicales<\/em> RITMY<\/strong><\/span><\/h2>\n<h5><\/h5>\n<h3 style=\"text-align: justify;\"><span style=\"color: #333399;\"><strong>A mi-chemin de notre <em>Saison Musicale<\/em> 2018-2019, nous souhaitons vous pr\u00e9senter \u00e0 nouveau les concerts 2019 qui vous attendent, de janvier \u00e0 mars.<\/strong><\/span><\/h3>\n<h4 style=\"text-align: justify;\"><span style=\"color: #333333;\"><strong>Les premiers concerts des\u00a0<em>29\u00b0 Saisons Musicales<\/em>\u00a0en 2018 ont rencontr\u00e9 un beau succ\u00e8s, et ce sont encore de\u00a0tr\u00e8s belles affiches\u00a0que nous vous proposons \u00e0 partir du 13 janvier \u00e0 Orgerus. Des artistes renomm\u00e9s comme Romain Leleu et Daniel Isoir, des ensembles de grande qualit\u00e9, qui nous feront voyager du XVIII\u00b0 au XX\u00b0 si\u00e8cle, avec des instruments peu fr\u00e9quents sur sc\u00e8ne, la trompette et le pianoforte.<\/strong><\/span><\/h4>\n<h3 style=\"text-align: center;\"><span style=\"color: #333399;\"><strong><u>Romain LELEU et l&rsquo;Ensemble &lsquo;Convergences&rsquo; &#8211; <em>\u00ab\u00a0Inspirations\u00a0\u00bb<\/em><\/u><\/strong><\/span><\/h3>\n<h4 style=\"text-align: center;\"><span style=\"color: #000080;\"><strong>\u00e0 ORGERUS, le Dimanche 13 janvier 2019 \u00e0 17h00, Salle du Pr\u00e9 Romain<\/strong><\/span><\/h4>\n<h5 style=\"text-align: justify;\"><strong>Le trompettiste <span style=\"color: #333399;\">Romain LELEU<\/span>, entour\u00e9 de l&rsquo;<span style=\"color: #333399;\">Ensemble \u00e0 cordes &lsquo;CONVERGENCES&rsquo;<\/span>, nous proposera un r\u00e9pertoire original de transcriptions, allant de la musique baroque \u00e0 la musique de films, en passant par la cr\u00e9ation contemporaine.<\/strong><\/h5>\n<div id=\"attachment_18613\" style=\"width: 379px\" class=\"wp-caption alignleft\"><img loading=\"lazy\" decoding=\"async\" aria-describedby=\"caption-attachment-18613\" class=\"wp-image-18613\" src=\"https:\/\/ritmy.fr\/essais\/wp-content\/uploads\/2018\/11\/Romain-Leleu-copie.jpg\" alt=\"\" width=\"379\" height=\"287\" srcset=\"https:\/\/ritmy.fr\/essais\/wp-content\/uploads\/2018\/11\/Romain-Leleu-copie.jpg 1579w, https:\/\/ritmy.fr\/essais\/wp-content\/uploads\/2018\/11\/Romain-Leleu-copie-300x227.jpg 300w, https:\/\/ritmy.fr\/essais\/wp-content\/uploads\/2018\/11\/Romain-Leleu-copie-768x582.jpg 768w, https:\/\/ritmy.fr\/essais\/wp-content\/uploads\/2018\/11\/Romain-Leleu-copie-1000x758.jpg 1000w\" sizes=\"auto, (max-width: 379px) 100vw, 379px\" \/><p id=\"caption-attachment-18613\" class=\"wp-caption-text\">Romain LELEU (Photo Jean-Baptiste Millot)<\/p><\/div>\n<p style=\"text-align: justify;\">Le <strong>trompettiste<\/strong> <span style=\"color: #333399;\"><strong>Romain LELEU<\/strong><\/span> est consid\u00e9r\u00e9, gr\u00e2ce \u00e0 son jeu alliant virtuosit\u00e9 et \u00e9l\u00e9gance, comme <strong>l\u2019un des meilleurs interpr\u00e8tes de sa g\u00e9n\u00e9ration<\/strong><\/p>\n<p style=\"text-align: justify;\">Il a \u00e9t\u00e9 form\u00e9 dans la tradition de l\u2019<strong>\u00e9cole fran\u00e7aise de trompette<\/strong>, mais il aime explorer de nouveaux r\u00e9pertoires. Il est d\u00e9dicataire et\/ou cr\u00e9ateur de nombreuses \u0153uvres de compositeurs d\u2019aujourd\u2019hui comme Philippe Hersant, Karol Beffa, Vincent Peirani..<\/p>\n<p style=\"text-align: justify;\">Il a \u00e9t\u00e9 &lsquo;<strong>R\u00e9v\u00e9lation soliste instrumental&rsquo; aux Victoires de la Musique classique en 2009.<\/strong><\/p>\n<p style=\"text-align: justify;\">Il se produit en <strong>soliste sur les cinq continents, tant en r\u00e9cital qu\u2019accompagn\u00e9 des plus grands orchestres<\/strong>.<\/p>\n<p style=\"text-align: justify;\">En tant que <strong>chambriste<\/strong>, il partage la sc\u00e8ne avec Thierry Escaich, Adam Laloum, Fran\u00e7ois Dumont, Ibrahim Maalouf&#8230;<\/p>\n<p style=\"text-align: justify;\">Son go\u00fbt pour la transcription l\u2019a amen\u00e9 \u00e0 cr\u00e9er en 2010 l\u2019<span style=\"color: #333399;\"><strong>Ensemble \u2018CONVERGENCES\u2019<\/strong><span style=\"color: #333333;\">, <\/span><\/span>avec lequel il revisite les <em>grands classiques\u00a0<\/em>de la musique savante et populaire.<\/p>\n<p style=\"text-align: justify;\">Formation unique dans le paysage musical, l\u2019<span style=\"color: #333399;\"><strong>Ensemble \u2018CONVERGENCES\u2019<\/strong><\/span> est un quintette \u00e0 cordes compos\u00e9 de musiciens curieux et audacieux, chambristes et issus des grands orchestres fran\u00e7ais :<\/p>\n<p style=\"text-align: justify;\"><span style=\"color: #333399;\"><strong>Guillaume Antonini <\/strong>et <strong>Manuel Doutrelant <\/strong>(violons),\u00a0<strong>Alphonse\u00a0<\/strong><strong>Dervieux\u00a0<\/strong>(alto),\u00a0<strong>Julien Decoin\u00a0<\/strong>(violoncelle) et\u00a0<strong>Philippe Blard<\/strong>\u00a0(contrebasse).<\/span><\/p>\n<h5 style=\"text-align: justify;\"><strong>Leur r\u00e9pertoire, compos\u00e9 essentiellement de transcriptions, donne un nouveau souffle \u00e0 la trompette et ses d\u00e9clinaisons, mettant en valeur les diff\u00e9rentes possibilit\u00e9s de l\u2019instrument\u00a0: rondeur, souplesse ou \u00e9clat du timbre.<\/strong><\/h5>\n<h5 style=\"text-align: justify;\">Le dernier album de l\u2019Ensemble, <strong>\u00ab\u00a0<\/strong><em><strong>Inspirations\u00a0\u00bb<\/strong><\/em>, est paru en septembre 2016.<\/h5>\n<h5 style=\"text-align: justify;\"><strong>C&rsquo;est ce <span style=\"text-decoration: underline;\">programme<\/span>,\u00a0<em>\u00ab\u00a0Inspirations\u00a0\u00bb<\/em>, qu&rsquo;ils nous joueront : Leonard Bernstein, Carlos Jobim, Astor Piazzolla, Ennio Moricone, Joseph Kosma, Kurt Weill, Georges Bizet&#8230;<\/strong><\/h5>\n<h4 style=\"text-align: justify;\"><span style=\"color: #333399;\"><strong>Vous serez emport\u00e9 par les sonorit\u00e9s tant\u00f4t \u00e9clatantes, lyriques ou sensuelles de la trompette, accompagn\u00e9e par les cordes.<\/strong><\/span><\/h4>\n<h4><strong><em>Plus d&rsquo;informations sur ce concert dans cet <a href=\"https:\/\/ritmy.fr\/essais\/romain-leleu-et-convergences\/\" target=\"_blank\" rel=\"noopener noreferrer\"><span style=\"text-decoration: underline; color: #3366ff;\">ARTICLE<\/span><\/a>.<\/em><\/strong><\/h4>\n<hr \/>\n<h3 style=\"text-align: center;\"><span style=\"color: #333399;\"><strong><u>TRIO BOH<\/u><\/strong><\/span><span style=\"text-decoration: underline;\"><strong><span style=\"color: #333399; text-decoration: underline;\">\u00c8<\/span><\/strong><\/span><span style=\"color: #333399;\"><strong><u>ME &#8211; <em>\u00ab\u00a0Les Saisons, de Tcha\u00efkovski \u00e0 Piazzolla\u00a0\u00bb<\/em><\/u><\/strong><\/span><\/h3>\n<h4 style=\"text-align: center;\"><span style=\"color: #000080;\"><strong>\u00e0 RICHEBOURG, le Dimanche 10 f\u00e9vrier 2019 \u00e0 17h00, Eglise Saint-Georges<\/strong><\/span><\/h4>\n<h5><strong>De par l\u2019origine multiculturelle de ses musiciens, le <span style=\"color: #333399;\">Trio BOH\u00c8ME<\/span> a pour vocation de rassembler les pays et les\u00a0cultures du monde par la musique.<\/strong><\/h5>\n<h5><strong>Le Trio est compos\u00e9 de musiciens tr\u00e8s talentueux et exp\u00e9riment\u00e9s.<\/strong><\/h5>\n<div id=\"attachment_18669\" style=\"width: 350px\" class=\"wp-caption alignright\"><img loading=\"lazy\" decoding=\"async\" aria-describedby=\"caption-attachment-18669\" class=\"wp-image-18669\" src=\"https:\/\/ritmy.fr\/essais\/wp-content\/uploads\/2018\/12\/trio-boheme-trio-4-copie.jpg\" alt=\"\" width=\"350\" height=\"350\" srcset=\"https:\/\/ritmy.fr\/essais\/wp-content\/uploads\/2018\/12\/trio-boheme-trio-4-copie.jpg 520w, https:\/\/ritmy.fr\/essais\/wp-content\/uploads\/2018\/12\/trio-boheme-trio-4-copie-140x140.jpg 140w, https:\/\/ritmy.fr\/essais\/wp-content\/uploads\/2018\/12\/trio-boheme-trio-4-copie-300x300.jpg 300w\" sizes=\"auto, (max-width: 350px) 100vw, 350px\" \/><p id=\"caption-attachment-18669\" class=\"wp-caption-text\">Igor KIRITCHENKO, Lev MASLOVSKY, Jasmina KULAGLICH (photo Marie Sophie Leturcq)<\/p><\/div>\n<p style=\"text-align: justify;\"><span style=\"color: #333399;\"><strong><u>Jasmina KULAGLICH, au piano<\/u><\/strong><\/span><\/p>\n<p style=\"text-align: justify;\">N\u00e9e \u00e0 Belgrade, elle y obtient un\u00a0<strong>1er Prix\u00a0du CNSM<\/strong>, ainsi que <strong>plusieurs autres<\/strong> <strong>r\u00e9compenses<\/strong>.\u00a0Elle se produit r\u00e9guli\u00e8rement en <strong>Europe<\/strong> (Suisse, Angleterre, Italie, Hollande\u2026).<\/p>\n<p style=\"text-align: justify;\">En France elle joue \u00e0 Paris (Salle Gaveau, Cortot\u2026), \u00e0 Lyon et dans diff\u00e9rents festivals.<\/p>\n<p style=\"text-align: justify;\">Elle se produit comme <strong>soliste avec orchestre, <\/strong>et en <strong>musique de chambre<\/strong>.<\/p>\n<p><span style=\"color: #333399;\"><strong><u>Lev MASLOVSKY, au violon\u00a0<\/u><\/strong><\/span><\/p>\n<p style=\"text-align: justify;\">Il a commenc\u00e9 l\u2019\u00e9tude du violon \u00e0 l\u2019\u00e2ge de six ans dans sa ville natale, Tbilissi.<\/p>\n<p style=\"text-align: justify;\">Apr\u00e8s ses \u00e9tudes au Conservatoire National Sup\u00e9rieur, il devient le <strong>premier violon du Quatuor Tcha\u00efkovski de Moscou<\/strong> avec lequel il fait de nombreuses tourn\u00e9es internationales. Il \u00e9tait \u00e9galement <strong>membre du Trio Romantique de la Soci\u00e9t\u00e9 Philharmonique de Moscou<\/strong>.<\/p>\n<p style=\"text-align: justify;\"><strong>Lev <\/strong>se produit en <strong>soliste et en musique de chambre<\/strong>, et fait des tourn\u00e9es avec ses diff\u00e9rentes formations en Europe, en Afrique et en Asie.\u00a0Il se consacre \u00e9galement \u00e0 <strong>l\u2019enseignement<\/strong>, il est professeur titulaire de violon \u00e0 l&rsquo;<strong>Acad\u00e9mie de Musique Alfred Schnittke \u00e0 Moscou<\/strong>.<\/p>\n<p><span style=\"color: #333399;\"><strong><u>Igor KIRITCHENKO, au violoncelle<\/u><\/strong><\/span><\/p>\n<p style=\"text-align: justify;\">N\u00e9 en Ukraine, il \u00e9tudie aux conservatoires d\u2019Odessa,\u00a0Moscou et\u00a0Paris.<\/p>\n<p style=\"text-align: justify;\">Laur\u00e9at du <strong>Concours International de Violoncelle \u00e0 Belgrade<\/strong>, il devient membre du <strong>&lsquo;Quatuor Anton&rsquo;<\/strong>\u00a0(1989-1995) qui remporte le <strong>Grand Prix au \u00ab\u00a0Concours International d\u2019Evian\u00a0\u00bb\u00a0<\/strong>ainsi que le <strong>1er Prix au \u00ab\u00a0Concours International Chostakovitch\u00a0\u00bb \u00e0 Saint-Petersbourg.\u00a0<\/strong>Il a \u00e9t\u00e9 invit\u00e9 avec le quatuor par\u00a0<strong>M. Rostropovitch<\/strong>\u00a0et <strong>S. Richter\u00a0<\/strong>dans diff\u00e9rents festivals.<\/p>\n<p style=\"text-align: justify;\">Il s\u2019est produit dans les <strong>salles les plus prestigieuses,\u00a0<\/strong>\u00e0 Paris (Th\u00e9\u00e2tre des Champs Elys\u00e9es,\u00a0Salle Gaveau\u2026), Munich, Milan, Londres, Tokyo&#8230;.<\/p>\n<p style=\"text-align: justify;\">En musique de chambre, il a jou\u00e9 avec des <strong>artistes ou ensembles renomm\u00e9s<\/strong>\u00a0: Youri Bashmet,\u00a0Michel Portal, le Quatuor Borodine, G\u00e9rard Causs\u00e9, Pascal Moragues, les Quatuors Manfred, Ravel etc&#8230;<\/p>\n<p style=\"text-align: justify;\">Nous avons pu l\u2019entendre avec bonheur en\u00a0octobre 2017, \u00e0 Mareil-sur-Mauldre, avec le <strong>&lsquo;Quatuor ELYS\u00c9E&rsquo;<\/strong>, dont il est membre fondateur.<\/p>\n<h5 style=\"text-align: justify;\"><strong>Le <span style=\"color: #333399;\">Trio BOH\u00c8ME<\/span> nous offrira un <span style=\"text-decoration: underline;\">programme\u00a0intitul\u00e9 \u00ab\u00a0<em>Les Saisons, de Tcha\u00efkovski \u00e0 Piazzolla\u00a0\u00bb.<\/em><\/span><\/strong><\/h5>\n<h5 style=\"text-align: justify;\">Un voyage o\u00f9 la <strong>premi\u00e8re escale est teint\u00e9e de sensibilit\u00e9 et de nostalgie slave<\/strong>, de la douceur du coin du feu de l\u2019hiver au fringant carnaval de f\u00e9vrier, en passant par les premiers bourgeons du perce-neige jusqu\u2019aux folles moissons du mois d\u2019ao\u00fbt.\u00a0La <strong>deuxi\u00e8me escale nous entra\u00eenera dans la fougueuse Argentine de Piazzolla<\/strong>.<\/h5>\n<h5 style=\"text-align: justify;\"><strong>Des transcriptions pour piano, violon et violoncelle.<\/strong><\/h5>\n<ul>\n<li><strong>P.I Tcha\u00efkovski\u00a0: \u00ab\u00a0<\/strong><em><strong>Les Saisons\u00a0\u00bb<\/strong>\u00a0: de\u00a0<\/em>\u2018Janvier\u2019 (Au coin du feu) \u00e0\u00a0\u2018D\u00e9cembre\u2019 (No\u00ebl) \u00a0<em>(transcriptions\u00a0par\u00a0Alexandre Goedicke)<\/em><\/li>\n<li><strong>Astor Piazzolla\u00a0: \u00ab\u00a0<em>Les Quatre Saisons \u00e0 Buenos Aires\u00a0\u00bb :\u00a0<\/em><\/strong>Printemps (Primavera), L\u2019\u00e9t\u00e9 (Verano), L\u2019automne (Otono), L\u2019hiver (Invierno) <em>(transcriptions\u00a0par Jos\u00e9 Bragato)<\/em><\/li>\n<\/ul>\n<h4 style=\"text-align: justify;\"><span style=\"color: #333399;\"><strong>Laissez-vous enchanter par les trois musiciens complices en voyageant avec le piano, le violoncelle et le violon au fil des saisons\u2026<\/strong><\/span><\/h4>\n<h4><strong><em>Plus d&rsquo;informations sur ce concert dans cet <a href=\"https:\/\/ritmy.fr\/essais\/trio-boheme\/\" target=\"_blank\" rel=\"noopener noreferrer\"><span style=\"text-decoration: underline; color: #3366ff;\">ARTICLE<\/span><\/a>.<\/em><\/strong><\/h4>\n<hr \/>\n<h3 style=\"text-align: center;\"><span style=\"color: #333399;\"><strong><u>La PETITE SYMPHONIE &#8211; <em>Quatuors de Mozart<\/em><\/u><\/strong><\/span><\/h3>\n<h4 style=\"text-align: center;\"><span style=\"color: #000080;\"><strong>\u00e0 M\u00c9R<\/strong><\/span><span style=\"color: #000080;\"><strong>\u00c9<\/strong><\/span><span style=\"color: #000080;\"><strong>, le Dimanche 31 mars 2019 \u00e0 17h00, Eglise Saint-Denis<\/strong><\/span><\/h4>\n<h5><strong>Ensemble \u00e0 g\u00e9om\u00e9trie variable, cr\u00e9\u00e9 et dirig\u00e9 par\u00a0<span style=\"color: #333399;\">Daniel\u00a0ISOIR<\/span>, &lsquo;<span style=\"color: #333399;\">La PETITE SYMPHONIE&rsquo;<\/span>\u00a0est compos\u00e9 de musiciens habit\u00e9s par la m\u00eame passion du jeu sur instruments d\u2019\u00e9poque, dont le pianoforte.<\/strong><\/h5>\n<h5 style=\"text-align: justify;\"><strong>\u0152uvres rarement interpr\u00e9t\u00e9es, et encore moins sur instruments d\u2019\u00e9poque, les <span style=\"color: #333399;\">Quatuors avec pianoforte de Mozart<\/span> sont une fusion parfaite entre le concerto et le quatuor, un mod\u00e8le d\u2019\u00e9quilibre entre le piano et les cordes, qui se m\u00ealent ou alternent tout au long de la partition.<\/strong><\/h5>\n<div id=\"attachment_18821\" style=\"width: 380px\" class=\"wp-caption alignleft\"><img loading=\"lazy\" decoding=\"async\" aria-describedby=\"caption-attachment-18821\" class=\"wp-image-18821\" src=\"https:\/\/ritmy.fr\/essais\/wp-content\/uploads\/2018\/12\/Petite-Symphonie-9-copie.jpg\" alt=\"\" width=\"380\" height=\"253\" srcset=\"https:\/\/ritmy.fr\/essais\/wp-content\/uploads\/2018\/12\/Petite-Symphonie-9-copie.jpg 960w, https:\/\/ritmy.fr\/essais\/wp-content\/uploads\/2018\/12\/Petite-Symphonie-9-copie-300x200.jpg 300w, https:\/\/ritmy.fr\/essais\/wp-content\/uploads\/2018\/12\/Petite-Symphonie-9-copie-768x512.jpg 768w\" sizes=\"auto, (max-width: 380px) 100vw, 380px\" \/><p id=\"caption-attachment-18821\" class=\"wp-caption-text\">Les membres de La PETITE SYMPHONIE<\/p><\/div>\n<h5><span style=\"color: #333399;\"><strong><u>Daniel ISOIR est le\u00a0<\/u><\/strong><em><u><strong>Directeur musical de l&rsquo;Ensemble<\/strong><\/u><\/em><\/span><\/h5>\n<p style=\"text-align: justify;\"><span style=\"color: #008000;\">Il\u00a0est le fils du grand organiste <strong>Andr\u00e9 ISOIR <\/strong>(organiste pendant 43 ans de St Germain-des-Pr\u00e9s \u00e0 Paris), d\u00e9c\u00e9d\u00e9 en\u00a0juillet 2016, qui a donn\u00e9 <strong>le tout 1<sup>er<\/sup>concert de RITMY<\/strong>, <strong>c\u2019\u00e9tait le\u00a01<sup>er<\/sup>octobre 1989 \u00e0 Neauphle-le-Ch\u00e2teau\u00a0!<\/strong><\/span><\/p>\n<p style=\"text-align: justify;\"><span style=\"color: #333399;\"><strong>Daniel ISOIR<\/strong> <\/span>a commenc\u00e9 sa formation par des \u00e9tudes de piano moderne, musique de chambre et \u00e9criture, en France, au Canada, puis \u00e0 Hambourg.<\/p>\n<p style=\"text-align: justify;\">Apr\u00e8s ses \u00e9tudes, il commence une <strong>carri\u00e8re de pianiste<\/strong>, aussi bien en solo qu&rsquo;en musique de chambre, et comme chef de chant.<\/p>\n<p style=\"text-align: justify;\">Tr\u00e8s t\u00f4t, il se passionne pour le jeu sur <strong>pianoforte<\/strong>, ainsi que pour sa facture.<\/p>\n<p style=\"text-align: justify;\">L&rsquo;envie d&rsquo;un <strong>ensemble symphonique en petite formation<\/strong> remonte aux premiers essais d&rsquo;un <strong>pianoforte d&rsquo;\u00e9cole Stein<\/strong>, construit par lui-m\u00eame en 2000 avec l&rsquo;aide de son ami l&rsquo;\u00e9minent facteur de clavecins et de pianofortes <strong>Ryo Yoshida<\/strong>.<\/p>\n<p style=\"text-align: justify;\">Sur cet instrument, en plus de ses concerts avec <span style=\"color: #333399;\"><strong>La\u00a0<\/strong><strong>PETITE SYMPHONIE<\/strong>\u00a0<\/span>et en solo, il collabore r\u00e9guli\u00e8rement \u00e0 des projets de la <strong>Fondation Royaumont<\/strong> ou de l\u2019<strong>Acad\u00e9mie Bach<\/strong>.<\/p>\n<p style=\"text-align: justify;\">Il a enregistr\u00e9 <strong>plusieurs disques<\/strong> autour de la musique des p\u00e9riodes classique et romantique au <strong>pianoforte<\/strong>.<\/p>\n<p style=\"text-align: justify;\"><em>Le <span style=\"text-decoration: underline; color: #ff0000;\"><strong>pianoforte<\/strong><\/span> a une sonorit\u00e9 assez diff\u00e9rente du piano moderne. Des auditeurs non avertis pensent souvent entendre de la harpe ou du clavecin.\u00a0Les \u0153uvres de Haydn et Mozart ou les \u0153uvres de jeunesse de Beethoven sont beaucoup plus adapt\u00e9es \u00e0 cet instrument pour lequel elles ont \u00e9t\u00e9 \u00e9crites.<\/em><\/p>\n<p style=\"text-align: justify;\">Pour notre concert, <span style=\"color: #333399;\"><strong>Daniel ISOIR<\/strong> <\/span>sera accompagn\u00e9 de\u00a0<span style=\"color: #333399;\"><strong>Marieke BOUCHE <\/strong><\/span>au violon,\u00a0<span style=\"color: #333399;\"><strong>Diane CHMELA <\/strong><\/span>\u00e0 l&rsquo;alto et\u00a0<span style=\"color: #333399;\"><strong>Mathurin MATHAREL <\/strong><\/span>au violoncelle.<\/p>\n<p style=\"text-align: justify;\">Ils se sont tous\u00a0<strong>sp\u00e9cialis\u00e9s dans la pratique des instruments anciens<\/strong>, et collaborent \u00e9galement avec des <strong>ensembles de musiques baroques ou anciennes renomm\u00e9s<\/strong>, comme \u2018Le Cercle de l&rsquo;Harmonie\u2019 (J\u00e9r\u00e9mie Rhorer), le \u2018Collegium Vocale\u2019 (Philippe Herreweghe),\u00a0le \u2018Concert d\u2019Astr\u00e9e\u2019 (Emmanuelle Ha\u00efm), \u2018Les Talens Lyriques\u2019\u00a0(Christophe Rousset) ou \u2018Le concert Spirituel\u2019\u00a0(Herv\u00e9 Niquet)&#8230; que ce soit sur sc\u00e8ne, ou pour des enregistrements.<\/p>\n<p style=\"text-align: justify;\">Ils ont aussi particip\u00e9 \u00e0 la <strong>cr\u00e9ation d&rsquo;ensembles<\/strong> d\u00e9di\u00e9s \u00e0 l&rsquo;interpr\u00e9tation de ces musiques, comme\u00a0\u2018Suonare e Cantare&rsquo; et\u00a0\u2018Corpo Di Strumenti\u2019.<\/p>\n<p style=\"text-align: justify;\"><span style=\"color: #333399;\"><strong>\u2018La PETITE SYMPHONIE\u2019<\/strong> <\/span>est n\u00e9e d\u2019une envie : <strong>transposer l\u2019esprit de la musique de chambre \u00e0 la pratique de l\u2019orchestre<\/strong>. Mais lors des concerts, il n\u2019y a pas de chef d&rsquo;orchestre, la pr\u00e9sence de chacun est unique et pr\u00e9cieuse, et la coll\u00e9gialit\u00e9 des d\u00e9cisions artistiques leur laisse une grande latitude d&rsquo;expression.<\/p>\n<h5 style=\"text-align: justify;\"><strong>Ils nous interpr\u00e8teront donc les <span style=\"text-decoration: underline;\">2 seuls Quatuors pour pianoforte et cordes compos\u00e9s par Mozart<\/span>, qu\u2019ils ont enregistr\u00e9 en 2016.<\/strong><\/h5>\n<ul>\n<li style=\"text-align: justify;\">Quatuor pour pianoforte et cordes n\u00b01 en sol mineur KV 478 <em>(1785)<\/em><\/li>\n<li style=\"text-align: justify;\">Quatuor pour pianoforte et cordes n\u00b02 en mi-b\u00e9mol majeur KV 493 <em>(1786)<\/em><\/li>\n<\/ul>\n<div class=\"page\" title=\"Page 1\">\n<div class=\"section\">\n<div class=\"layoutArea\">\n<div class=\"column\">\n<div class=\"page\" title=\"Page 1\">\n<div class=\"section\">\n<div class=\"layoutArea\">\n<div class=\"column\">\n<h5 style=\"text-align: justify;\"><strong><span style=\"color: #333399;\">La PETITE SYMPHONIE<\/span> nous fera vivre ces deux Quatuors de Mozart avec beaucoup de gr\u00e2ce et un s\u00e9duisant m\u00e9lange de fougue et de d\u00e9licatesse.<\/strong><\/h5>\n<\/div>\n<h5><strong><i>Ecoutons la formation dans 2 extraits des Quatuors n\u00b0 1 et n\u00b0 2 :<\/i><\/strong><\/h5>\n<p><iframe loading=\"lazy\" src=\"https:\/\/www.youtube-nocookie.com\/embed\/jU4y4tZKpwc\" width=\"560\" height=\"315\" frameborder=\"0\" allowfullscreen=\"allowfullscreen\"><\/iframe><\/p>\n<\/div>\n<\/div>\n<\/div>\n<\/div>\n<\/div>\n<\/div>\n<\/div>\n<h4 style=\"text-align: justify;\"><span style=\"color: #333399;\"><strong>Nous pourrons appr\u00e9cier la rondeur du son du pianoforte de Daniel\u00a0ISOIR,\u00a0mais aussi l\u2019extraordinaire\u00a0complicit\u00e9 entre les musiciens de cet ensemble \u00e0 g\u00e9om\u00e9trie variable.<\/strong><\/span><\/h4>\n<h4><strong><em>Plus d&rsquo;informations sur ce concert dans cet <a href=\"https:\/\/ritmy.fr\/essais\/la-petite-symphonie\/\" target=\"_blank\" rel=\"noopener noreferrer\"><span style=\"text-decoration: underline; color: #3366ff;\">ARTICLE<\/span><\/a>.<\/em><\/strong><\/h4>\n<h3 style=\"text-align: center;\"><strong>******************************<\/strong><\/h3>\n<h4 style=\"text-align: justify;\"><span style=\"color: #ff0000;\">Cette deuxi\u00e8me partie des 29\u00b0 Saisons Musicales RITMY vous permettra encore \u00a0d&rsquo;appr\u00e9cier une vari\u00e9t\u00e9 d&rsquo;\u00e9poques et de styles musicaux, avec de magnifiques ensembles que nos aurons la chance et le plaisir de d\u00e9couvrir.<\/span><\/h4>\n<h4><span style=\"text-decoration: underline; color: #333399;\"><strong>R\u00e9servez d\u00e8s maintenant les dates dans votre agenda !\u00a0<\/strong><\/span><\/h4>\n<h4><strong><span style=\"color: #333399;\">Il est prudent de r\u00e9server ses places, pour\u00a0cela aller dans la rubrique\u00a0<\/span><span style=\"color: #3366ff;\"><a style=\"color: #3366ff;\" href=\"https:\/\/ritmy.fr\/essais\/reserver\/vos-billets\/\" target=\"_blank\" rel=\"noopener noreferrer\"><span style=\"text-decoration: underline;\"><em>&lsquo;RESERVER&rsquo;.<\/em><\/span><\/a><\/span><\/strong><strong><br \/>\n<\/strong><\/h4>\n<h4 style=\"text-align: justify;\"><strong><span style=\"color: #333399;\">La formule d&rsquo;<span style=\"text-decoration: underline;\">abonnement<\/span>\u00a0pour 3 concerts est bien s\u00fbr \u00e0 privil\u00e9gier, pour b\u00e9n\u00e9ficier d&rsquo;une tarification int\u00e9ressante, de places r\u00e9serv\u00e9es aux abonn\u00e9s lors des concerts, et aussi d&rsquo;autres avantages que vous pourrez d\u00e9couvrir dans la page\u00a0<a href=\"https:\/\/ritmy.fr\/essais\/reserver\/vos-abonnements\/\" target=\"_blank\" rel=\"noopener noreferrer\"><span style=\"text-decoration: underline; color: #3366ff;\"><em>&lsquo;Vos Abonnements&rsquo;<\/em><\/span><\/a>.<\/span><\/strong><\/h4>\n<h2 style=\"text-align: center;\"><em><span style=\"color: #ff0000;\"><strong>A tr\u00e8s bient\u00f4t lors de nos concerts !<\/strong><\/span><\/em><\/h2>\n","protected":false},"excerpt":{"rendered":"<p>Voici un rappel du programme 2019 des 29\u00b0 Saisons Musicales RITMY A mi-chemin de notre Saison Musicale 2018-2019, nous souhaitons vous pr\u00e9senter \u00e0 nouveau les concerts 2019 qui vous attendent, de janvier \u00e0 mars. Les premiers concerts des\u00a029\u00b0 Saisons Musicales\u00a0en 2018 ont rencontr\u00e9 un beau succ\u00e8s, et ce sont encore de\u00a0tr\u00e8s belles affiches\u00a0que nous vous &hellip; <\/p>\n<p><a class=\"more-link btn\" href=\"https:\/\/ritmy.fr\/essais\/saison-29-programme-2019\/\">Lire la suite<\/a><\/p>\n","protected":false},"author":3,"featured_media":0,"comment_status":"closed","ping_status":"closed","sticky":false,"template":"","format":"standard","meta":{"footnotes":""},"categories":[3,4,5,6,7,1],"tags":[314,318,313,27,12,312,320,339,281,136,182,199],"class_list":["post-18679","post","type-post","status-publish","format-standard","hentry","category-les-oeuvres","category-concerts","category-dans-les-yvelines","category-les-musiciens","category-manifestations","category-ritmy","tag-boheme","tag-isoir","tag-leleu","tag-mozart","tag-piano","tag-pianoforte","tag-piazzolla","tag-saisons","tag-tchaikovski","tag-trompette","tag-violon","tag-violoncelle","nodate","item-wrap"],"_links":{"self":[{"href":"https:\/\/ritmy.fr\/essais\/wp-json\/wp\/v2\/posts\/18679","targetHints":{"allow":["GET"]}}],"collection":[{"href":"https:\/\/ritmy.fr\/essais\/wp-json\/wp\/v2\/posts"}],"about":[{"href":"https:\/\/ritmy.fr\/essais\/wp-json\/wp\/v2\/types\/post"}],"author":[{"embeddable":true,"href":"https:\/\/ritmy.fr\/essais\/wp-json\/wp\/v2\/users\/3"}],"replies":[{"embeddable":true,"href":"https:\/\/ritmy.fr\/essais\/wp-json\/wp\/v2\/comments?post=18679"}],"version-history":[{"count":25,"href":"https:\/\/ritmy.fr\/essais\/wp-json\/wp\/v2\/posts\/18679\/revisions"}],"predecessor-version":[{"id":22830,"href":"https:\/\/ritmy.fr\/essais\/wp-json\/wp\/v2\/posts\/18679\/revisions\/22830"}],"wp:attachment":[{"href":"https:\/\/ritmy.fr\/essais\/wp-json\/wp\/v2\/media?parent=18679"}],"wp:term":[{"taxonomy":"category","embeddable":true,"href":"https:\/\/ritmy.fr\/essais\/wp-json\/wp\/v2\/categories?post=18679"},{"taxonomy":"post_tag","embeddable":true,"href":"https:\/\/ritmy.fr\/essais\/wp-json\/wp\/v2\/tags?post=18679"}],"curies":[{"name":"wp","href":"https:\/\/api.w.org\/{rel}","templated":true}]}}