{"id":18624,"date":"2018-12-03T09:35:19","date_gmt":"2018-12-03T08:35:19","guid":{"rendered":"http:\/\/ritmy.fr\/essais\/?p=18624"},"modified":"2019-05-22T17:42:01","modified_gmt":"2019-05-22T16:42:01","slug":"la-boite-a-joujoux-avant-noel","status":"publish","type":"post","link":"https:\/\/ritmy.fr\/essais\/la-boite-a-joujoux-avant-noel\/","title":{"rendered":"A M\u00e9r\u00e9, on a ouvert la \u00ab\u00a0Boite \u00e0 Joujoux\u00a0\u00bb avant No\u00ebl !&#8230;"},"content":{"rendered":"<h3 style=\"text-align: justify;\"><span style=\"color: #333399;\"><strong>&#8230; et pour la plus grande joie des enfants, venus nombreux en compagnie de leur parents et\/ou amis, le pianiste <span style=\"color: #ff0000;\">Guillaume ADAM<\/span> et le com\u00e9dien <span style=\"color: #ff0000;\">Marc SOLLOGOUB<\/span> ont d\u00e9voil\u00e9 tout ce que ce conte musical de <span style=\"color: #ff0000;\">Claude DEBUSSY<\/span> rec\u00e8le de merveilleux et d&rsquo;insolite.<\/strong><\/span><\/h3>\n<h3 style=\"text-align: justify;\"><span style=\"color: #333399;\"><strong>C&rsquo;\u00e9tait dans l&rsquo;\u00e9glise Saint-Denis de M\u00e9r\u00e9 ce dimanche apr\u00e8s-midi 2 d\u00e9cembre 2018.<\/strong><\/span><\/h3>\n<div style=\"width: 615px\" class=\"wp-caption aligncenter\"><img loading=\"lazy\" decoding=\"async\" class=\"\" src=\"https:\/\/ritmy.fr\/essais\/wp-content\/uploads\/2018\/12\/P1100210-1000x601.jpg\" alt=\"\" width=\"615\" height=\"370\" \/><p class=\"wp-caption-text\">Guillaume ADAM (piano) et Marc SOLLOGOUB (com\u00e9dien)&#8230;<\/p><\/div>\n<h4 style=\"text-align: justify;\"><strong>Si <span style=\"color: #ff0000;\">Andr\u00e9 HELL<\/span><\/strong><span style=\"color: #333399;\"><strong><span style=\"color: #ff0000;\">\u00c9<\/span>\u00a0<\/strong><\/span><strong>est l&rsquo;auteur de ce texte, nos deux interpr\u00e8tes, sur une mise en sc\u00e8ne d&rsquo;<span style=\"color: #ff0000;\">Henri de VASSELOT<\/span>, ont d\u00e9bord\u00e9 d&rsquo;imagination et d&rsquo;inventivit\u00e9 pour faire revivre l&rsquo;histoire merveilleuse de ces trois personnages : <span style=\"color: #333399;\">Polichinelle, le soldat et la magnifique poup\u00e9e de porcelaine<\/span>, tous issus de cette <span style=\"color: #333399;\">\u00ab\u00a0bo\u00eete \u00e0 joujoux\u00a0\u00bb<\/span>.<\/strong><\/h4>\n<p><img decoding=\"async\" class=\"alignleft\" src=\"https:\/\/ritmy.fr\/essais\/wp-content\/uploads\/2018\/12\/P1100222-300x225.jpg\" \/><img decoding=\"async\" class=\"alignright\" src=\"https:\/\/ritmy.fr\/essais\/wp-content\/uploads\/2018\/12\/P1100228-300x225.jpg\" \/><\/p>\n<p><img loading=\"lazy\" decoding=\"async\" class=\"alignleft\" src=\"https:\/\/ritmy.fr\/essais\/wp-content\/uploads\/2018\/12\/P1100237-300x225.jpg\" width=\"303\" height=\"227\" \/><img decoding=\"async\" class=\"alignright\" src=\"https:\/\/ritmy.fr\/essais\/wp-content\/uploads\/2018\/12\/P1100281-300x234.jpg\" \/><\/p>\n<h5 style=\"text-align: justify;\"><strong>Les objets les plus improbables sont manipul\u00e9s, sugg\u00e9rant personnages et attitudes, sentiments et d\u00e9cisions&#8230;<\/strong><\/h5>\n<h5 style=\"text-align: justify;\"><strong>Pour qui veut bien aller au-del\u00e0 du simple conte pour enfants, on y voit sans peine les allusions \u00e0 la \u00ab\u00a0grande guerre\u00a0\u00bb, celle de 14\/18.<\/strong><\/h5>\n<h5 style=\"text-align: justify;\"><strong>Ce soldat, personnage cl\u00e9 de l&rsquo;histoire (celle du conte) comme de l&rsquo;HISTOIRE (celle des tranch\u00e9es, celle des millions de morts que la folie des hommes a pu g\u00e9n\u00e9rer en ces temps pas si lointains), va pouvoir \u00e0 loisir s&rsquo;\u00e9vader de son quotidien par la magie de la musique.<\/strong><br \/>\n<strong>Une musique de <span style=\"color: #ff0000;\">Claude DEBUSSY<\/span>, tellement descriptive qu&rsquo;elle va devenir synonyme de survie, symbole de paix \u00e0 retrouver \u00e0 tout prix&#8230;<\/strong><\/h5>\n<h5 style=\"text-align: justify;\"><strong>Les plus jeunes enfants y ont vu une belle histoire d&rsquo;amour, et la r\u00e9demption d&rsquo;un polichinelle, car comme souvent dans les contes \u00ab\u00a0tout est bien qui finit bien\u00a0\u00bb&#8230;<\/strong><\/h5>\n<h5 style=\"text-align: justify;\"><strong>Les plus adultes y auront puis\u00e9 des r\u00e9flexions plus en relation avec l&rsquo;actualit\u00e9, en ces temps o\u00f9 les d\u00e9ferlements de violence peuvent surgir \u00e0 nos portes et sur nos itin\u00e9raires quotidiens.<\/strong><\/h5>\n<p><img loading=\"lazy\" decoding=\"async\" class=\"aligncenter\" src=\"https:\/\/ritmy.fr\/essais\/wp-content\/uploads\/2018\/12\/P1100270-1000x777.jpg\" alt=\"\" width=\"515\" height=\"400\" \/><\/p>\n<h4 style=\"text-align: justify;\"><strong>Belle performance de <span style=\"color: #ff0000;\">Guillaume ADAM<\/span> au piano, car il donne l&rsquo;impulsion, le rythme, et la dramaturgie \u00e0 l&rsquo;histoire de ces trois personnages.<\/strong><\/h4>\n<p><img loading=\"lazy\" decoding=\"async\" class=\"aligncenter\" src=\"https:\/\/ritmy.fr\/essais\/wp-content\/uploads\/2018\/12\/P1100314-1000x750.jpg\" alt=\"\" width=\"514\" height=\"385\" \/><\/p>\n<h4><strong>Tout aussi remarquable le jeu du com\u00e9dien <span style=\"color: #ff0000;\">Marc SOLLOGOUB<\/span>, qui anime le moindre objet en le personnifiant au gr\u00e9 du conte !<\/strong><\/h4>\n<p><img loading=\"lazy\" decoding=\"async\" class=\"aligncenter\" src=\"https:\/\/ritmy.fr\/essais\/wp-content\/uploads\/2018\/12\/P1100291-300x211.jpg\" width=\"349\" height=\"245\" \/><\/p>\n<h4 style=\"text-align: justify;\"><strong>A noter la remarquable concentration des enfants pr\u00e9sents, qui n&rsquo;ont pas quitt\u00e9 des yeux cette sc\u00e8ne o\u00f9 tant d&rsquo;objets et de situations diverses les ont tenus en haleine pendant quasiment une heure, sans temps mort !<\/strong><\/h4>\n<h4 style=\"text-align: justify;\"><strong>Un savoureux go\u00fbter attendait parents et enfants \u00e0 l&rsquo;issue du spectacle, pour la plus grande joie de tous&#8230;<\/strong><\/h4>\n<h4 style=\"text-align: center;\"><span style=\"color: #333399;\"><strong>*******<\/strong><\/span><\/h4>\n<h3 style=\"text-align: justify;\"><strong><span style=\"color: #333399;\">Et pour les fid\u00e8les de RITMY, les festivit\u00e9s se poursuivront avec<\/span> <span style=\"color: #ff0000;\">Alexandra SOUMM (violon) et Isma\u00ebl MARGAIN (piano)<span style=\"color: #333399;\">,<\/span> <span style=\"color: #333399;\">dans un superbe programme Beethoven, Brahms, Franck et Ravel.<\/span><\/span><\/strong><\/h3>\n<h3><strong><span style=\"color: #333399;\">C&rsquo;est \u00e0\u00a0<\/span><span style=\"color: #ff0000;\">NEAUPHLE-Le-CH\u00c2TEAU le dimanche 16 d\u00e9cembre \u00e0 17h,\u00a0<\/span><\/strong><strong><span style=\"color: #ff0000;\">\u00e9glise St Nicolas.<\/span><\/strong><\/h3>\n<h3><span style=\"color: #333399;\"><strong><span style=\"color: #333333;\">Tous les d\u00e9tails dans cet<\/span> <a href=\"https:\/\/ritmy.fr\/essais\/alexandra-soumm-et-ismael-margain\/\" target=\"_blank\" rel=\"noopener noreferrer\"><span style=\"text-decoration: underline;\"><em>ARTICLE<\/em><\/span><\/a>.<\/strong><\/span><\/h3>\n<h2><strong><span style=\"color: #333399;\">Ne manquez pas ce dernier rendez-vous de l&rsquo;ann\u00e9e 2018,\u00a0<\/span><\/strong><strong><span style=\"color: #333399;\">\u00e0 l&rsquo;approche des f\u00eates de fin d&rsquo;ann\u00e9e,\u00a0<\/span><\/strong><strong><span style=\"color: #333399;\">offrez-vous un\u00a0<span style=\"caret-color: #333399;\">beau cadeau musical<\/span>\u00a0!<\/span><\/strong><\/h2>\n<hr \/>\n<h5 style=\"text-align: justify;\"><strong>Si vous souhaitez donner votre avis sur ce spectacle ou r\u00e9agir \u00e0 cet article, nous faire des suggestions, contacter l&rsquo;\u00e9quipe RITMY\u2026 n\u2019h\u00e9sitez pas \u00e0 vous exprimer par courriel :<\/strong><\/h5>\n<h5 style=\"text-align: center;\"><strong><a href=\"mailto:contact.ritmy@gmail.com\" target=\"_blank\" rel=\"noopener noreferrer\">contact.ritmy@gmail.com<\/a><\/strong><\/h5>\n","protected":false},"excerpt":{"rendered":"<p>&#8230; et pour la plus grande joie des enfants, venus nombreux en compagnie de leur parents et\/ou amis, le pianiste Guillaume ADAM et le com\u00e9dien Marc SOLLOGOUB ont d\u00e9voil\u00e9 tout ce que ce conte musical de Claude DEBUSSY rec\u00e8le de merveilleux et d&rsquo;insolite. C&rsquo;\u00e9tait dans l&rsquo;\u00e9glise Saint-Denis de M\u00e9r\u00e9 ce dimanche apr\u00e8s-midi 2 d\u00e9cembre 2018. &hellip; <\/p>\n<p><a class=\"more-link btn\" href=\"https:\/\/ritmy.fr\/essais\/la-boite-a-joujoux-avant-noel\/\">Lire la suite<\/a><\/p>\n","protected":false},"author":4,"featured_media":18628,"comment_status":"closed","ping_status":"closed","sticky":false,"template":"","format":"standard","meta":{"footnotes":""},"categories":[3,4,5,6,1],"tags":[122,319,331,56,12,329],"class_list":["post-18624","post","type-post","status-publish","format-standard","has-post-thumbnail","hentry","category-les-oeuvres","category-concerts","category-dans-les-yvelines","category-les-musiciens","category-ritmy","tag-adam","tag-debussy","tag-joujoux","tag-mere","tag-piano","tag-sollogoub","nodate","item-wrap"],"_links":{"self":[{"href":"https:\/\/ritmy.fr\/essais\/wp-json\/wp\/v2\/posts\/18624","targetHints":{"allow":["GET"]}}],"collection":[{"href":"https:\/\/ritmy.fr\/essais\/wp-json\/wp\/v2\/posts"}],"about":[{"href":"https:\/\/ritmy.fr\/essais\/wp-json\/wp\/v2\/types\/post"}],"author":[{"embeddable":true,"href":"https:\/\/ritmy.fr\/essais\/wp-json\/wp\/v2\/users\/4"}],"replies":[{"embeddable":true,"href":"https:\/\/ritmy.fr\/essais\/wp-json\/wp\/v2\/comments?post=18624"}],"version-history":[{"count":29,"href":"https:\/\/ritmy.fr\/essais\/wp-json\/wp\/v2\/posts\/18624\/revisions"}],"predecessor-version":[{"id":19360,"href":"https:\/\/ritmy.fr\/essais\/wp-json\/wp\/v2\/posts\/18624\/revisions\/19360"}],"wp:featuredmedia":[{"embeddable":true,"href":"https:\/\/ritmy.fr\/essais\/wp-json\/wp\/v2\/media\/18628"}],"wp:attachment":[{"href":"https:\/\/ritmy.fr\/essais\/wp-json\/wp\/v2\/media?parent=18624"}],"wp:term":[{"taxonomy":"category","embeddable":true,"href":"https:\/\/ritmy.fr\/essais\/wp-json\/wp\/v2\/categories?post=18624"},{"taxonomy":"post_tag","embeddable":true,"href":"https:\/\/ritmy.fr\/essais\/wp-json\/wp\/v2\/tags?post=18624"}],"curies":[{"name":"wp","href":"https:\/\/api.w.org\/{rel}","templated":true}]}}