{"id":18137,"date":"2018-09-12T11:52:54","date_gmt":"2018-09-12T10:52:54","guid":{"rendered":"http:\/\/ritmy.fr\/essais\/?p=18137"},"modified":"2019-01-30T18:18:57","modified_gmt":"2019-01-30T17:18:57","slug":"harpe-ondes-martenot-et-glassharmonica-2","status":"publish","type":"post","link":"https:\/\/ritmy.fr\/essais\/harpe-ondes-martenot-et-glassharmonica-2\/","title":{"rendered":"Harpe, Ondes Martenot et Glassharmonica, \u00e0 Mareil-sur-Mauldre le 7 octobre 2018"},"content":{"rendered":"<h1 style=\"text-align: center;\"><span style=\"color: #333399;\"><span style=\"caret-color: #333399;\"><b>HARPE, ONDES MARTENOT et GLASSHARMONICA<\/b><\/span><\/span><\/h1>\n<h1 style=\"text-align: center;\"><em><span style=\"color: #333399;\"><strong>avec Pauline HAAS et Thomas BLOCH\u00a0<\/strong><\/span><\/em><\/h1>\n<h2 style=\"text-align: center;\"><span style=\"color: #333399;\"><strong>\u00e0 MAREIL-sur-MAULDRE, le Dimanche\u00a07 octobre 2018,<\/strong><\/span><\/h2>\n<h2 style=\"text-align: center;\"><span style=\"color: #333399;\"><strong> \u00e0 17h00, Eglise Saint-Martin<\/strong><\/span><\/h2>\n<p>&nbsp;<\/p>\n<h3 style=\"text-align: justify;\"><span style=\"color: #333399;\"><strong>Un DUO vraiment unique pour un concert d&rsquo;une grande originalit\u00e9, o\u00f9 vous d\u00e9couvrirez la harpe de Pauline HAAS associ\u00e9e \u00e0 des instruments rares sous les doigts de Thomas BLOCH.<\/strong><\/span><\/h3>\n<h4 style=\"text-align: justify;\"><strong>Associer la harpe \u00e0 l&rsquo; &lsquo;orgue de verre&rsquo;, ou glassharmonica, semblait \u00eatre une \u00e9vidence, pourtant, ni Mozart, ni Beethoven, qui ont\u00a0compos\u00e9 pour cet instrument mythique en cristal n&rsquo;y avaient song\u00e9.\u00a0<\/strong><strong>Il a fallu attendre 250\u00a0ans pour que cette id\u00e9e germe dans l&rsquo;esprit d&rsquo;une jeune harpiste,\u00a0<\/strong><span style=\"color: #333399;\"><strong>Pauline HAAS<\/strong><\/span>.<\/h4>\n<div id=\"attachment_18140\" style=\"width: 492px\" class=\"wp-caption aligncenter\"><img loading=\"lazy\" decoding=\"async\" aria-describedby=\"caption-attachment-18140\" class=\"wp-image-18140\" src=\"https:\/\/ritmy.fr\/essais\/wp-content\/uploads\/2018\/09\/Bloch-Hass-3-copie-3.jpg\" alt=\"\" width=\"492\" height=\"329\" srcset=\"https:\/\/ritmy.fr\/essais\/wp-content\/uploads\/2018\/09\/Bloch-Hass-3-copie-3.jpg 598w, https:\/\/ritmy.fr\/essais\/wp-content\/uploads\/2018\/09\/Bloch-Hass-3-copie-3-300x201.jpg 300w\" sizes=\"auto, (max-width: 492px) 100vw, 492px\" \/><p id=\"caption-attachment-18140\" class=\"wp-caption-text\">Pauline HAAS et Thomas BLOCH<\/p><\/div>\n<h4 style=\"text-align: justify;\">La harpiste <span style=\"color: #333399;\"><strong>Pauline HAAS<\/strong><\/span> est la seule fran\u00e7aise <strong>1<sup>er<\/sup>Prix du Concours International Lily Laskine<\/strong>, alors qu&rsquo;elle n&rsquo;avait que 13 ans.<\/h4>\n<div id=\"attachment_18059\" style=\"width: 432px\" class=\"wp-caption alignleft\"><img loading=\"lazy\" decoding=\"async\" aria-describedby=\"caption-attachment-18059\" class=\"wp-image-18059\" src=\"https:\/\/ritmy.fr\/essais\/wp-content\/uploads\/2018\/08\/PaulineHaasHarp01-r\u00e9duit-1.jpg\" alt=\"\" width=\"432\" height=\"260\" srcset=\"https:\/\/ritmy.fr\/essais\/wp-content\/uploads\/2018\/08\/PaulineHaasHarp01-r\u00e9duit-1.jpg 926w, https:\/\/ritmy.fr\/essais\/wp-content\/uploads\/2018\/08\/PaulineHaasHarp01-r\u00e9duit-1-300x181.jpg 300w, https:\/\/ritmy.fr\/essais\/wp-content\/uploads\/2018\/08\/PaulineHaasHarp01-r\u00e9duit-1-768x463.jpg 768w\" sizes=\"auto, (max-width: 432px) 100vw, 432px\" \/><p id=\"caption-attachment-18059\" class=\"wp-caption-text\">Pauline HAAS<\/p><\/div>\n<p>&nbsp;<\/p>\n<h5 style=\"text-align: justify;\">Elle a \u00e9galement \u00e9t\u00e9 nomm\u00e9e aux\u00a0<strong>&lsquo;Victoires de la Musique Classique&rsquo; 2012 <\/strong>(dans la cat\u00e9gorie \u2018R\u00e9v\u00e9lation soliste instrumental\u2019).<\/h5>\n<h5 style=\"text-align: justify;\">Sa curiosit\u00e9 l\u2019am\u00e8ne \u00e0 d\u00e9couvrir un\u00a0<strong>vaste r\u00e9pertoire<\/strong>\u00a0allant\u00a0<strong>de la musique ancienne \u00e0 la cr\u00e9ation contemporaine<\/strong>, mais \u00e9galement \u00e0\u00a0cr\u00e9er elle-m\u00eame de nombreuses\u00a0<strong>transcriptions et compositions<\/strong>\u00a0qui repoussent les limites de la harpe.<\/h5>\n<p>&nbsp;<\/p>\n<h5>Outre la<strong> harpe classique<\/strong>, <span style=\"color: #333399;\"><strong>Pauline<\/strong><\/span> joue \u00e9galement la harpe celtique, la harpe m\u00e9di\u00e9vale, la harpe baroque (harpe triple), la harpe \u00e9lectroacoustique (amplifi\u00e9e et avec effets), et la harpe paraguyenne.<\/h5>\n<h5 style=\"text-align: justify;\"><span style=\"color: #333399;\"><strong>Pauline<\/strong><\/span> est aussi\u00a0<strong>auteur, compositeur et\u00a0chanteuse<\/strong>, elle associe ses divers talents\u00a0lors de prestations, pr\u00e8s d&rsquo;une centaine par an, \u00e0 chaque fois remarqu\u00e9es.<\/h5>\n<h5 style=\"text-align: justify;\">Elle se produit <strong>en soliste<\/strong> avec de <strong>nombreux orchestres et ensembles<\/strong> aux quatre coins du monde, ainsi qu&rsquo;<strong>avec des musiciens<\/strong> tels que G\u00e9rard Causs\u00e9, Benjamin Beck, Jean-Fran\u00e7ois Zygel, J\u00e9r\u00f4me Pernoo, Philippe Bernold&#8230; ou des <strong>chanteurs<\/strong> comme le t\u00e9nor Cyrille Dubois.<\/h5>\n<p>&nbsp;<\/p>\n<h4 style=\"text-align: justify;\"><span style=\"color: #333399;\"><strong>Thomas BLOCH<\/strong><\/span> est\u00a0reconnu dans le monde comme l\u2019un des <strong>interpr\u00e8tes majeurs d\u2019instruments rares<\/strong> (<strong>ondes Martenot,\u00a0glassharmonica, cristal Baschet, waterphone\u2026<\/strong>), aussi bien dans le domaine de la musique classique, que de la musique contemporaine et exp\u00e9rimentale, de l\u2019op\u00e9ra, de l\u2019improvisation, de la chanson, le rock, le th\u00e9\u00e2tre, la musique de film, la danse, la world music\u2026 Il est \u00e9galement <strong>compositeur<\/strong> et producteur.<\/h4>\n<div id=\"attachment_18060\" style=\"width: 400px\" class=\"wp-caption alignright\"><img loading=\"lazy\" decoding=\"async\" aria-describedby=\"caption-attachment-18060\" class=\"wp-image-18060\" src=\"https:\/\/ritmy.fr\/essais\/wp-content\/uploads\/2018\/08\/Thomas-Bloch-1-1.jpg\" alt=\"\" width=\"400\" height=\"308\" srcset=\"https:\/\/ritmy.fr\/essais\/wp-content\/uploads\/2018\/08\/Thomas-Bloch-1-1.jpg 526w, https:\/\/ritmy.fr\/essais\/wp-content\/uploads\/2018\/08\/Thomas-Bloch-1-1-300x231.jpg 300w\" sizes=\"auto, (max-width: 400px) 100vw, 400px\" \/><p id=\"caption-attachment-18060\" class=\"wp-caption-text\">Thomas BLOCH, jouant du Glassharmonica<\/p><\/div>\n<h5><\/h5>\n<h5 style=\"text-align: justify;\">Titulaire d\u2019un <strong>1er Prix d\u2019ondes Martenot<\/strong> du\u00a0<strong>CNSM de Paris<\/strong>, ainsi que d\u2019une <strong>Ma\u00eetrise en Musicologie<\/strong> de l\u2019Universit\u00e9 de Strasbourg, <span style=\"color: #333399;\"><strong>Thomas BLOCH<\/strong><\/span> a particip\u00e9 \u00e0 plus de <strong>3.000 concerts<\/strong> dans <strong>40 pays !<\/strong><\/h5>\n<h5 style=\"text-align: justify;\">Il a obtenu de nombreuses r\u00e9compenses, dont un <strong>&lsquo;Classical Music Award&rsquo;<\/strong> en 2002, d\u00e9cern\u00e9 par la critique europ\u00e9enne au Midem \u00e0 Cannes.<\/h5>\n<h5 style=\"text-align: justify;\">Et il appara\u00eet dans\u00a0<strong>150 disques<\/strong> personnels ou en tant qu\u2019artiste invit\u00e9.<\/h5>\n<h5 style=\"text-align: justify;\">On le retrouve notamment sur le dernier album de Daft Punk, et <strong>il collabore<\/strong> avec Radiohead, Tom Waits, Pierre Boulez, Val\u00e9ry Gergiev ou Jean-Fran\u00e7ois Zygel, parmi beaucoup d&rsquo;autres\u2026<\/h5>\n<p>&nbsp;<\/p>\n<h5 style=\"text-align: justify;\"><em>Le <span style=\"text-decoration: underline; color: #ff0000;\"><strong>glassharmonica<\/strong><\/span> a \u00e9t\u00e9 invent\u00e9 par\u00a0<strong>Benjamin Franklin en 1761<\/strong>, en am\u00e9liorant le principe des \u2018verres musicaux \u2018 (verres plus ou moins remplis d\u2019eau dont on frotte les rebords avec les doigts mouill\u00e9s).\u00a0Il est form\u00e9 d&rsquo;un nombre variable de bols en cristal, en verre ou en quartz (37 le plus souvent), enfil\u00e9s sur un axe m\u00e9tallique et mis en rotation \u00e0 l&rsquo;aide d&rsquo;une p\u00e9dale ou d&rsquo;un petit moteur \u00e9lectrique. L&rsquo;interpr\u00e8te en frotte les rebords avec ses doigts mouill\u00e9s pour les faire \u00ab\u00a0chanter\u00a0\u00bb.<\/em><\/h5>\n<h5 style=\"text-align: justify;\"><em>Mozart, Beethoven, Carl Philipp Emmanuel Bach, Donizetti et Richard Strauss ont compos\u00e9 pour lui. <span style=\"color: #333399;\"><strong>Thomas BLOCH<\/strong> <\/span>est l&rsquo;un des rares glassharmonicistes professionnels au monde.<\/em><\/h5>\n<h5><strong>Regardons <span style=\"color: #333399;\">Thomas BLOCH<\/span> nous expliquer le fonctionnement de l&rsquo; &lsquo;harmonica de verre&rsquo; :<\/strong><\/h5>\n<p><iframe loading=\"lazy\" src=\"https:\/\/www.youtube.com\/embed\/ycMZq_Xr71M\" width=\"560\" height=\"315\" frameborder=\"0\" allowfullscreen=\"allowfullscreen\"><\/iframe><\/p>\n<p style=\"text-align: justify;\"><em>L\u2019<span style=\"text-decoration: underline; color: #ff0000;\"><strong>onde Martenot<\/strong><\/span> est un instrument \u00e9lectronique \u00e0 clavier, qui exploite les diff\u00e9rences de fr\u00e9quences cr\u00e9es par des g\u00e9n\u00e9rateurs.\u00a0Il est imagin\u00e9 et construit par Maurice Martenot (1898-1980), qui le pr\u00e9sente la premi\u00e8re fois en 1928 au cours d&rsquo;un r\u00e9cital donn\u00e9 \u00e0 l&rsquo;Op\u00e9ra de Paris.<\/em><\/p>\n<p style=\"text-align: justify;\"><em>Son r\u00e9pertoire compte environ 1.500 oeuvres de Var\u00e8se, Messiaen, Honegger, Milhaud, Boulez, Jolivet, Martinu&#8230; et est largement employ\u00e9 dans la chanson (Jacques Brel, Radiohead, Vanessa Paradis, Zazie&#8230;) et la musique de film (Mad Max, Mars attacks, Fantomas, La Marche de l&rsquo;Empereur&#8230;).<\/em><\/p>\n<p style=\"text-align: justify;\"><em><span style=\"color: #333399;\"><strong>Thomas BLOCH<\/strong> <\/span>est aussi l\u2019un des tr\u00e8s rares ondistes professionnels (une dizaine dans le monde).<\/em><\/p>\n<h5><strong>Ecoutons <span style=\"color: #333399;\">Pauline et Thomas<\/span> dans un extrait de l&rsquo;Adagio, de J.J.S. von Holt Sombach :<\/strong><\/h5>\n<p><iframe loading=\"lazy\" src=\"https:\/\/www.youtube.com\/embed\/alg37yZP30Y\" width=\"560\" height=\"315\" frameborder=\"0\" allowfullscreen=\"allowfullscreen\"><\/iframe><\/p>\n<h5><span style=\"color: #333399;\"><strong>Voici le PROGRAMME, tr\u00e8s \u00e9clectique, qu&rsquo;ils nous interpr\u00e9teront (<em>sous r\u00e9serve de modifications<\/em>) :<\/strong><\/span><\/h5>\n<ul>\n<li>Adagio, de J.J.S. von Holt Sombach\u00a0(glassharmonica et harpe)<\/li>\n<li>Allegro, de C.P.E Bach (harpe)<\/li>\n<li>Deux feuillets in\u00e9dits, de Olivier Messiaen (ondes Martenot et harpe)<\/li>\n<li>Formule, de Thomas Bloch (ondes Martenot)<\/li>\n<li>Adagio et Rondo k 617, de W.A Mozart (glassharmonica et harpe)<\/li>\n<li>Tanti Anni Prima, de Astor Piazzolla (ondes Martenot et harpe)<\/li>\n<li>Iguazu traditionnel paraguayen (harpe)<\/li>\n<li>1\u00e8re Suite, de J.J.S. von Holt Sombach (glassharmonica)<\/li>\n<li>Fantaisie sur la Lucia, de Gaetano Donizetti (glassharmonica et harpe)<\/li>\n<li>Iguales al nacer, de Pauline Haas (ondes Martenot et harpe)<\/li>\n<\/ul>\n<h2><strong><span style=\"color: #333399;\">Pour l&rsquo;ouverture des 29\u00b0 Saisons\u00a0<span style=\"caret-color: #333399;\">Musicales<\/span>, un grand et \u00e9tonnant moment musical !<\/span><\/strong><\/h2>\n<h2><strong><span style=\"color: #ff0000;\">Il est conseill\u00e9 de\u00a0r\u00e9server vos places, directement dans notre site, dans la rubrique\u00a0<\/span><span style=\"text-decoration: underline;\"><em><a href=\"https:\/\/ritmy.fr\/essais\/reserver\/vos-billets\/\" target=\"_blank\" rel=\"noopener\">RESERVER<\/a><\/em><\/span><span style=\"color: #ff0000;\">, ou en appelant le <em>06-60-77-75-00<\/em><\/span><\/strong><\/h2>\n<p>&nbsp;<\/p>\n<hr \/>\n<p>&nbsp;<\/p>\n<p><img loading=\"lazy\" decoding=\"async\" class=\"size-full wp-image-10385 alignleft\" src=\"https:\/\/ritmy.fr\/essais\/wp-content\/uploads\/2013\/12\/LOGO-MAREIL_JPG-e1387301210528.jpg\" alt=\"\" width=\"200\" height=\"87\" \/><\/p>\n<h3 style=\"text-align: center;\"><span style=\"color: #666699;\"><strong>Concert organis\u00e9 conjointement par RITMY et l&rsquo;Ecole de Musique de Mareil-sur-Mauldre.<\/strong><\/span><\/h3>\n<p>&nbsp;<\/p>\n<p>&nbsp;<\/p>\n<p>&nbsp;<\/p>\n<p><img loading=\"lazy\" decoding=\"async\" class=\"alignleft wp-image-18099\" src=\"https:\/\/ritmy.fr\/essais\/wp-content\/uploads\/2018\/09\/SPEDIDAM-LOGO-2017-RVB.jpg\" alt=\"\" width=\"198\" height=\"99\" srcset=\"https:\/\/ritmy.fr\/essais\/wp-content\/uploads\/2018\/09\/SPEDIDAM-LOGO-2017-RVB.jpg 1600w, https:\/\/ritmy.fr\/essais\/wp-content\/uploads\/2018\/09\/SPEDIDAM-LOGO-2017-RVB-300x150.jpg 300w, https:\/\/ritmy.fr\/essais\/wp-content\/uploads\/2018\/09\/SPEDIDAM-LOGO-2017-RVB-768x384.jpg 768w, https:\/\/ritmy.fr\/essais\/wp-content\/uploads\/2018\/09\/SPEDIDAM-LOGO-2017-RVB-1000x500.jpg 1000w\" sizes=\"auto, (max-width: 198px) 100vw, 198px\" \/><\/p>\n<h3 style=\"text-align: center;\"><strong>\u00a0 \u00a0 \u00a0 \u00a0 \u00a0 <span style=\"color: #666699;\">RITMY b\u00e9n\u00e9ficie du soutien de la SPEDIDAM<\/span><\/strong><\/h3>\n<p>&nbsp;<\/p>\n<p>&nbsp;<\/p>\n<p>&nbsp;<\/p>\n","protected":false},"excerpt":{"rendered":"<p>HARPE, ONDES MARTENOT et GLASSHARMONICA avec Pauline HAAS et Thomas BLOCH\u00a0 \u00e0 MAREIL-sur-MAULDRE, le Dimanche\u00a07 octobre 2018, \u00e0 17h00, Eglise Saint-Martin &nbsp; Un DUO vraiment unique pour un concert d&rsquo;une grande originalit\u00e9, o\u00f9 vous d\u00e9couvrirez la harpe de Pauline HAAS associ\u00e9e \u00e0 des instruments rares sous les doigts de Thomas BLOCH. Associer la harpe \u00e0 &hellip; <\/p>\n<p><a class=\"more-link btn\" href=\"https:\/\/ritmy.fr\/essais\/harpe-ondes-martenot-et-glassharmonica-2\/\">Lire la suite<\/a><\/p>\n","protected":false},"author":3,"featured_media":0,"comment_status":"closed","ping_status":"closed","sticky":false,"template":"","format":"standard","meta":{"footnotes":""},"categories":[3,4,5,6,1],"tags":[323,315,322,227,39,321],"class_list":["post-18137","post","type-post","status-publish","format-standard","hentry","category-les-oeuvres","category-concerts","category-dans-les-yvelines","category-les-musiciens","category-ritmy","tag-bloch","tag-glassharmonica","tag-haas","tag-harpe","tag-mareil","tag-ondes-martenot","nodate","item-wrap"],"_links":{"self":[{"href":"https:\/\/ritmy.fr\/essais\/wp-json\/wp\/v2\/posts\/18137","targetHints":{"allow":["GET"]}}],"collection":[{"href":"https:\/\/ritmy.fr\/essais\/wp-json\/wp\/v2\/posts"}],"about":[{"href":"https:\/\/ritmy.fr\/essais\/wp-json\/wp\/v2\/types\/post"}],"author":[{"embeddable":true,"href":"https:\/\/ritmy.fr\/essais\/wp-json\/wp\/v2\/users\/3"}],"replies":[{"embeddable":true,"href":"https:\/\/ritmy.fr\/essais\/wp-json\/wp\/v2\/comments?post=18137"}],"version-history":[{"count":5,"href":"https:\/\/ritmy.fr\/essais\/wp-json\/wp\/v2\/posts\/18137\/revisions"}],"predecessor-version":[{"id":18143,"href":"https:\/\/ritmy.fr\/essais\/wp-json\/wp\/v2\/posts\/18137\/revisions\/18143"}],"wp:attachment":[{"href":"https:\/\/ritmy.fr\/essais\/wp-json\/wp\/v2\/media?parent=18137"}],"wp:term":[{"taxonomy":"category","embeddable":true,"href":"https:\/\/ritmy.fr\/essais\/wp-json\/wp\/v2\/categories?post=18137"},{"taxonomy":"post_tag","embeddable":true,"href":"https:\/\/ritmy.fr\/essais\/wp-json\/wp\/v2\/tags?post=18137"}],"curies":[{"name":"wp","href":"https:\/\/api.w.org\/{rel}","templated":true}]}}