{"id":17762,"date":"2018-03-28T14:11:08","date_gmt":"2018-03-28T13:11:08","guid":{"rendered":"http:\/\/ritmy.fr\/essais\/?p=17762"},"modified":"2018-12-18T21:01:20","modified_gmt":"2018-12-18T20:01:20","slug":"un-vrai-festin-musical-a-houdan","status":"publish","type":"post","link":"https:\/\/ritmy.fr\/essais\/un-vrai-festin-musical-a-houdan\/","title":{"rendered":"Un vrai \u00ab\u00a0FESTIN\u00a0\u00bb musical \u00e0 HOUDAN !"},"content":{"rendered":"<h2 style=\"text-align: center;\"><span style=\"color: #333399;\"><strong>Pour la cl\u00f4ture des 28\u00b0 Saisons Musicales, nous avons accueilli<\/strong><\/span><\/h2>\n<h2 style=\"text-align: center;\"><span style=\"color: #333399;\"><strong> l&rsquo;ensemble IL FESTINO, le 25 mars 2018, \u00e0 HOUDAN<\/strong><\/span><\/h2>\n<h4 style=\"text-align: justify;\"><strong>Si la temp\u00e9rature \u00e9tait un peu \u00ab\u00a0fra\u00eeche\u00a0\u00bb dans l&rsquo;\u00e9glise de Houdan, l&rsquo;ambiance heureusement \u00e9tait bien chaleureuse, \u00e0 l&rsquo;\u00e9coute de ces rythmes italiens,\u00a0fran\u00e7ais, anglais et ib\u00e9riques, avec ces cinq musiciens, leur grand talent, et l&rsquo;enthousiasme qu&rsquo;ils ont fait partager \u00e0 toute l&rsquo;assistance.<\/strong><\/h4>\n<div id=\"attachment_17763\" style=\"width: 600px\" class=\"wp-caption aligncenter\"><a href=\"https:\/\/ritmy.fr\/essais\/un-vrai-festin-musical-a-houdan\/p1010657\/\" rel=\"attachment wp-att-17763\"><img loading=\"lazy\" decoding=\"async\" aria-describedby=\"caption-attachment-17763\" class=\"wp-image-17763\" src=\"https:\/\/ritmy.fr\/essais\/wp-content\/uploads\/2018\/03\/P1010657-1000x750.jpg\" alt=\"\" width=\"600\" height=\"450\" srcset=\"https:\/\/ritmy.fr\/essais\/wp-content\/uploads\/2018\/03\/P1010657-1000x750.jpg 1000w, https:\/\/ritmy.fr\/essais\/wp-content\/uploads\/2018\/03\/P1010657-300x225.jpg 300w, https:\/\/ritmy.fr\/essais\/wp-content\/uploads\/2018\/03\/P1010657-768x576.jpg 768w\" sizes=\"auto, (max-width: 600px) 100vw, 600px\" \/><\/a><p id=\"caption-attachment-17763\" class=\"wp-caption-text\">Un beau \u00ab\u00a0festin\u00a0\u00bb musical !<\/p><\/div>\n<h5 style=\"text-align: justify;\"><strong>A l&rsquo;honneur, des <span style=\"color: #ff0000;\">compositeurs italiens<\/span> prestigieux <\/strong><span style=\"color: #003366;\"><strong>(MONTEVERDI, FRESCOBALDI, CAVALLI, LUZZASCHI)<\/strong><\/span><strong>, mais aussi <span style=\"color: #ff0000;\">fran\u00e7ais<\/span> <span style=\"color: #003366;\">(MOULINIE, BOESSET, GUEDRON),<\/span> avec un petit d\u00e9tour par l&rsquo;<span style=\"color: #ff0000;\">Espagne<\/span> <span style=\"color: #003366;\">(SANZ)<\/span> et l&rsquo;<span style=\"color: #ff0000;\">Angleterre<\/span> <span style=\"color: #003366;\">(DOWLAND, PURCELL)\u00a0<\/span>: ce fut un floril\u00e8ge (chansons, arias, canciones, songs) de vers qui c\u00e9l\u00e8brent l&rsquo;amour, dont cette \u00e9poque (<span style=\"color: #ff0000;\">\u00ab\u00a0Europe Galante\u00a0\u00bb du XVII\u00e8me si\u00e8cle<span style=\"color: #000000;\">)<\/span><\/span> \u00e9tait friande !<\/strong><\/h5>\n<h5 style=\"text-align: justify;\"><strong>Les voix chaudes et prenantes de <span style=\"color: #ff0000;\">DAGMAR SASKOVA (soprano) et FRANCISCO JAVIER MANALICH (t\u00e9nor et viole de gambe)<\/span> ont brillamment mis en valeur ces partitions, avec l&rsquo;accompagnement tout en douceur ou virtuosit\u00e9 de<span style=\"color: #ff0000;\"> MARIA CHRISTINA CLEARY (harpe), MANUEL DE GRANGE (luth, th\u00e9orbe) et AUDE-MARIE PILOZ (viole de gambe).<\/span><\/strong><\/h5>\n<div id=\"attachment_17764\" style=\"width: 300px\" class=\"wp-caption alignleft\"><a href=\"https:\/\/ritmy.fr\/essais\/un-vrai-festin-musical-a-houdan\/p1010667\/\" rel=\"attachment wp-att-17764\"><img loading=\"lazy\" decoding=\"async\" aria-describedby=\"caption-attachment-17764\" class=\"size-medium wp-image-17764\" src=\"https:\/\/ritmy.fr\/essais\/wp-content\/uploads\/2018\/03\/P1010667-300x225.jpg\" alt=\"\" width=\"300\" height=\"225\" srcset=\"https:\/\/ritmy.fr\/essais\/wp-content\/uploads\/2018\/03\/P1010667-300x225.jpg 300w, https:\/\/ritmy.fr\/essais\/wp-content\/uploads\/2018\/03\/P1010667-768x576.jpg 768w, https:\/\/ritmy.fr\/essais\/wp-content\/uploads\/2018\/03\/P1010667-1000x750.jpg 1000w\" sizes=\"auto, (max-width: 300px) 100vw, 300px\" \/><\/a><p id=\"caption-attachment-17764\" class=\"wp-caption-text\">Dagmar SASKOVA: charme, fougue, \u00e9motion !<\/p><\/div>\n<div id=\"attachment_17766\" style=\"width: 300px\" class=\"wp-caption alignright\"><a href=\"https:\/\/ritmy.fr\/essais\/un-vrai-festin-musical-a-houdan\/p1010652\/\" rel=\"attachment wp-att-17766\"><img loading=\"lazy\" decoding=\"async\" aria-describedby=\"caption-attachment-17766\" class=\"size-medium wp-image-17766\" src=\"https:\/\/ritmy.fr\/essais\/wp-content\/uploads\/2018\/03\/P1010652-300x225.jpg\" alt=\"\" width=\"300\" height=\"225\" srcset=\"https:\/\/ritmy.fr\/essais\/wp-content\/uploads\/2018\/03\/P1010652-300x225.jpg 300w, https:\/\/ritmy.fr\/essais\/wp-content\/uploads\/2018\/03\/P1010652-768x576.jpg 768w, https:\/\/ritmy.fr\/essais\/wp-content\/uploads\/2018\/03\/P1010652-1000x750.jpg 1000w\" sizes=\"auto, (max-width: 300px) 100vw, 300px\" \/><\/a><p id=\"caption-attachment-17766\" class=\"wp-caption-text\">Maria Christina CLEARY: sensibilit\u00e9, virtuosit\u00e9&#8230;<\/p><\/div>\n<div id=\"attachment_17767\" style=\"width: 300px\" class=\"wp-caption alignleft\"><a href=\"https:\/\/ritmy.fr\/essais\/un-vrai-festin-musical-a-houdan\/p1010653\/\" rel=\"attachment wp-att-17767\"><img loading=\"lazy\" decoding=\"async\" aria-describedby=\"caption-attachment-17767\" class=\"wp-image-17767 size-medium\" src=\"https:\/\/ritmy.fr\/essais\/wp-content\/uploads\/2018\/03\/P1010653-300x225.jpg\" alt=\"\" width=\"300\" height=\"225\" srcset=\"https:\/\/ritmy.fr\/essais\/wp-content\/uploads\/2018\/03\/P1010653-300x225.jpg 300w, https:\/\/ritmy.fr\/essais\/wp-content\/uploads\/2018\/03\/P1010653-768x576.jpg 768w, https:\/\/ritmy.fr\/essais\/wp-content\/uploads\/2018\/03\/P1010653-1000x750.jpg 1000w\" sizes=\"auto, (max-width: 300px) 100vw, 300px\" \/><\/a><p id=\"caption-attachment-17767\" class=\"wp-caption-text\">Manuel De GRANGE : un doigt\u00e9 exceptionnel !<\/p><\/div>\n<p>&nbsp;<\/p>\n<p>&nbsp;<\/p>\n<p>&nbsp;<\/p>\n<div id=\"attachment_17768\" style=\"width: 300px\" class=\"wp-caption alignright\"><a href=\"https:\/\/ritmy.fr\/essais\/un-vrai-festin-musical-a-houdan\/p1010666\/\" rel=\"attachment wp-att-17768\"><img loading=\"lazy\" decoding=\"async\" aria-describedby=\"caption-attachment-17768\" class=\"size-medium wp-image-17768\" src=\"https:\/\/ritmy.fr\/essais\/wp-content\/uploads\/2018\/03\/P1010666-300x225.jpg\" alt=\"\" width=\"300\" height=\"225\" srcset=\"https:\/\/ritmy.fr\/essais\/wp-content\/uploads\/2018\/03\/P1010666-300x225.jpg 300w, https:\/\/ritmy.fr\/essais\/wp-content\/uploads\/2018\/03\/P1010666-768x576.jpg 768w, https:\/\/ritmy.fr\/essais\/wp-content\/uploads\/2018\/03\/P1010666-1000x750.jpg 1000w\" sizes=\"auto, (max-width: 300px) 100vw, 300px\" \/><\/a><p id=\"caption-attachment-17768\" class=\"wp-caption-text\">Francisco Javier MANALICH et Aude Marie PILOZ: passion, fougue, virtuosit\u00e9 !<\/p><\/div>\n<p>&nbsp;<\/p>\n<p>&nbsp;<\/p>\n<p>&nbsp;<\/p>\n<p>&nbsp;<\/p>\n<p>&nbsp;<\/p>\n<p>&nbsp;<\/p>\n<p>&nbsp;<\/p>\n<p>&nbsp;<\/p>\n<p>&nbsp;<\/p>\n<p>&nbsp;<\/p>\n<p>&nbsp;<\/p>\n<p>&nbsp;<\/p>\n<p>&nbsp;<\/p>\n<p>&nbsp;<\/p>\n<p>&nbsp;<\/p>\n<p>&nbsp;<\/p>\n<p>&nbsp;<\/p>\n<p>&nbsp;<\/p>\n<h5><strong><span style=\"color: #ff0000;\">Ovations amplement m\u00e9rit\u00e9es<\/span> en fin de concert !\u00a0 Chacun, musiciens et assistance, ayant pu gagner ensuite la salle de la mairie toute proche&#8230;<\/strong><\/h5>\n<div id=\"attachment_17769\" style=\"width: 500px\" class=\"wp-caption aligncenter\"><a href=\"https:\/\/ritmy.fr\/essais\/un-vrai-festin-musical-a-houdan\/p1010674\/\" rel=\"attachment wp-att-17769\"><img loading=\"lazy\" decoding=\"async\" aria-describedby=\"caption-attachment-17769\" class=\"wp-image-17769\" src=\"https:\/\/ritmy.fr\/essais\/wp-content\/uploads\/2018\/03\/P1010674-1000x750.jpg\" alt=\"\" width=\"500\" height=\"375\" srcset=\"https:\/\/ritmy.fr\/essais\/wp-content\/uploads\/2018\/03\/P1010674-1000x750.jpg 1000w, https:\/\/ritmy.fr\/essais\/wp-content\/uploads\/2018\/03\/P1010674-300x225.jpg 300w, https:\/\/ritmy.fr\/essais\/wp-content\/uploads\/2018\/03\/P1010674-768x576.jpg 768w\" sizes=\"auto, (max-width: 500px) 100vw, 500px\" \/><\/a><p id=\"caption-attachment-17769\" class=\"wp-caption-text\">Applaudissements bien m\u00e9rit\u00e9s !<\/p><\/div>\n<h5 style=\"text-align: justify;\"><strong>L&rsquo;apr\u00e8s-concert fut <span style=\"color: #ff0000;\">un bon moment de partage autour du verre de l&rsquo;amiti\u00e9.<\/span> L&rsquo;occasion d&rsquo;\u00e9changer impressions et ressentis avec ces cinq interpr\u00e8tes qui nous ont permis de cl\u00f4turer en beaut\u00e9 les 28\u00e8mes \u00ab\u00a0Saisons Musicales\u00a0\u00bb.<\/strong><\/h5>\n<h5 style=\"text-align: center;\"><strong>********<\/strong><\/h5>\n<h5 style=\"text-align: justify;\"><strong>Quelques semaines de patience maintenant, le temps que le printemps s&rsquo;installe vraiment dans notre r\u00e9gion, et v<\/strong><strong>ous aurez, le <span style=\"color: #ff0000;\">jeudi 14 juin<\/span> prochain, en d\u00e9but de soir\u00e9e, l&rsquo;occasion de d\u00e9couvrir, \u00e0 M\u00e9r\u00e9, au cours de notre <span style=\"color: #ff0000;\">Assembl\u00e9e G\u00e9n\u00e9rale<\/span>, <span style=\"color: #333399;\">la programmation des 29\u00e8mes \u00ab\u00a0Saisons\u00a0\u00bb<\/span>, avec, comme toujours, interpr\u00e8tes de grande qualit\u00e9 et ensembles qui vous enthousiasmeront !<\/strong><\/h5>\n<h5 style=\"text-align: justify;\"><strong>Mais auparavant, <span style=\"color: #ff0000;\">Amis(es) et abonn\u00e9s(es) de RITMY<\/span> seront r\u00e9unis au Moulin de MONTAINVILLE, le <span style=\"color: #ff0000;\">samedi 5 mai<\/span>, pour une fin d&rsquo;apr\u00e8s-midi\/d\u00e9but de <span style=\"color: #ff0000;\"><span style=\"color: #333333;\">soir\u00e9e<\/span> festive et artistique (uniquement sur invitations).<\/span><\/strong><\/h5>\n<h4 style=\"text-align: justify;\"><span style=\"color: #333399;\"><strong>Toute l&rsquo;\u00e9quipe de b\u00e9n\u00e9voles de RITMY vous souhaite un tr\u00e8s beau printemps, en attendant les prochains rendez-vous !<\/strong><\/span><\/h4>\n<p>&nbsp;<\/p>\n<hr \/>\n<h5 style=\"text-align: center;\"><strong>Si vous souhaitez r\u00e9agir, commenter, nous interroger&#8230; l\u2019adresse courriel de RITMY est faite pour vous !<\/strong><\/h5>\n<h4 style=\"text-align: center;\"><a href=\"mailto:contact.ritmy@gmail.com\"><strong>contact.ritmy@gmail.com<\/strong><\/a><\/h4>\n","protected":false},"excerpt":{"rendered":"<p>Pour la cl\u00f4ture des 28\u00b0 Saisons Musicales, nous avons accueilli l&rsquo;ensemble IL FESTINO, le 25 mars 2018, \u00e0 HOUDAN Si la temp\u00e9rature \u00e9tait un peu \u00ab\u00a0fra\u00eeche\u00a0\u00bb dans l&rsquo;\u00e9glise de Houdan, l&rsquo;ambiance heureusement \u00e9tait bien chaleureuse, \u00e0 l&rsquo;\u00e9coute de ces rythmes italiens,\u00a0fran\u00e7ais, anglais et ib\u00e9riques, avec ces cinq musiciens, leur grand talent, et l&rsquo;enthousiasme qu&rsquo;ils ont &hellip; <\/p>\n<p><a class=\"more-link btn\" href=\"https:\/\/ritmy.fr\/essais\/un-vrai-festin-musical-a-houdan\/\">Lire la suite<\/a><\/p>\n","protected":false},"author":4,"featured_media":0,"comment_status":"closed","ping_status":"closed","sticky":false,"template":"","format":"standard","meta":{"footnotes":""},"categories":[3,4,5,6,1],"tags":[],"class_list":["post-17762","post","type-post","status-publish","format-standard","hentry","category-les-oeuvres","category-concerts","category-dans-les-yvelines","category-les-musiciens","category-ritmy","nodate","item-wrap"],"_links":{"self":[{"href":"https:\/\/ritmy.fr\/essais\/wp-json\/wp\/v2\/posts\/17762","targetHints":{"allow":["GET"]}}],"collection":[{"href":"https:\/\/ritmy.fr\/essais\/wp-json\/wp\/v2\/posts"}],"about":[{"href":"https:\/\/ritmy.fr\/essais\/wp-json\/wp\/v2\/types\/post"}],"author":[{"embeddable":true,"href":"https:\/\/ritmy.fr\/essais\/wp-json\/wp\/v2\/users\/4"}],"replies":[{"embeddable":true,"href":"https:\/\/ritmy.fr\/essais\/wp-json\/wp\/v2\/comments?post=17762"}],"version-history":[{"count":13,"href":"https:\/\/ritmy.fr\/essais\/wp-json\/wp\/v2\/posts\/17762\/revisions"}],"predecessor-version":[{"id":17777,"href":"https:\/\/ritmy.fr\/essais\/wp-json\/wp\/v2\/posts\/17762\/revisions\/17777"}],"wp:attachment":[{"href":"https:\/\/ritmy.fr\/essais\/wp-json\/wp\/v2\/media?parent=17762"}],"wp:term":[{"taxonomy":"category","embeddable":true,"href":"https:\/\/ritmy.fr\/essais\/wp-json\/wp\/v2\/categories?post=17762"},{"taxonomy":"post_tag","embeddable":true,"href":"https:\/\/ritmy.fr\/essais\/wp-json\/wp\/v2\/tags?post=17762"}],"curies":[{"name":"wp","href":"https:\/\/api.w.org\/{rel}","templated":true}]}}