{"id":17687,"date":"2018-02-24T10:00:49","date_gmt":"2018-02-24T09:00:49","guid":{"rendered":"http:\/\/ritmy.fr\/essais\/?p=17687"},"modified":"2020-01-16T19:46:38","modified_gmt":"2020-01-16T18:46:38","slug":"victor-julien-laferriere","status":"publish","type":"post","link":"https:\/\/ritmy.fr\/essais\/victor-julien-laferriere\/","title":{"rendered":"Bravo \u00e0 Victor JULIEN-LAFERRI\u00c8RE pour sa &lsquo;Victoire&rsquo; !"},"content":{"rendered":"<h2 style=\"text-align: center;\"><span style=\"color: #333399;\"><strong>Le violoncelliste Victor JULIEN-LAFERRI<\/strong><\/span><span style=\"color: #333399;\"><strong>\u00c8<\/strong><\/span><span style=\"color: #333399;\"><strong>RE, vient de remporter la Victoire de la Musique 2018 dans la cat\u00e9gorie &lsquo;Soliste instrumental&rsquo;.<\/strong><\/span><\/h2>\n<h3><\/h3>\n<h4><span style=\"color: #333399;\"><strong>C&rsquo;\u00e9tait lors de la c\u00e9r\u00e9monie des Victoires de la Musique Classique, le 23 f\u00e9vrier 2018 \u00e0 Evian, dans la magnifique Grange au Lac, construite pour le ma\u00eetre Rostropovitch.<\/strong><\/span><\/h4>\n<h4 style=\"text-align: justify;\"><strong>Nous qui avons pu l&rsquo;entendre \u00e0 M\u00e9r\u00e9 il y a moins d&rsquo;un an, le 22 avril 2017, avec le Trio &lsquo;Les Esprits&rsquo;, <span style=\"text-decoration: underline; color: #ff0000;\">voulons le f\u00e9liciter chaleureusement pour cette r\u00e9compense bien m\u00e9rit\u00e9e !<\/span><\/strong><\/h4>\n<h4><strong>Et elle survient apr\u00e8s son magnifique 1er prix au prestigieux &lsquo;Concours Reine Elisabeth&rsquo; \u00e0 Bruxelles en juin 2017. Un palmar\u00e8s d\u00e9j\u00e0\u00a0<\/strong><b>impressionnant pour ce jeune interpr\u00e8te&#8230;<\/b><\/h4>\n<div id=\"attachment_17690\" style=\"width: 413px\" class=\"wp-caption aligncenter\"><img loading=\"lazy\" decoding=\"async\" aria-describedby=\"caption-attachment-17690\" class=\"wp-image-17690\" src=\"https:\/\/ritmy.fr\/essais\/wp-content\/uploads\/2018\/02\/VJL-2-revu.jpg\" alt=\"\" width=\"413\" height=\"480\" srcset=\"https:\/\/ritmy.fr\/essais\/wp-content\/uploads\/2018\/02\/VJL-2-revu.jpg 685w, https:\/\/ritmy.fr\/essais\/wp-content\/uploads\/2018\/02\/VJL-2-revu-258x300.jpg 258w\" sizes=\"auto, (max-width: 413px) 100vw, 413px\" \/><p id=\"caption-attachment-17690\" class=\"wp-caption-text\">Victor JULIEN-LAFERRI\u00c8RE<\/p><\/div>\n<h4 style=\"text-align: justify;\"><strong>De plus, cette Victoire arrive un an apr\u00e8s celle du pianiste <span style=\"color: #333399;\">Adam LALOUM<\/span>, son comp\u00e8re du <span style=\"color: #333399;\">Trio &lsquo;Les ESPRITS&rsquo;<\/span>, avec qui il s&rsquo;est produit \u00e0 M\u00e9r\u00e9 dans le cadre des 27\u00b0 <em>Saisons Musicales<\/em> RITMY en avril 2017. Ils\u00a0\u00e9taient bien s\u00fbr avec la\u00a0violoniste <span style=\"color: #333399;\">Mi-sa YANG<\/span>.<\/strong><\/h4>\n<h5><strong>(petite info., leur dernier disque &lsquo;Brahms &#8211; Dvorak&rsquo;\u00a0<\/strong><strong>vient de sortir\u00a0<\/strong><strong>&#8211; ffff T\u00e9l\u00e9rama, voir la\u00a0critique <a href=\"http:\/\/www.telerama.fr\/musiques\/piano-trio-numero-1-in-b-major-opus-8,n5497032.php\" target=\"_blank\" rel=\"noopener noreferrer\"><span style=\"text-decoration: underline;\"><em>ICI<\/em><\/span><\/a>)<\/strong><\/h5>\n<div id=\"attachment_16172\" style=\"width: 450px\" class=\"wp-caption aligncenter\"><img loading=\"lazy\" decoding=\"async\" aria-describedby=\"caption-attachment-16172\" class=\"wp-image-16172\" src=\"https:\/\/ritmy.fr\/essais\/wp-content\/uploads\/2017\/04\/IMG_5366-1000x750-2-1.jpg\" alt=\"\" width=\"450\" height=\"338\" srcset=\"https:\/\/ritmy.fr\/essais\/wp-content\/uploads\/2017\/04\/IMG_5366-1000x750-2-1.jpg 1000w, https:\/\/ritmy.fr\/essais\/wp-content\/uploads\/2017\/04\/IMG_5366-1000x750-2-1-300x225.jpg 300w, https:\/\/ritmy.fr\/essais\/wp-content\/uploads\/2017\/04\/IMG_5366-1000x750-2-1-768x576.jpg 768w\" sizes=\"auto, (max-width: 450px) 100vw, 450px\" \/><p id=\"caption-attachment-16172\" class=\"wp-caption-text\">Le Trio \u00ab\u00a0Les ESPRITS\u00a0\u00bb : Mi-sa YANG, Adam LALOUM et Victor JULIEN-LAFERRI\u00c8RE, \u00e0 M\u00e9r\u00e9 le 22 avril 2017<\/p><\/div>\n<h4><strong>Vous pouvez revivre ce beau moment de la soir\u00e9e des &lsquo;Victoires de la Musique&rsquo;, avec l&rsquo;annonce et la remise de sa Victoire, et ses remerciements que nous avons particuli\u00e8rement remarqu\u00e9s et appr\u00e9ci\u00e9s :<\/strong><\/h4>\n<p><iframe loading=\"lazy\" src=\"https:\/\/www.youtube.com\/embed\/Nz1jKOHTZEM?rel=0\" width=\"560\" height=\"315\" frameborder=\"0\" allowfullscreen=\"allowfullscreen\"><\/iframe><\/p>\n<h4 style=\"text-align: justify;\"><strong>Victor nous a en effet beaucoup touch\u00e9s, nous organisateurs d&rsquo;\u00e9v\u00e8nements musicaux, en saluant et remerciant tous les b\u00e9n\u00e9voles des &lsquo;petits&rsquo; Festivals ou \u00e9v\u00e8nements musicaux partout en France, ce qui permet \u00e0 des musiciens comme lui de pouvoir s&rsquo;exprimer, et une diffusion de la musique de qualit\u00e9 en dehors des m\u00e9tropoles. Beaucoup d&rsquo;humilit\u00e9 et d&#8217;empathie, et on l&rsquo;en remercie !<\/strong><\/h4>\n<h4><strong>Nous esp\u00e9rons\u00a0vivement\u00a0pouvoir l&rsquo;accueillir \u00e0 nouveau lors d&rsquo;une prochaine <em>&lsquo;Saison Musicale&rsquo;<\/em>&#8230;<\/strong><\/h4>\n<h4 style=\"text-align: center;\"><strong>*************<\/strong><\/h4>\n<h4 style=\"text-align: justify;\"><span style=\"color: #333333;\"><strong><span style=\"color: #333399;\"><span style=\"color: #333333;\">RITMY est\u00a0extr\u00eamement heureux de cette belle reconnaissance pour <span style=\"color: #333399;\">Victor<\/span><\/span><span style=\"color: #333399;\"> J<\/span><\/span><\/strong><span style=\"color: #333399;\"><strong>ULIEN-LAFERRI<\/strong><strong>\u00c8<\/strong><\/span><strong><span style=\"color: #333399;\">RE<\/span> apr\u00e8s celle d&rsquo;<\/strong><strong><span style=\"color: #333399;\">Adam LALOUM<\/span> en 2017, et en\u00a0m\u00eame temps\u00a0tr\u00e8s fier de pouvoir accueillir pour ses <em>Saisons Musicales<\/em>\u00a0tant d&rsquo;artistes prestigieux r\u00e9compens\u00e9s ou nomm\u00e9s durant les &lsquo;Victoires de la Musique&rsquo;.<\/strong><\/span><\/h4>\n<h4 style=\"text-align: justify;\"><span style=\"color: #333333;\"><strong>Rappelez-vous, rien que lors des 27\u00b0 Saisons 2016-2017 : <span style=\"color: #333399;\">Rapha\u00ebl PIDOUX<\/span> (laur\u00e9at avec le Trio Wanderer), <span style=\"color: #333399;\">Karine DESHAYES<\/span> (artiste lyrique en 2011 et 2016), <span style=\"color: #333399;\">Thomas ENHCO<\/span> (Victoire du Jazz en 2013),\u00a0<\/strong><strong>sans oublier <span style=\"color: #333399;\">Isma\u00ebl MARGAIN<\/span> nomm\u00e9 en 2015.<\/strong><\/span><\/h4>\n<h4><span style=\"color: #333333;\"><strong>Et n&rsquo;oublions pas d&rsquo;autres interpr\u00e8tes des Saisons pr\u00e9c\u00e9dentes : <span style=\"color: #333399;\">Jean RONDEAU <\/span><\/strong><\/span><strong>(Victoire 2015)<\/strong><strong>, <\/strong><span style=\"color: #333333;\"><strong><span style=\"color: #333399;\">Adrien LA MARCA <span style=\"color: #333333;\">(Victoire 2014)<\/span><\/span><span style=\"color: #333333;\">,<\/span> <span style=\"color: #333399;\">Rapha\u00ebl SEV<\/span><\/strong><\/span><span style=\"color: #333333;\"><span style=\"color: #333399;\"><strong>\u00c8<\/strong><\/span><\/span><span style=\"color: #333333;\"><strong><span style=\"color: #333399;\">RE <\/span><\/strong><\/span><strong>(nomm\u00e9 en 2010)<\/strong><strong>, <\/strong><span style=\"color: #333333;\"><strong><span style=\"color: #333399;\">Sylvain BEUF<\/span> (Victoires du Jazz en 2000), le <span style=\"color: #333399;\">Choeur ACCENTUS (Victoires en\u00a0<\/span><\/strong><\/span><strong>2002, 2005 et 2008)<\/strong><span style=\"color: #333333;\"><strong>.\u00a0<\/strong><\/span><\/h4>\n<h3><\/h3>\n<h3><em><span style=\"color: #ff0000;\"><strong>Quand RITMY\u00a0rime avec qualit\u00e9&#8230; !<\/strong><\/span><\/em><\/h3>\n<hr \/>\n<h4 style=\"text-align: justify;\"><span style=\"color: #333399;\"><strong>Et n&rsquo;oubliez pas les 2 derniers rendez-vous des 28\u00b0 Saisons Musicales RITMY, des ensembles \u00e0 d\u00e9couvrir absolument :<\/strong><\/span><\/h4>\n<ul>\n<li style=\"text-align: justify;\">\n<h4><span style=\"color: #333399;\"><strong><span style=\"text-decoration: underline;\">le dimanche 11 mars \u00e0 17h. \u00e0 Richebourg, avec le superbe Quatuor de percussions &lsquo;BEAT&rsquo;<\/span><\/strong><\/span><\/h4>\n<\/li>\n<li style=\"text-align: justify;\">\n<h4><span style=\"color: #333399;\"><strong>et en cl\u00f4ture de la Saison, <span style=\"text-decoration: underline;\">l&rsquo;Ensemble baroque &lsquo;IL FESTINO&rsquo; nous entra\u00eenera dans l&rsquo;Europe Galante du XVII\u00b0 si\u00e8cle, ce sera \u00e0 Houdan le dimanche 25 mars \u00e0 17h.<\/span><\/strong><\/span><\/h4>\n<\/li>\n<\/ul>\n<h4 style=\"text-align: justify;\"><em><span style=\"color: #333399;\"><strong>Vous trouverez tous les d\u00e9tails sur ces 2 concerts ici dans notre site.<\/strong><\/span><\/em><\/h4>\n","protected":false},"excerpt":{"rendered":"<p>Le violoncelliste Victor JULIEN-LAFERRI\u00c8RE, vient de remporter la Victoire de la Musique 2018 dans la cat\u00e9gorie &lsquo;Soliste instrumental&rsquo;. C&rsquo;\u00e9tait lors de la c\u00e9r\u00e9monie des Victoires de la Musique Classique, le 23 f\u00e9vrier 2018 \u00e0 Evian, dans la magnifique Grange au Lac, construite pour le ma\u00eetre Rostropovitch. Nous qui avons pu l&rsquo;entendre \u00e0 M\u00e9r\u00e9 il y &hellip; <\/p>\n<p><a class=\"more-link btn\" href=\"https:\/\/ritmy.fr\/essais\/victor-julien-laferriere\/\">Lire la suite<\/a><\/p>\n","protected":false},"author":3,"featured_media":0,"comment_status":"closed","ping_status":"closed","sticky":false,"template":"","format":"standard","meta":{"footnotes":""},"categories":[3,6,7,1],"tags":[224,261,225,114,300,56,301,145,199],"class_list":["post-17687","post","type-post","status-publish","format-standard","hentry","category-les-oeuvres","category-les-musiciens","category-manifestations","category-ritmy","tag-esprits","tag-julien-laferriere","tag-laferriere","tag-laloum","tag-les-esprits","tag-mere","tag-victoire","tag-victoires","tag-violoncelle","nodate","item-wrap"],"_links":{"self":[{"href":"https:\/\/ritmy.fr\/essais\/wp-json\/wp\/v2\/posts\/17687","targetHints":{"allow":["GET"]}}],"collection":[{"href":"https:\/\/ritmy.fr\/essais\/wp-json\/wp\/v2\/posts"}],"about":[{"href":"https:\/\/ritmy.fr\/essais\/wp-json\/wp\/v2\/types\/post"}],"author":[{"embeddable":true,"href":"https:\/\/ritmy.fr\/essais\/wp-json\/wp\/v2\/users\/3"}],"replies":[{"embeddable":true,"href":"https:\/\/ritmy.fr\/essais\/wp-json\/wp\/v2\/comments?post=17687"}],"version-history":[{"count":28,"href":"https:\/\/ritmy.fr\/essais\/wp-json\/wp\/v2\/posts\/17687\/revisions"}],"predecessor-version":[{"id":21645,"href":"https:\/\/ritmy.fr\/essais\/wp-json\/wp\/v2\/posts\/17687\/revisions\/21645"}],"wp:attachment":[{"href":"https:\/\/ritmy.fr\/essais\/wp-json\/wp\/v2\/media?parent=17687"}],"wp:term":[{"taxonomy":"category","embeddable":true,"href":"https:\/\/ritmy.fr\/essais\/wp-json\/wp\/v2\/categories?post=17687"},{"taxonomy":"post_tag","embeddable":true,"href":"https:\/\/ritmy.fr\/essais\/wp-json\/wp\/v2\/tags?post=17687"}],"curies":[{"name":"wp","href":"https:\/\/api.w.org\/{rel}","templated":true}]}}