{"id":17545,"date":"2018-01-28T14:00:59","date_gmt":"2018-01-28T13:00:59","guid":{"rendered":"http:\/\/ritmy.fr\/essais\/?p=17545"},"modified":"2018-11-29T19:01:17","modified_gmt":"2018-11-29T18:01:17","slug":"artistes-ritmy-a-la-folle-journee-2018","status":"publish","type":"post","link":"https:\/\/ritmy.fr\/essais\/artistes-ritmy-a-la-folle-journee-2018\/","title":{"rendered":"Les artistes RITMY encore nombreux \u00e0 &lsquo;La Folle Journ\u00e9e&rsquo; 2018 !"},"content":{"rendered":"<h2 style=\"text-align: center;\"><span style=\"color: #333399;\"><strong>Nous sommes fiers de voir que nombre d&rsquo;artistes invit\u00e9s par RITMY se produiront \u00e0 &lsquo;La Folle Journ\u00e9e&rsquo; de Nantes cette ann\u00e9e 2018 !<\/strong><\/span><\/h2>\n<h2 style=\"text-align: center;\"><span style=\"color: #333399;\"><strong> \u00a0Mais ces derni\u00e8res ann\u00e9es c&rsquo;\u00e9tait d\u00e9j\u00e0<\/strong><\/span><span style=\"color: #333399;\"><strong>\u00a0le cas&#8230;<\/strong><\/span><\/h2>\n<h3 style=\"text-align: justify;\"><strong>&lsquo;La Folle Journ\u00e9e&rsquo; de Nantes<span style=\"color: #333333;\">,\u00a0<\/span><\/strong><strong><span style=\"color: #333333;\">un \u00e9v<\/span>\u00e9nement musical incontournable que l&rsquo;on conna\u00eet bien maintenant, cr\u00e9\u00e9 en 1995, et qui s&rsquo;exporte m\u00eame au Japon, en Pologne et en Russie.<\/strong><\/h3>\n<h3 style=\"text-align: justify;\"><strong>Au programme de cette \u00e9dition 2018\u00a0<\/strong><span style=\"color: #333333;\"><strong>du 31 janvier au 4 f\u00e9vrier,\u00a0<\/strong><\/span><strong>intitul\u00e9e \u00ab\u00a0<em>Vers un monde nouveau<\/em>\u00ab\u00a0, la liste des artistes invit\u00e9s par RITMY ces derni\u00e8res ann\u00e9es est impressionnante.\u00a0Jugez-en plut\u00f4t !<\/strong><\/h3>\n<p>&nbsp;<\/p>\n<h4><strong><span style=\"text-decoration: underline; color: #333399;\">Victor JULIEN-LAFERRI\u00c8RE<\/span><span style=\"color: #333399;\">\u00a0<span style=\"color: #333333;\">se produira au\u00a0violoncelle\u00a0avec l&rsquo;Orchestre Philharmonique de l&rsquo;Oural les 3 et 4 f\u00e9vrier.<\/span><\/span><\/strong><\/h4>\n<h4><span style=\"color: #008000;\"><strong>Le concert du Dimanche 4 f\u00e9vrier \u00e0 17h30, qui sera le concert de cl\u00f4ture de &lsquo;La Folle Journ\u00e9e&rsquo;, <span style=\"text-decoration: underline;\">sera retransmis en direct sur ARTE<\/span>&#8230; \u00e0 ne pas manquer ! \u00a0 \u00a0(ou \u00e0 voir sur <em>www.arte.tv<\/em>)<\/strong><\/span><\/h4>\n<h4 style=\"text-align: justify;\"><strong>Nous avions pu admirer Victor le 22 avril 2017 \u00e0 M\u00e9r\u00e9, avec le Trio \u00ab\u00a0Les Esprits\u00a0\u00bb, il \u00e9tait ainsi accompagn\u00e9 d&rsquo;<\/strong><strong>Adam LALOUM au piano et de <span style=\"text-decoration: underline;\"><span style=\"color: #333399; text-decoration: underline;\">Mi-sa YANG<\/span><\/span> au violon.<\/strong><\/h4>\n<h4><\/h4>\n<div id=\"attachment_17554\" style=\"width: 402px\" class=\"wp-caption aligncenter\"><img loading=\"lazy\" decoding=\"async\" aria-describedby=\"caption-attachment-17554\" class=\"wp-image-17554\" src=\"https:\/\/ritmy.fr\/essais\/wp-content\/uploads\/2018\/01\/IMG_5347-1000x750-2.jpg\" alt=\"\" width=\"402\" height=\"302\" srcset=\"https:\/\/ritmy.fr\/essais\/wp-content\/uploads\/2018\/01\/IMG_5347-1000x750-2.jpg 1000w, https:\/\/ritmy.fr\/essais\/wp-content\/uploads\/2018\/01\/IMG_5347-1000x750-2-300x225.jpg 300w, https:\/\/ritmy.fr\/essais\/wp-content\/uploads\/2018\/01\/IMG_5347-1000x750-2-768x576.jpg 768w\" sizes=\"auto, (max-width: 402px) 100vw, 402px\" \/><p id=\"caption-attachment-17554\" class=\"wp-caption-text\">Victor JULIEN-LAFERRI\u00c8RE \u00e0 M\u00e9r\u00e9 le 22 avril 2017<\/p><\/div>\n<h4 style=\"text-align: justify;\"><strong>Depuis, il a remport\u00e9 le <span style=\"text-decoration: underline;\">1er prix du prestigieux Concours Reine Elisabeth<\/span> en juin 2017, et il est nomm\u00e9 pour les prochaines <span style=\"text-decoration: underline;\">&lsquo;Victoires de la Musique Classiques&rsquo; 2018 dans la cat\u00e9gorie &lsquo;Soliste instrumental&rsquo;<\/span>. \u00a0<span style=\"text-decoration: underline;\"><span style=\"color: #ff0000; text-decoration: underline;\">C&rsquo;\u00e9tait le 23 f\u00e9vrier, et nous savons maintenant qu&rsquo;il a gagn\u00e9\u00a0!! \u00a0BRAVO !!<\/span><\/span><\/strong><\/h4>\n<h4 style=\"text-align: justify;\"><strong>Et souvenez-vous l&rsquo;an dernier c&rsquo;est Adam LALOUM qui avait remport\u00e9 la Victoire, encore un artiste Ritmy, que nous avons d\u00e9j\u00e0 re\u00e7u \u00e0 2 reprises.<\/strong><\/h4>\n<h4 style=\"text-align: justify;\"><strong><span style=\"color: #333333;\">Sa complice <\/span><span style=\"text-decoration: underline;\"><span style=\"color: #333399; text-decoration: underline;\">Mi-sa YANG<\/span><\/span> sera aussi \u00e0 Nantes, le 4 f\u00e9vrier,\u00a0<\/strong><strong>accompagn\u00e9e du Sinfonia Varsovia, puis en duo avec le pianiste Jonas Vitaud.<\/strong><\/h4>\n<h4 style=\"text-align: justify;\"><strong><span style=\"color: #333333;\">Le claveciniste <\/span><span style=\"text-decoration: underline;\"><span style=\"color: #333399; text-decoration: underline;\">Jean RONDEAU<\/span><\/span> sera lui en concert le 1er f\u00e9vrier, accompagn\u00e9 de percussions orientales et du luthiste Thomas Dunford. Un grand artiste, que nous avions\u00a0pu\u00a0admirer, au clavecin et au piano, avec de nombreuses improvisations, \u00e0 Richebourg en mars 2016.<\/strong><\/h4>\n<div id=\"attachment_14404\" style=\"width: 263px\" class=\"wp-caption alignleft\"><img loading=\"lazy\" decoding=\"async\" aria-describedby=\"caption-attachment-14404\" class=\"wp-image-14404\" src=\"https:\/\/ritmy.fr\/essais\/wp-content\/uploads\/2016\/06\/Soulard-Pidoux-Chlo\u00e9-Verdier.jpg\" alt=\"\" width=\"263\" height=\"320\" srcset=\"https:\/\/ritmy.fr\/essais\/wp-content\/uploads\/2016\/06\/Soulard-Pidoux-Chlo\u00e9-Verdier.jpg 480w, https:\/\/ritmy.fr\/essais\/wp-content\/uploads\/2016\/06\/Soulard-Pidoux-Chlo\u00e9-Verdier-247x300.jpg 247w\" sizes=\"auto, (max-width: 263px) 100vw, 263px\" \/><p id=\"caption-attachment-14404\" class=\"wp-caption-text\">Rapha\u00ebl PIDOUX et Elodie SOULARD<\/p><\/div>\n<h4><\/h4>\n<h4 style=\"text-align: justify;\"><strong>Le violoncelliste <span style=\"text-decoration: underline; color: #333399;\">Rapha\u00ebl PIDOUX<\/span> et l&rsquo;accord\u00e9oniste <span style=\"text-decoration: underline; color: #333399;\">Elodie SOULARD<\/span>, que nous avons re\u00e7us \u00e0 Houdan en octobre 2016, seront \u00e0 Nantes, mais ne joueront pas ensemble cette fois.<\/strong><\/h4>\n<h4 style=\"text-align: justify;\"><strong><span style=\"color: #333399;\">Rapha\u00ebl PIDOUX<\/span> jouera avec le Trio Wanderer bien s\u00fbr, mais aussi \u00e0 2 reprises avec l&rsquo;Ensemble Stradivaria.<\/strong><\/h4>\n<h4 style=\"text-align: justify;\"><span style=\"color: #008000; text-decoration: underline;\"><strong>Il sera en direct\u00a0<\/strong><\/span><span style=\"color: #008000; text-decoration: underline;\"><strong>sur France Musique\u00a0<\/strong><\/span><strong><span style=\"color: #008000;\"><u>avec le Trio Wanderer le samedi 3 f\u00e9vrier \u00e0 12h30 (au programme le tr\u00e8s\u00a0beau Trio &lsquo;Dumky&rsquo; de Dvorak).<\/u><\/span><\/strong><\/h4>\n<h4 style=\"text-align: justify;\"><strong><span style=\"color: #333399;\">Elodie SOULARD<\/span> se produira en duo avec la violoniste Amanda Favier le 1er f\u00e9vrier.<\/strong><\/h4>\n<p>&nbsp;<\/p>\n<p>&nbsp;<\/p>\n<h4 style=\"text-align: justify;\"><strong>L&rsquo;<span style=\"text-decoration: underline;\"><span style=\"color: #333399; text-decoration: underline;\">Ensemble MESSIAEN<\/span><\/span> se\u00a0produira \u00e0 pas moins de 4 reprises les 2, 3 et 4 f\u00e9vrier. Le samedi 3, ils joueront le <em>\u00ab\u00a0Quatuor pour la fin du temps\u00a0\u00bb<\/em>, le\u00a0<\/strong><strong>chef-d&rsquo;\u0153uvre\u00a0<\/strong><strong>d&rsquo;Olivier Messiaen, qu&rsquo;ils nous\u00a0avaient magistralement\u00a0<\/strong><b>interpr\u00e9t\u00e9 \u00e0 Neauphle-le-Ch\u00e2teau en octobre 2015. Un grand moment d&rsquo;\u00e9motion pour le public pr\u00e9sent&#8230; Bonne nouvelle, ils l&rsquo;ont r\u00e9cemment enregistr\u00e9, et le disque sortira en septembre prochain !\u00a0<\/b><\/h4>\n<div id=\"attachment_12732\" style=\"width: 450px\" class=\"wp-caption aligncenter\"><img loading=\"lazy\" decoding=\"async\" aria-describedby=\"caption-attachment-12732\" class=\"wp-image-12732\" src=\"https:\/\/ritmy.fr\/essais\/wp-content\/uploads\/2015\/09\/Ensemble_Messiaen_Claude_Doar\u00e9.jpg\" alt=\"\" width=\"450\" height=\"300\" srcset=\"https:\/\/ritmy.fr\/essais\/wp-content\/uploads\/2015\/09\/Ensemble_Messiaen_Claude_Doar\u00e9.jpg 1600w, https:\/\/ritmy.fr\/essais\/wp-content\/uploads\/2015\/09\/Ensemble_Messiaen_Claude_Doar\u00e9-300x200.jpg 300w, https:\/\/ritmy.fr\/essais\/wp-content\/uploads\/2015\/09\/Ensemble_Messiaen_Claude_Doar\u00e9-1024x682.jpg 1024w\" sizes=\"auto, (max-width: 450px) 100vw, 450px\" \/><p id=\"caption-attachment-12732\" class=\"wp-caption-text\">L&rsquo; Ensemble MESSIAEN (photo Claude Doar\u00e9)<\/p><\/div>\n<h5><strong>Nous vous rappelons que l&rsquo;Ensemble est compos\u00e9 de\u00a0Rapha\u00ebl S\u00e9v\u00e8re \u00e0 la clarinette,\u00a0Th\u00e9o Fouchenneret au piano,\u00a0David Petrlik au violon, et\u00a0Volodia van Keulen au violoncelle.<\/strong><\/h5>\n<h4><span style=\"text-decoration: underline;\"><span style=\"color: #008000; text-decoration: underline;\"><strong>Ce concert sera donn\u00e9 en direct sur France Musique le samedi 3 f\u00e9vrier \u00e0 10h45.<\/strong><\/span><\/span><\/h4>\n<h4 style=\"text-align: justify;\"><strong>Le\u00a0clarinettiste\u00a0<span style=\"text-decoration: underline;\"><span style=\"color: #333399; text-decoration: underline;\">Rapha\u00ebl S\u00c9V\u00c8RE<\/span><\/span>\u00a0d\u00e9laissera ses 3 comp\u00e8res pour 3 autres concerts sur ces m\u00eames journ\u00e9es, accompagn\u00e9 du\u00a0<\/strong><strong>Sinfonia Varsovia et du Quatuor Modigliani.<\/strong><\/h4>\n<h4><span style=\"text-decoration: underline;\"><span style=\"color: #008000; text-decoration: underline;\"><strong>Il sera invit\u00e9 dans l&rsquo;\u00e9mission de Fr\u00e9d\u00e9ric Lod\u00e9on vendredi apr\u00e8s-midi 2 f\u00e9vrier sur France-Musique (de 16h00 \u00e0 18h00).<\/strong><\/span><\/span><\/h4>\n<h4><span style=\"text-decoration: underline;\"><span style=\"color: #008000; text-decoration: underline;\"><strong>Et son concert avec le Quatuor Modigliani sera lui retransmis en direct le samedi 3 f\u00e9vrier \u00e0 15h30.<\/strong><\/span><\/span><\/h4>\n<h4><strong>Et des pianistes que nous avons re\u00e7us, \u00e0 plusieurs reprises pour certains, seront \u00e0 nouveau \u00e0 Nantes, car ce sont aussi des habitu\u00e9s de &lsquo;La Folle Journ\u00e9e&rsquo; :\u00a0<\/strong><\/h4>\n<div id=\"attachment_2411\" style=\"width: 340px\" class=\"wp-caption alignright\"><img loading=\"lazy\" decoding=\"async\" aria-describedby=\"caption-attachment-2411\" class=\"wp-image-2411\" src=\"https:\/\/ritmy.fr\/essais\/wp-content\/uploads\/2011\/03\/Concert-RITMY-Shani-DILUKA-GP1.jpg\" alt=\"\" width=\"340\" height=\"226\" srcset=\"https:\/\/ritmy.fr\/essais\/wp-content\/uploads\/2011\/03\/Concert-RITMY-Shani-DILUKA-GP1.jpg 480w, https:\/\/ritmy.fr\/essais\/wp-content\/uploads\/2011\/03\/Concert-RITMY-Shani-DILUKA-GP1-300x199.jpg 300w\" sizes=\"auto, (max-width: 340px) 100vw, 340px\" \/><p id=\"caption-attachment-2411\" class=\"wp-caption-text\">Shani DILUKA, en mars 2011 \u00e0 M\u00e9r\u00e9<\/p><\/div>\n<p>&nbsp;<\/p>\n<h4><strong><span style=\"text-decoration: underline;\"><span style=\"color: #333399; text-decoration: underline;\">Shani DILUKA<\/span><\/span> s&rsquo;est produite en r\u00e9cital pour Ritmy en f\u00e9vrier 2007 \u00e0 Orgerus, et en mars 2011 \u00e0 M\u00e9r\u00e9, avec un beau succ\u00e8s.<\/strong><\/h4>\n<h4><\/h4>\n<h4><strong>Elle donnera 2 r\u00e9citals, dont un (le 1er f\u00e9vrier) avec des oeuvres de compositeurs am\u00e9ricains.<\/strong><\/h4>\n<p>&nbsp;<\/p>\n<p>&nbsp;<\/p>\n<p>&nbsp;<\/p>\n<h4 style=\"text-align: justify;\"><strong><span style=\"text-decoration: underline;\"><span style=\"color: #333399; text-decoration: underline;\">Abdel Rahman\u00a0<\/span><span style=\"color: #333399; text-decoration: underline;\">EL BACHA<\/span><\/span>\u00a0est un autre habitu\u00e9 de Ritmy, il s&rsquo;est produit pas moins de 6 fois pour nous ! La premi\u00e8re c&rsquo;\u00e9tait en 1989 lors de la 1\u00e8re Saison Musicale, puis en 1993, 1996, 1999, 2003, et enfin en 2009 pour les 20\u00b0 Saisons Musicales.\u00a0<\/strong><\/h4>\n<h4 style=\"text-align: justify;\"><strong>Il se produira avec l&rsquo;Orchestre de Pau-Pays de B\u00e9arn, et donnera aussi 2 r\u00e9citals en solo.<\/strong><\/h4>\n<h4 style=\"text-align: justify;\"><strong><span style=\"text-decoration: underline;\"><span style=\"color: #333399; text-decoration: underline;\">Boris BEREZOVSKY,<\/span><\/span>\u00a0le grand pianiste russe, que l&rsquo;on avait pu entendre pour Ritmy avec l&rsquo;Orchestre National d&rsquo;Ile-de-France en f\u00e9vrier 2004 \u00e0 Beynes, se\u00a0produira \u00e0 3 reprises \u00e0 Nantes.<\/strong><\/h4>\n<h4><span style=\"text-decoration: underline; color: #008000;\"><strong>Sa &lsquo;carte blanche&rsquo; sera retransmise en direct sur France Musique le samedi 3 f\u00e9vrier \u00e0 18h45.<\/strong><\/span><\/h4>\n<h4 style=\"text-align: center;\"><span style=\"color: #333333;\"><strong>**********<\/strong><\/span><\/h4>\n<h4><span style=\"color: #008000;\"><strong>Pour obtenir le <span style=\"text-decoration: underline;\">programme<\/span> absolument impressionnant de &lsquo;La Folle Journ\u00e9e&rsquo; 2018, voici l&rsquo;adresse du site internet :\u00a0<em><span style=\"text-decoration: underline;\"><a href=\"http:\/\/www.follejournee.fr\/fr\/page\/theme-2018\" target=\"_blank\" rel=\"noopener\">http:\/\/www.follejournee.fr\/fr\/page\/theme-2018<\/a><\/span><\/em><\/strong><\/span><\/h4>\n<h4><\/h4>\n<h4><span style=\"color: #008000;\"><strong>Sur <span style=\"text-decoration: underline;\">FRANCE MUSIQUE<\/span>, <span style=\"text-decoration: underline;\">journ\u00e9e sp\u00e9ciale\u00a0<\/span><\/strong><\/span><span style=\"color: #008000;\"><strong><span style=\"text-decoration: underline;\">le samedi 3 f\u00e9vrier<\/span>,\u00a0<\/strong><\/span><span style=\"color: #008000;\"><strong>avec de nombreuses retransmissions de concerts en direct.<\/strong><\/span><\/h4>\n<h4><span style=\"color: #ff0000;\"><strong><span style=\"text-decoration: underline;\">On peut r\u00e9\u00e9couter toutes les \u00e9missions sans limite de date sur le site<\/span> :<\/strong>\u00a0<\/span><a href=\"https:\/\/www.francemusique.fr\/programmes\/2018-02-03\" target=\"_blank\" rel=\"noopener\"><span style=\"text-decoration: underline;\"><em><strong>https:\/\/www.francemusique.fr\/programmes\/2018-02-03<\/strong><\/em><\/span><\/a><\/h4>\n<p>&nbsp;<\/p>\n<h4><span style=\"text-decoration: underline; color: #008000;\"><strong>Sur ARTE, concert de cl\u00f4ture le Dimanche 4 f\u00e9vrier \u00e0 17h37.<\/strong><\/span><\/h4>\n<h4 style=\"text-align: justify;\"><span style=\"color: #008000;\">Hommage vibrant aux musiques de l&rsquo;exil, le <strong><span style=\"text-decoration: underline;\">concert de cl\u00f4ture<\/span> de &lsquo;La Folle Journ\u00e9e&rsquo; 2018<\/strong> fera r\u00e9sonner des oeuvres de Rachmaninov, Bloch, Dvor\u00e1k et Verdi, interpr\u00e9t\u00e9es par le violoncelliste <span style=\"color: #333399;\"><strong>Victor Julien-Laferri\u00e8re<\/strong><span style=\"color: #008000;\">, et\u00a0<\/span><\/span><\/span><span style=\"color: #008000;\">le pianiste russe\u00a0<strong>Denis Matsuev.<\/strong><\/span><\/h4>\n<h4 style=\"text-align: justify;\"><span style=\"color: #008000;\">Au programme : \u00abLe Chant des oiseaux\u00bb, de Pablo Casals ;<\/span><\/h4>\n<h4 style=\"text-align: justify;\"><span style=\"color: #008000;\">\u00abPri\u00e8re pour violoncelle et orchestre\u00bb, d&rsquo;Ernest Bloch ;\u00a0<\/span><span style=\"color: #008000;\">\u00abRhapsodie sur un th\u00e8me de Paganini\u00bb, de Rachmaninov ; \u00a0\u00abSymphonie du Nouveau Monde\u00bb, final, de Dvor\u00e1k ; \u00abVa pensiero\u00bb, extrait de \u00abNabucco\u00bb, de Verdi.<\/span><\/h4>\n<h4><span style=\"color: #008000;\">A revoir sur <a href=\"https:\/\/www.arte.tv\/fr\/videos\/079455-001-A\/la-folle-journee-2018\/\" target=\"_blank\" rel=\"noopener\"><strong><em><span style=\"text-decoration: underline;\">www.arte.tv<\/span><\/em><\/strong><\/a><\/span><\/h4>\n<h4 style=\"text-align: center;\"><span style=\"color: #333399;\"><strong>**********<\/strong><\/span><\/h4>\n<h3 style=\"text-align: justify;\"><span style=\"color: #333399;\"><strong>Une belle brochette d&rsquo;artistes donc&#8230; tous renomm\u00e9s, que nous avons eu la chance d&rsquo;accueillir lors des Saisons Musicales RITMY pass\u00e9es, et qui poursuivent une brillante carri\u00e8re.<\/strong><\/span><\/h3>\n<h3 style=\"text-align: justify;\"><span style=\"color: #333399;\"><strong>Les programmations de RITMY sont toujours de grande qualit\u00e9, vous pouvez le constater encore une fois ici !<\/strong><\/span><\/h3>\n<h3 style=\"text-align: justify;\"><span style=\"color: #ff0000;\"><strong>Nous vous donnons rendez-vous pour les 2 derniers concerts des 28\u00b0 Saisons Musicales RITMY :<\/strong><\/span><\/h3>\n<ul>\n<li style=\"text-align: justify;\">\n<h3><span style=\"color: #ff0000;\"><strong><span style=\"text-decoration: underline;\">le dimanche 11 mars \u00e0 17h. \u00e0 Richebourg, avec le superbe Quatuor de percussions &lsquo;BEAT&rsquo;<\/span><\/strong><\/span><\/h3>\n<\/li>\n<li style=\"text-align: justify;\">\n<h3><span style=\"color: #ff0000;\"><strong>et pour conclure, <span style=\"text-decoration: underline;\">l&rsquo;Ensemble baroque &lsquo;IL FESTINO&rsquo; nous entra\u00eenera dans l&rsquo;Europe Galante du XVII\u00b0 si\u00e8cle, ce sera \u00e0 Houdan le dimanche 25 mars \u00e0 17h.<\/span><\/strong><\/span><\/h3>\n<\/li>\n<\/ul>\n<h3><span style=\"color: #ff0000;\">\u00a0<\/span><\/h3>\n<h3 style=\"text-align: justify;\"><span style=\"color: #ff0000;\"><strong>Vous trouverez tous les d\u00e9tails sur ces 2 concerts ici dans notre site.<\/strong><\/span><\/h3>\n<p>&nbsp;<\/p>\n<h1 style=\"text-align: center;\"><em><span style=\"color: #ff0000;\"><strong>A bient\u00f4t lors de nos prochains concerts RITMY !<\/strong><\/span><\/em><\/h1>\n<p>&nbsp;<\/p>\n<hr \/>\n<h5>Si vous souhaitez r\u00e9agir, nous faire des remarques ou suggestions, commenter ou signaler un \u00e9v\u00e9nement dans les Yvelines \u2026 l\u2019adresse courriel de\u00a0<strong>RITMY<\/strong>\u00a0est faite pour vous !<\/h5>\n<p style=\"text-align: center;\"><a href=\"mailto:contact.ritmy@gmail.com\"><strong>contact.ritmy@gmail.com<\/strong><\/a><\/p>\n<p>&nbsp;<\/p>\n","protected":false},"excerpt":{"rendered":"<p>Nous sommes fiers de voir que nombre d&rsquo;artistes invit\u00e9s par RITMY se produiront \u00e0 &lsquo;La Folle Journ\u00e9e&rsquo; de Nantes cette ann\u00e9e 2018 ! \u00a0Mais ces derni\u00e8res ann\u00e9es c&rsquo;\u00e9tait d\u00e9j\u00e0\u00a0le cas&#8230; &lsquo;La Folle Journ\u00e9e&rsquo; de Nantes,\u00a0un \u00e9v\u00e9nement musical incontournable que l&rsquo;on conna\u00eet bien maintenant, cr\u00e9\u00e9 en 1995, et qui s&rsquo;exporte m\u00eame au Japon, en Pologne et &hellip; <\/p>\n<p><a class=\"more-link btn\" href=\"https:\/\/ritmy.fr\/essais\/artistes-ritmy-a-la-folle-journee-2018\/\">Lire la suite<\/a><\/p>\n","protected":false},"author":3,"featured_media":0,"comment_status":"closed","ping_status":"closed","sticky":false,"template":"","format":"standard","meta":{"footnotes":""},"categories":[3,4,6,1],"tags":[97,210,298,261,225,114,157,299,98,221,156,160,96,222,237],"class_list":["post-17545","post","type-post","status-publish","format-standard","hentry","category-les-oeuvres","category-concerts","category-les-musiciens","category-ritmy","tag-diluka","tag-el-bacha","tag-folle-journee","tag-julien-laferriere","tag-laferriere","tag-laloum","tag-messiaen","tag-mi-sa","tag-nantes","tag-pidoux","tag-rondeau","tag-severe","tag-shani","tag-soulard","tag-yang","nodate","item-wrap"],"_links":{"self":[{"href":"https:\/\/ritmy.fr\/essais\/wp-json\/wp\/v2\/posts\/17545","targetHints":{"allow":["GET"]}}],"collection":[{"href":"https:\/\/ritmy.fr\/essais\/wp-json\/wp\/v2\/posts"}],"about":[{"href":"https:\/\/ritmy.fr\/essais\/wp-json\/wp\/v2\/types\/post"}],"author":[{"embeddable":true,"href":"https:\/\/ritmy.fr\/essais\/wp-json\/wp\/v2\/users\/3"}],"replies":[{"embeddable":true,"href":"https:\/\/ritmy.fr\/essais\/wp-json\/wp\/v2\/comments?post=17545"}],"version-history":[{"count":80,"href":"https:\/\/ritmy.fr\/essais\/wp-json\/wp\/v2\/posts\/17545\/revisions"}],"predecessor-version":[{"id":17686,"href":"https:\/\/ritmy.fr\/essais\/wp-json\/wp\/v2\/posts\/17545\/revisions\/17686"}],"wp:attachment":[{"href":"https:\/\/ritmy.fr\/essais\/wp-json\/wp\/v2\/media?parent=17545"}],"wp:term":[{"taxonomy":"category","embeddable":true,"href":"https:\/\/ritmy.fr\/essais\/wp-json\/wp\/v2\/categories?post=17545"},{"taxonomy":"post_tag","embeddable":true,"href":"https:\/\/ritmy.fr\/essais\/wp-json\/wp\/v2\/tags?post=17545"}],"curies":[{"name":"wp","href":"https:\/\/api.w.org\/{rel}","templated":true}]}}