{"id":17286,"date":"2017-12-08T14:38:38","date_gmt":"2017-12-08T13:38:38","guid":{"rendered":"http:\/\/ritmy.fr\/essais\/?p=17286"},"modified":"2018-02-26T09:52:37","modified_gmt":"2018-02-26T08:52:37","slug":"concert-a-montfort","status":"publish","type":"post","link":"https:\/\/ritmy.fr\/essais\/concert-a-montfort\/","title":{"rendered":"Concert Symphonique \u00e0 Montfort-L&rsquo;Amaury, le Mardi 19 d\u00e9cembre 20h."},"content":{"rendered":"<h1 style=\"text-align: center;\"><span style=\"color: #333399;\"><strong>Concert Symphonique, avec un programme MOZART et HAYDN<\/strong><\/span><\/h1>\n<h2 style=\"text-align: center;\"><span style=\"color: #333399;\"><em><strong>\u00e0 MONTFORT-L&rsquo;AMAURY,\u00a0<\/strong><\/em><em><strong>le Mardi 19 d\u00e9cembre 2017,<\/strong><\/em><\/span><\/h2>\n<h2 style=\"text-align: center;\"><span style=\"color: #333399;\"><em><strong> \u00e0 20h00,<\/strong><\/em><\/span><span style=\"color: #333399;\"><em><strong> Eglise St-Pierre<\/strong><\/em><\/span><\/h2>\n<div>\n<div dir=\"ltr\">\n<div>\n<h4 style=\"text-align: justify;\"><strong>L&rsquo;orchestre du Conservatoire \u00e0 Rayonnement R\u00e9gional (CRR) de Rueil Malmaison donnera un\u00a0concert\u00a0exceptionnel MOZART-HAYDN, au profit de\u00a0l&rsquo;association humanitaire &lsquo;Plan\u00e8te Coeur&rsquo; :<\/strong><\/h4>\n<\/div>\n<h4 style=\"padding-left: 30px;\"><strong>&#8211; MOZART :<\/strong><\/h4>\n<h4 style=\"padding-left: 60px;\"><strong>&#8211; Ouverture de l&rsquo;op\u00e9ra Idom\u00e9n\u00e9e\u00a0K 366<\/strong><\/h4>\n<h4 style=\"padding-left: 60px;\"><strong>&#8211; Concerto n\u00b03 pour Cor et Orchestre\u00a0K 447<\/strong><\/h4>\n<h4 style=\"padding-left: 30px;\"><strong>&#8211; HAYDN :\u00a0<\/strong><\/h4>\n<h4 style=\"padding-left: 60px;\"><strong>\u00a0&#8211; Symphonie n\u00b0 101 dite \u00ab\u00a0l&rsquo;horloge\u00a0\u00bb en r\u00e9 majeur (qui doit son nom au rythme \u00ab\u00a0tic-tac\u00a0\u00bb \u00a0d&rsquo;une pendule)<\/strong><strong>\u00a0<\/strong><\/h4>\n<p>&nbsp;<\/p>\n<div>\n<p><img loading=\"lazy\" decoding=\"async\" class=\"aligncenter wp-image-17290\" src=\"https:\/\/ritmy.fr\/essais\/wp-content\/uploads\/2017\/12\/Affiche-Montfort-2017.jpeg\" alt=\"\" width=\"368\" height=\"490\" srcset=\"https:\/\/ritmy.fr\/essais\/wp-content\/uploads\/2017\/12\/Affiche-Montfort-2017.jpeg 750w, https:\/\/ritmy.fr\/essais\/wp-content\/uploads\/2017\/12\/Affiche-Montfort-2017-225x300.jpeg 225w\" sizes=\"auto, (max-width: 368px) 100vw, 368px\" \/><\/p>\n<h4><strong>Trente cinq musiciens<\/strong><span class=\"m_-841220988137189470m_-8353985327761965986m_-1982669110772522691Apple-converted-space\">\u00a0<strong>seront\u00a0<\/strong><\/span><strong>dirig\u00e9s par <span style=\"text-decoration: underline;\">Jean-Luc Tourret<\/span>, directeur du CRR.<\/strong><\/h4>\n<div id=\"attachment_15186\" style=\"width: 475px\" class=\"wp-caption aligncenter\"><img loading=\"lazy\" decoding=\"async\" aria-describedby=\"caption-attachment-15186\" class=\"wp-image-15186\" src=\"https:\/\/ritmy.fr\/essais\/wp-content\/uploads\/2016\/12\/crr-conservatoire-rueil-4-mini.jpg\" alt=\"Concert symphonique\" width=\"475\" height=\"316\" srcset=\"https:\/\/ritmy.fr\/essais\/wp-content\/uploads\/2016\/12\/crr-conservatoire-rueil-4-mini.jpg 618w, https:\/\/ritmy.fr\/essais\/wp-content\/uploads\/2016\/12\/crr-conservatoire-rueil-4-mini-300x200.jpg 300w\" sizes=\"auto, (max-width: 475px) 100vw, 475px\" \/><p id=\"caption-attachment-15186\" class=\"wp-caption-text\">L&rsquo;orchestre, sous la direction de Jean-Luc Tourret, directeur du CRR<span style=\"color: #333333; font-family: 'Pontano Sans', arial, sans-serif; font-size: 16px;\">\u00a0<\/span><\/p><\/div>\n<\/div>\n<\/div>\n<\/div>\n<div>\n<div dir=\"ltr\">\n<div>\n<div>\n<div>\n<h3 style=\"text-align: justify;\"><span style=\"color: #ff0000;\"><strong>Ce concert est organis\u00e9 par<span class=\"m_-841220988137189470m_-8353985327761965986m_-1982669110772522691Apple-converted-space\">\u00a0<\/span><span style=\"text-decoration: underline;\"><em><a style=\"color: #ff0000; text-decoration: underline;\" href=\"http:\/\/www.planetecoeur.org\" target=\"_blank\" rel=\"noopener\">Plan\u00e8te C\u0153ur<\/a><\/em><\/span>\u00a0 (\u0153uvre\u00a0du<span class=\"m_-841220988137189470m_-8353985327761965986m_-1982669110772522691Apple-converted-space\">\u00a0<\/span>P. Paul Augustin SINC\u00c8RE).<\/strong><\/span><\/h3>\n<\/div>\n<\/div>\n<h5><strong>Plein tarif : 15 \u20ac par personne<\/strong><br \/>\n<strong>Tarif r\u00e9duit : 10 \u20ac par personne pour les ch\u00f4meurs, jeunes, et tout groupe de 3 personnes et plus \u00a0<\/strong>(autrement dit, 2 places achet\u00e9es, la<span class=\"m_-841220988137189470m_-8353985327761965986m_-1982669110772522691Apple-converted-space\">\u00a0<\/span><strong>troisi\u00e8me\u00a0gratuite\u00a0<\/strong>pour un enfant, un voisin ou un ami !)<\/h5>\n<h4><span style=\"color: #333333;\"><strong>Pour choisir au plus vite votre place num\u00e9rot\u00e9e,\u00a0<\/strong><span style=\"text-decoration: underline;\"><strong>r\u00e9servation vivement recommand\u00e9e<\/strong><\/span>\u00a0:\u00a0<\/span><span style=\"text-decoration: underline;\"><em><a href=\"http:\/\/www.planetecoeur.org\" target=\"_blank\" rel=\"noopener\">www.planetecoeur.org<\/a><\/em><\/span><\/h4>\n<h4><strong>Cl\u00f4ture des inscriptions, lundi 18 d\u00e9cembre \u00e0 minuit.<\/strong><\/h4>\n<h4><\/h4>\n<h3 style=\"text-align: justify;\"><span style=\"color: #333399;\"><strong>Un tr\u00e8s bel \u00e9v\u00e9nement musical au profit d&rsquo;une bonne oeuvre, \u00e0 ne pas manquer<span class=\"m_-841220988137189470m_-8353985327761965986m_-1982669110772522691Apple-converted-space\">\u00a0<\/span>!<\/strong><\/span><\/h3>\n<\/div>\n<\/div>\n<\/div>\n<h5><strong>La commune de Montfort recommande le stationnement sur la place du Palais.<\/strong><\/h5>\n<p>&nbsp;<\/p>\n<div>\n<div dir=\"ltr\">\n<p><img loading=\"lazy\" decoding=\"async\" class=\"wp-image-15191 alignleft\" src=\"https:\/\/ritmy.fr\/essais\/wp-content\/uploads\/2016\/12\/Logo_Planete_Coeur_8192px_Alpha-1.png\" alt=\"logo_planete_coeur_8192px_alpha-1\" width=\"172\" height=\"172\" srcset=\"https:\/\/ritmy.fr\/essais\/wp-content\/uploads\/2016\/12\/Logo_Planete_Coeur_8192px_Alpha-1.png 1000w, https:\/\/ritmy.fr\/essais\/wp-content\/uploads\/2016\/12\/Logo_Planete_Coeur_8192px_Alpha-1-140x140.png 140w, https:\/\/ritmy.fr\/essais\/wp-content\/uploads\/2016\/12\/Logo_Planete_Coeur_8192px_Alpha-1-300x300.png 300w, https:\/\/ritmy.fr\/essais\/wp-content\/uploads\/2016\/12\/Logo_Planete_Coeur_8192px_Alpha-1-768x768.png 768w\" sizes=\"auto, (max-width: 172px) 100vw, 172px\" \/><\/p>\n<\/div>\n<\/div>\n<h3 style=\"text-align: center;\"><span style=\"color: #ff0000;\"><em><strong>PLANETE COEUR<\/strong><\/em><\/span><\/h3>\n<h3 style=\"text-align: center;\"><span style=\"color: #ff0000;\"><em><strong>Association d&rsquo;aide humanitaire des Yvelines<\/strong><\/em><\/span><\/h3>\n<div>\n<h4 style=\"text-align: center;\"><span style=\"text-decoration: underline;\"><em><a href=\"http:\/\/www.planetecoeur.org\" target=\"_blank\" rel=\"noopener\">www.planetecoeur.org<\/a><\/em><\/span><\/h4>\n<\/div>\n<div><\/div>\n<div><\/div>\n<div><\/div>\n<div><\/div>\n","protected":false},"excerpt":{"rendered":"<p>Concert Symphonique, avec un programme MOZART et HAYDN \u00e0 MONTFORT-L&rsquo;AMAURY,\u00a0le Mardi 19 d\u00e9cembre 2017, \u00e0 20h00, Eglise St-Pierre L&rsquo;orchestre du Conservatoire \u00e0 Rayonnement R\u00e9gional (CRR) de Rueil Malmaison donnera un\u00a0concert\u00a0exceptionnel MOZART-HAYDN, au profit de\u00a0l&rsquo;association humanitaire &lsquo;Plan\u00e8te Coeur&rsquo; : &#8211; MOZART : &#8211; Ouverture de l&rsquo;op\u00e9ra Idom\u00e9n\u00e9e\u00a0K 366 &#8211; Concerto n\u00b03 pour Cor et Orchestre\u00a0K 447 &hellip; <\/p>\n<p><a class=\"more-link btn\" href=\"https:\/\/ritmy.fr\/essais\/concert-a-montfort\/\">Lire la suite<\/a><\/p>\n","protected":false},"author":3,"featured_media":0,"comment_status":"closed","ping_status":"closed","sticky":false,"template":"","format":"standard","meta":{"footnotes":""},"categories":[4,5,7,1],"tags":[],"class_list":["post-17286","post","type-post","status-publish","format-standard","hentry","category-concerts","category-dans-les-yvelines","category-manifestations","category-ritmy","nodate","item-wrap"],"_links":{"self":[{"href":"https:\/\/ritmy.fr\/essais\/wp-json\/wp\/v2\/posts\/17286","targetHints":{"allow":["GET"]}}],"collection":[{"href":"https:\/\/ritmy.fr\/essais\/wp-json\/wp\/v2\/posts"}],"about":[{"href":"https:\/\/ritmy.fr\/essais\/wp-json\/wp\/v2\/types\/post"}],"author":[{"embeddable":true,"href":"https:\/\/ritmy.fr\/essais\/wp-json\/wp\/v2\/users\/3"}],"replies":[{"embeddable":true,"href":"https:\/\/ritmy.fr\/essais\/wp-json\/wp\/v2\/comments?post=17286"}],"version-history":[{"count":17,"href":"https:\/\/ritmy.fr\/essais\/wp-json\/wp\/v2\/posts\/17286\/revisions"}],"predecessor-version":[{"id":19137,"href":"https:\/\/ritmy.fr\/essais\/wp-json\/wp\/v2\/posts\/17286\/revisions\/19137"}],"wp:attachment":[{"href":"https:\/\/ritmy.fr\/essais\/wp-json\/wp\/v2\/media?parent=17286"}],"wp:term":[{"taxonomy":"category","embeddable":true,"href":"https:\/\/ritmy.fr\/essais\/wp-json\/wp\/v2\/categories?post=17286"},{"taxonomy":"post_tag","embeddable":true,"href":"https:\/\/ritmy.fr\/essais\/wp-json\/wp\/v2\/tags?post=17286"}],"curies":[{"name":"wp","href":"https:\/\/api.w.org\/{rel}","templated":true}]}}